{"id":413,"date":"2013-03-21T18:36:46","date_gmt":"2013-03-21T17:36:46","guid":{"rendered":"http:\/\/blogs.hoy.es\/lamiradaatenta\/?p=413"},"modified":"2013-03-21T18:36:46","modified_gmt":"2013-03-21T17:36:46","slug":"fotografiando-naturaleza-mucha-paciencia","status":"publish","type":"post","link":"https:\/\/blogs.hoy.es\/lamiradaatenta\/2013\/03\/21\/fotografiando-naturaleza-mucha-paciencia\/","title":{"rendered":"Fotograf\u00edando naturaleza: mucha paciencia"},"content":{"rendered":"<div id=\"attachment_416\" style=\"width: 610px\" class=\"wp-caption aligncenter\"><a href=\"https:\/\/blogs.hoy.es\/lamiradaatenta\/2013\/03\/21\/fotografiando-naturaleza-mucha-paciencia\/lobo-02-bajafeten\/\" rel=\"attachment wp-att-416\"><img aria-describedby=\"caption-attachment-416\" loading=\"lazy\" class=\"size-full wp-image-416\" title=\"Lobo criado en cautividad fotografiado en un centro de reproducci\u00f3n en Monroy (1992).\" src=\"\/lamiradaatenta\/wp-content\/uploads\/sites\/24\/2013\/03\/lobo-02-bajafeten.jpg\" alt=\"Lobo criado en cautividad fotografiado en un centro de reproducci\u00f3n en Monroy (1992).\" width=\"600\" height=\"383\" srcset=\"https:\/\/static-blogs.hoy.es\/wp-content\/uploads\/sites\/24\/2013\/03\/lobo-02-bajafeten.jpg 600w, https:\/\/static-blogs.hoy.es\/wp-content\/uploads\/sites\/24\/2013\/03\/lobo-02-bajafeten-150x96.jpg 150w, https:\/\/static-blogs.hoy.es\/wp-content\/uploads\/sites\/24\/2013\/03\/lobo-02-bajafeten-300x192.jpg 300w\" sizes=\"(max-width: 600px) 100vw, 600px\" \/><\/a><p id=\"caption-attachment-416\" class=\"wp-caption-text\">Lobo criado en cautividad fotografiado en un centro de reproducci\u00f3n en Monroy (1992).<\/p><\/div>\n<p>La <strong>Mirada Atenta de Lorenzo Cordero<\/strong> ha vuelto al campo, casi a la <strong>prehistoria de su carrera profesional<\/strong> porque el ojo de Cordero se estren\u00f3 como reportero fotografiando <strong>grullas<\/strong>, mientras colaboraba en los primeros censos de estas aves que se realizaron en Extremadura a principios del <strong>decenio de los 80<\/strong> con el impulso de la <a href=\"http:\/\/www.gobex.es\/gobex\/view\/main\/index\/index.php\" rel=\"external nofollow\">Junta de Extremadura<\/a> y <a href=\"http:\/\/www.adenex.org\/\" target=\"_blank\" rel=\"external nofollow\">Adenex<\/a>.<\/p>\n<p>Aunque su vieja c\u00e1mara se prend\u00f3 de la naturaleza, digamos que <strong>la vida le oblig\u00f3 a ampliar su mirada<\/strong>, y aprendi\u00f3 a abrirse paso en la niebla de las prisas y la agenda diaria de la actualidad. Persigui\u00f3 manifestantes, bullicios, penas, y momentos espectaculares. Mereci\u00f3 premios, hizo exposiciones, y se gan\u00f3 la vida como reportero de prensa.<!--more--><\/p>\n<p>Y ahora, justo cuando parec\u00eda que ya le quedaban pocas cosas por fotografiar en Extremadura, <strong>ha vuelto a mirar al campo<\/strong>, ha recordado c\u00f3mo se quedaba quieto durante horas, a veces hasta d\u00edas seguidos, hasta conseguir atrapar en su objetivo a los protagonistas que, a veces, no aparecen, o no se ponen en la posici\u00f3n deseada, o no se est\u00e1n quietos lo suficiente, o simplemente no se colocan a tiro del equipo fotogr\u00e1fico del cazador de im\u00e1genes de naturaleza.<\/p>\n<p>Durante varios meses, Cordero ha paseado por <a href=\"http:\/\/www.monfrague.com\/\" target=\"_blank\" rel=\"external nofollow\">Monfrag\u00fce<\/a> con su c\u00e1mara s\u00f3lo para darse cuenta de que apenas sabe nada de la fotograf\u00eda de campo, pero que le apasiona el reto de <strong>atrapar la belleza natural de los animales que se esconden de nosotros<\/strong>: de los buitres leonados, listos y recelosos, de los ciervos esquivos, de los pajaritos cuyos nombres y costumbres ha aprendido s\u00f3lo para poder fotografiarlos.<\/p>\n<p>Acostumbrado a esperar para coger la foto, la buena foto, su paciencia es en esta tarea su mejor aliada, y <strong>la paz que le va inundando el alma, su mejor trofeo<\/strong>.<\/p>\n<div id=\"attachment_417\" style=\"width: 610px\" class=\"wp-caption aligncenter\"><a href=\"https:\/\/blogs.hoy.es\/lamiradaatenta\/2013\/03\/21\/fotografiando-naturaleza-mucha-paciencia\/secuencia-ciervo-bajafeten\/\" rel=\"attachment wp-att-417\"><img aria-describedby=\"caption-attachment-417\" loading=\"lazy\" class=\"size-full wp-image-417\" title=\"Un ciervo en Monfrag\u00fce aliment\u00e1ndose de las hojas de los \u00e1rboles (2012).\" src=\"\/lamiradaatenta\/wp-content\/uploads\/sites\/24\/2013\/03\/SECUENCIA-CIERVO-bajafeten.jpg\" alt=\"Un ciervo en Monfrag\u00fce aliment\u00e1ndose de las hojas de los \u00e1rboles (2012).\" width=\"600\" height=\"293\" srcset=\"https:\/\/static-blogs.hoy.es\/wp-content\/uploads\/sites\/24\/2013\/03\/SECUENCIA-CIERVO-bajafeten.jpg 600w, https:\/\/static-blogs.hoy.es\/wp-content\/uploads\/sites\/24\/2013\/03\/SECUENCIA-CIERVO-bajafeten-150x73.jpg 150w, https:\/\/static-blogs.hoy.es\/wp-content\/uploads\/sites\/24\/2013\/03\/SECUENCIA-CIERVO-bajafeten-300x147.jpg 300w\" sizes=\"(max-width: 600px) 100vw, 600px\" \/><\/a><p id=\"caption-attachment-417\" class=\"wp-caption-text\">Un ciervo en Monfrag\u00fce aliment\u00e1ndose de las hojas de los \u00e1rboles (2012).<\/p><\/div>\n<p>En todo este tiempo ha realizado cientos de fotograf\u00edas que comparte con sus seguidores a trav\u00e9s de las <a href=\"https:\/\/www.facebook.com\/lorenzo.cordero.5?ref=ts&#038;fref=ts\" target=\"_blank\" rel=\"external nofollow\">redes sociales<\/a>. De las \u00fanicas de las que por ahora se siente orgulloso es la de los <strong>buitres leonados<\/strong> a los que fotografi\u00f3 comiendo las v\u00edsceras que hab\u00edan abandonado unos cazadores tras una monter\u00eda.<\/p>\n<p>Tard\u00f3 <strong>dos d\u00edas en conseguir las fotos<\/strong>, escondido bajo una lona de camuflaje. El primer d\u00eda pec\u00f3 de novato, y empez\u00f3 a hacer fotos nada m\u00e1s posarse el primer buitre. Tras el primer <strong>clic<\/strong>, el p\u00e1jaro levant\u00f3 el vuelo, temoroso, y todos los que ven\u00edan con \u00e9l hicieron lo mismo. El segundo d\u00eda esper\u00f3 a que empezaran a comer y a pelearse entre ellos para conseguir las mejores piezas. Aunque esper\u00f3 y esper\u00f3, s\u00f3lo consigui\u00f3 dos fotos buenas.<\/p>\n<div id=\"attachment_418\" style=\"width: 610px\" class=\"wp-caption aligncenter\"><a href=\"https:\/\/blogs.hoy.es\/lamiradaatenta\/2013\/03\/21\/fotografiando-naturaleza-mucha-paciencia\/loren_buitres-08feten\/\" rel=\"attachment wp-att-418\"><img aria-describedby=\"caption-attachment-418\" loading=\"lazy\" class=\"size-full wp-image-418\" title=\"Buitre leonado fotografiado en pleno vuelo (2012).\" src=\"\/lamiradaatenta\/wp-content\/uploads\/sites\/24\/2013\/03\/LOREN_BUITRES-08feten.jpg\" alt=\"Buitre leonado fotografiado en pleno vuelo (2012).\" width=\"600\" height=\"383\" srcset=\"https:\/\/static-blogs.hoy.es\/wp-content\/uploads\/sites\/24\/2013\/03\/LOREN_BUITRES-08feten.jpg 600w, https:\/\/static-blogs.hoy.es\/wp-content\/uploads\/sites\/24\/2013\/03\/LOREN_BUITRES-08feten-150x96.jpg 150w, https:\/\/static-blogs.hoy.es\/wp-content\/uploads\/sites\/24\/2013\/03\/LOREN_BUITRES-08feten-300x192.jpg 300w\" sizes=\"(max-width: 600px) 100vw, 600px\" \/><\/a><p id=\"caption-attachment-418\" class=\"wp-caption-text\">Buitre leonado fotografiado en pleno vuelo (2012).<\/p><\/div>\n<p>Mejor le fue con los buitres cuando cogi\u00f3 su c\u00e1mara y su objetivo de 300 F4, y se dedic\u00f3 a fotografiarles en pleno vuelo. En esos momentos, cuando se trata de captar con la c\u00e1mara algo que est\u00e1 muy bello, es cuando el fot\u00f3grafo de la naturaleza decide ahorrar para comprar un equipo mejor.<\/p>\n<p>Sus fotos fueron publicadas hace unos meses en el <a href=\"http:\/\/www.hoy.es\/\" target=\"_blank\" rel=\"external nofollow\">diario HOY<\/a> como un reportaje a todo color. El fruto de aquellos d\u00edas de trabajo pueden verse <a href=\"http:\/\/www.hoy.es\/multimedia\/fotos\/regional\/113477-buitre-leonado-vecino-escandaloso-0.html\" target=\"_blank\" rel=\"external nofollow\"><strong>AQUI<\/strong><\/a>.<\/p>\n<p>&nbsp;<\/p>\n<p>&nbsp;<\/p>\n<p>&nbsp;<\/p>\n<p>&nbsp;<\/p>\n<p>&nbsp;<\/p>\n<p>&nbsp;<\/p>\n<p>&nbsp;<\/p>\n<p>&nbsp;<\/p>\n<!-- AddThis Advanced Settings generic via filter on the_content --><!-- AddThis Share Buttons generic via filter on the_content -->","protected":false},"excerpt":{"rendered":"<p>La Mirada Atenta de Lorenzo Cordero ha vuelto al campo, casi a la prehistoria de su carrera profesional porque el ojo de Cordero se estren\u00f3 como reportero fotografiando grullas, mientras colaboraba en los primeros censos de estas aves que se realizaron en Extremadura a principios del decenio de los 80 con el impulso de la [&hellip;]<!-- AddThis Advanced Settings generic via filter on get_the_excerpt --><!-- AddThis Share Buttons generic via filter on get_the_excerpt --><\/p>\n","protected":false},"author":29,"featured_media":0,"comment_status":"open","ping_status":"closed","sticky":false,"template":"","format":"standard","meta":[],"categories":[2],"tags":[4,17,44,46,48,52,69,110,124,126,128,135,167,179,197,203,212,216,218,220,228,245,247,262,265,298],"_links":{"self":[{"href":"https:\/\/blogs.hoy.es\/lamiradaatenta\/wp-json\/wp\/v2\/posts\/413"}],"collection":[{"href":"https:\/\/blogs.hoy.es\/lamiradaatenta\/wp-json\/wp\/v2\/posts"}],"about":[{"href":"https:\/\/blogs.hoy.es\/lamiradaatenta\/wp-json\/wp\/v2\/types\/post"}],"author":[{"embeddable":true,"href":"https:\/\/blogs.hoy.es\/lamiradaatenta\/wp-json\/wp\/v2\/users\/29"}],"replies":[{"embeddable":true,"href":"https:\/\/blogs.hoy.es\/lamiradaatenta\/wp-json\/wp\/v2\/comments?post=413"}],"version-history":[{"count":0,"href":"https:\/\/blogs.hoy.es\/lamiradaatenta\/wp-json\/wp\/v2\/posts\/413\/revisions"}],"wp:attachment":[{"href":"https:\/\/blogs.hoy.es\/lamiradaatenta\/wp-json\/wp\/v2\/media?parent=413"}],"wp:term":[{"taxonomy":"category","embeddable":true,"href":"https:\/\/blogs.hoy.es\/lamiradaatenta\/wp-json\/wp\/v2\/categories?post=413"},{"taxonomy":"post_tag","embeddable":true,"href":"https:\/\/blogs.hoy.es\/lamiradaatenta\/wp-json\/wp\/v2\/tags?post=413"}],"curies":[{"name":"wp","href":"https:\/\/api.w.org\/{rel}","templated":true}]}}