{"id":44,"date":"2012-03-21T09:35:22","date_gmt":"2012-03-21T09:35:22","guid":{"rendered":"http:\/\/blogs.hoy.es\/lamiradaatenta\/?p=44"},"modified":"2012-03-21T09:35:22","modified_gmt":"2012-03-21T09:35:22","slug":"de-fiesta-universitaria","status":"publish","type":"post","link":"https:\/\/blogs.hoy.es\/lamiradaatenta\/2012\/03\/21\/de-fiesta-universitaria\/","title":{"rendered":"De fiesta universitaria"},"content":{"rendered":"<div id=\"attachment_45\" style=\"width: 601px\" class=\"wp-caption aligncenter\"><a href=\"https:\/\/blogs.hoy.es\/lamiradaatenta\/2012\/03\/21\/de-fiesta-universitaria\/attachment\/004\/\" rel=\"attachment wp-att-45\"><img aria-describedby=\"caption-attachment-45\" loading=\"lazy\" class=\"size-full wp-image-45\" title=\"La felicidad en una fiesta universitaria de C\u00e1ceres (2003).\" src=\"\/lamiradaatenta\/wp-content\/uploads\/sites\/24\/2012\/03\/004.jpg\" alt=\"La felicidad en una fiesta universitaria de C\u00e1ceres (2003).\" width=\"591\" height=\"422\" srcset=\"https:\/\/static-blogs.hoy.es\/wp-content\/uploads\/sites\/24\/2012\/03\/004.jpg 591w, https:\/\/static-blogs.hoy.es\/wp-content\/uploads\/sites\/24\/2012\/03\/004-150x107.jpg 150w, https:\/\/static-blogs.hoy.es\/wp-content\/uploads\/sites\/24\/2012\/03\/004-300x214.jpg 300w\" sizes=\"(max-width: 591px) 100vw, 591px\" \/><\/a><p id=\"caption-attachment-45\" class=\"wp-caption-text\">La felicidad en una fiesta universitaria de C\u00e1ceres (2003).<\/p><\/div>\n<p>La noche de C\u00e1ceres le debe muchas horas de alegr\u00eda a las fiestas universitarias. Pero no es lo mismo fotografiar el ambiente festivo, que saber celebrar con la c\u00e1mara la mirada c\u00f3mplice y p\u00edcara de los participantes en la fiesta juvenil de una discoteca de moda. Todos los que ven esta foto son capaces de vibrar durante un momento con la alegr\u00eda y el desparpajo de los j\u00f3venes universitarios que, en 2003, so\u00f1aban que su felicidad, ef\u00edmera, era para siempre.<\/p>\n<!-- AddThis Advanced Settings generic via filter on the_content --><!-- AddThis Share Buttons generic via filter on the_content -->","protected":false},"excerpt":{"rendered":"<p>La noche de C\u00e1ceres le debe muchas horas de alegr\u00eda a las fiestas universitarias. Pero no es lo mismo fotografiar el ambiente festivo, que saber celebrar con la c\u00e1mara la mirada c\u00f3mplice y p\u00edcara de los participantes en la fiesta juvenil de una discoteca de moda. Todos los que ven esta foto son capaces de [&hellip;]<!-- AddThis Advanced Settings generic via filter on get_the_excerpt --><!-- AddThis Share Buttons generic via filter on get_the_excerpt --><\/p>\n","protected":false},"author":29,"featured_media":0,"comment_status":"open","ping_status":"closed","sticky":false,"template":"","format":"standard","meta":[],"categories":[2],"tags":[8,34,119,124,126,179,210,229],"_links":{"self":[{"href":"https:\/\/blogs.hoy.es\/lamiradaatenta\/wp-json\/wp\/v2\/posts\/44"}],"collection":[{"href":"https:\/\/blogs.hoy.es\/lamiradaatenta\/wp-json\/wp\/v2\/posts"}],"about":[{"href":"https:\/\/blogs.hoy.es\/lamiradaatenta\/wp-json\/wp\/v2\/types\/post"}],"author":[{"embeddable":true,"href":"https:\/\/blogs.hoy.es\/lamiradaatenta\/wp-json\/wp\/v2\/users\/29"}],"replies":[{"embeddable":true,"href":"https:\/\/blogs.hoy.es\/lamiradaatenta\/wp-json\/wp\/v2\/comments?post=44"}],"version-history":[{"count":0,"href":"https:\/\/blogs.hoy.es\/lamiradaatenta\/wp-json\/wp\/v2\/posts\/44\/revisions"}],"wp:attachment":[{"href":"https:\/\/blogs.hoy.es\/lamiradaatenta\/wp-json\/wp\/v2\/media?parent=44"}],"wp:term":[{"taxonomy":"category","embeddable":true,"href":"https:\/\/blogs.hoy.es\/lamiradaatenta\/wp-json\/wp\/v2\/categories?post=44"},{"taxonomy":"post_tag","embeddable":true,"href":"https:\/\/blogs.hoy.es\/lamiradaatenta\/wp-json\/wp\/v2\/tags?post=44"}],"curies":[{"name":"wp","href":"https:\/\/api.w.org\/{rel}","templated":true}]}}