{"id":47,"date":"2012-03-22T09:09:58","date_gmt":"2012-03-22T09:09:58","guid":{"rendered":"http:\/\/blogs.hoy.es\/lamiradaatenta\/?p=47"},"modified":"2012-03-22T09:09:58","modified_gmt":"2012-03-22T09:09:58","slug":"crisis-permanente","status":"publish","type":"post","link":"https:\/\/blogs.hoy.es\/lamiradaatenta\/2012\/03\/22\/crisis-permanente\/","title":{"rendered":"Crisis permanente"},"content":{"rendered":"<div id=\"attachment_48\" style=\"width: 660px\" class=\"wp-caption aligncenter\"><a href=\"https:\/\/blogs.hoy.es\/lamiradaatenta\/2012\/03\/22\/crisis-permanente\/attachment\/025\/\" rel=\"attachment wp-att-48\"><img aria-describedby=\"caption-attachment-48\" loading=\"lazy\" class=\"size-large wp-image-48\" title=\"En 2004 nadie hablaba de crisis, pero s\u00ed hab\u00eda mendigos.\" src=\"\/lamiradaatenta\/wp-content\/uploads\/sites\/24\/2012\/03\/025.jpg\" alt=\"En 2004 nadie hablaba de crisis, pero s\u00ed hab\u00eda mendigos.\" width=\"650\" height=\"464\" srcset=\"https:\/\/static-blogs.hoy.es\/wp-content\/uploads\/sites\/24\/2012\/03\/025.jpg 787w, https:\/\/static-blogs.hoy.es\/wp-content\/uploads\/sites\/24\/2012\/03\/025-150x107.jpg 150w, https:\/\/static-blogs.hoy.es\/wp-content\/uploads\/sites\/24\/2012\/03\/025-300x214.jpg 300w, https:\/\/static-blogs.hoy.es\/wp-content\/uploads\/sites\/24\/2012\/03\/025-768x548.jpg 768w, https:\/\/static-blogs.hoy.es\/wp-content\/uploads\/sites\/24\/2012\/03\/025-650x464.jpg 650w\" sizes=\"(max-width: 650px) 100vw, 650px\" \/><\/a><p id=\"caption-attachment-48\" class=\"wp-caption-text\">En 2004 nadie hablaba de crisis, pero s\u00ed hab\u00eda mendigos.<\/p><\/div>\n<p>En 2004 nadie hablaba de crisis, pero hab\u00eda gente que no necesitaba la palabra para saber que su vida era una <strong>crisis permanente<\/strong>.\u00a0 Pero en aquellos tiempos de opulencia, de burbujas que nadie se cre\u00eda, y de cr\u00e9ditos alegres, la mirada del fotoperiodista <strong>Lorenzo Cordero<\/strong> fue capaz de percibir la <strong>parad\u00f3jica imagen<\/strong> (\u00bfsonrisas y l\u00e1grimas?) que componen una mujer mendigando de rodillas en la alle, acompa\u00f1ada de un perrito que le serv\u00eda para sostener la cesta de las limosnas.<\/p>\n<!-- AddThis Advanced Settings generic via filter on the_content --><!-- AddThis Share Buttons generic via filter on the_content -->","protected":false},"excerpt":{"rendered":"<p>En 2004 nadie hablaba de crisis, pero hab\u00eda gente que no necesitaba la palabra para saber que su vida era una crisis permanente.\u00a0 Pero en aquellos tiempos de opulencia, de burbujas que nadie se cre\u00eda, y de cr\u00e9ditos alegres, la mirada del fotoperiodista Lorenzo Cordero fue capaz de percibir la parad\u00f3jica imagen (\u00bfsonrisas y l\u00e1grimas?) [&hellip;]<!-- AddThis Advanced Settings generic via filter on get_the_excerpt --><!-- AddThis Share Buttons generic via filter on get_the_excerpt --><\/p>\n","protected":false},"author":29,"featured_media":0,"comment_status":"open","ping_status":"closed","sticky":false,"template":"","format":"standard","meta":[],"categories":[2],"tags":[79,124,126,179,192,229],"_links":{"self":[{"href":"https:\/\/blogs.hoy.es\/lamiradaatenta\/wp-json\/wp\/v2\/posts\/47"}],"collection":[{"href":"https:\/\/blogs.hoy.es\/lamiradaatenta\/wp-json\/wp\/v2\/posts"}],"about":[{"href":"https:\/\/blogs.hoy.es\/lamiradaatenta\/wp-json\/wp\/v2\/types\/post"}],"author":[{"embeddable":true,"href":"https:\/\/blogs.hoy.es\/lamiradaatenta\/wp-json\/wp\/v2\/users\/29"}],"replies":[{"embeddable":true,"href":"https:\/\/blogs.hoy.es\/lamiradaatenta\/wp-json\/wp\/v2\/comments?post=47"}],"version-history":[{"count":0,"href":"https:\/\/blogs.hoy.es\/lamiradaatenta\/wp-json\/wp\/v2\/posts\/47\/revisions"}],"wp:attachment":[{"href":"https:\/\/blogs.hoy.es\/lamiradaatenta\/wp-json\/wp\/v2\/media?parent=47"}],"wp:term":[{"taxonomy":"category","embeddable":true,"href":"https:\/\/blogs.hoy.es\/lamiradaatenta\/wp-json\/wp\/v2\/categories?post=47"},{"taxonomy":"post_tag","embeddable":true,"href":"https:\/\/blogs.hoy.es\/lamiradaatenta\/wp-json\/wp\/v2\/tags?post=47"}],"curies":[{"name":"wp","href":"https:\/\/api.w.org\/{rel}","templated":true}]}}