{"id":54,"date":"2012-03-26T09:43:12","date_gmt":"2012-03-26T09:43:12","guid":{"rendered":"http:\/\/blogs.hoy.es\/lamiradaatenta\/?p=54"},"modified":"2012-03-26T09:43:12","modified_gmt":"2012-03-26T09:43:12","slug":"los-ultimos-de-filipinas","status":"publish","type":"post","link":"https:\/\/blogs.hoy.es\/lamiradaatenta\/2012\/03\/26\/los-ultimos-de-filipinas\/","title":{"rendered":"Los \u00faltimos de Filipinas"},"content":{"rendered":"<p>&#8220;Los \u00faltimos de Filipinas&#8221;. As\u00ed titul\u00f3 el diario El Pa\u00eds esta imagen publicada en su portada en 1995, que muestra aFelipe Gonz\u00e1lez con Juan Carlos R. Ibarra en un m\u00edtin en la plaza de toros de C\u00e1ceres. La foto de Lorenzo Cordero, que destaca el entusiasmo de una mujer extreme\u00f1a junto a los l\u00edderes socialistas, es capaz de ilustrar su capacidad para adentrarse en la intrahistoria, en los gestos de hondo valor expresivo.<\/p>\n<div id=\"attachment_57\" style=\"width: 601px\" class=\"wp-caption aligncenter\"><img aria-describedby=\"caption-attachment-57\" loading=\"lazy\" class=\"size-full wp-image-57\" title=\"Juan Carlos R. Ibarra junto a Felipe Gonz\u00e1lez en un m\u00edtin en C\u00e1ceres (1995).\" src=\"\/lamiradaatenta\/wp-content\/uploads\/sites\/24\/2012\/03\/0052.jpg\" alt=\"Juan Carlos R. Ibarra junto a Felipe Gonz\u00e1lez en un m\u00edtin en C\u00e1ceres (1995).\" width=\"591\" height=\"422\" srcset=\"https:\/\/static-blogs.hoy.es\/wp-content\/uploads\/sites\/24\/2012\/03\/0052.jpg 591w, https:\/\/static-blogs.hoy.es\/wp-content\/uploads\/sites\/24\/2012\/03\/0052-150x107.jpg 150w, https:\/\/static-blogs.hoy.es\/wp-content\/uploads\/sites\/24\/2012\/03\/0052-300x214.jpg 300w\" sizes=\"(max-width: 591px) 100vw, 591px\" \/><p id=\"caption-attachment-57\" class=\"wp-caption-text\">Juan Carlos R. Ibarra junto a Felipe Gonz\u00e1lez en un m\u00edtin en C\u00e1ceres (1995).<\/p><\/div>\n<!-- AddThis Advanced Settings generic via filter on the_content --><!-- AddThis Share Buttons generic via filter on the_content -->","protected":false},"excerpt":{"rendered":"<p>&#8220;Los \u00faltimos de Filipinas&#8221;. As\u00ed titul\u00f3 el diario El Pa\u00eds esta imagen publicada en su portada en 1995, que muestra aFelipe Gonz\u00e1lez con Juan Carlos R. Ibarra en un m\u00edtin en la plaza de toros de C\u00e1ceres. La foto de Lorenzo Cordero, que destaca el entusiasmo de una mujer extreme\u00f1a junto a los l\u00edderes socialistas, [&hellip;]<!-- AddThis Advanced Settings generic via filter on get_the_excerpt --><!-- AddThis Share Buttons generic via filter on get_the_excerpt --><\/p>\n","protected":false},"author":29,"featured_media":0,"comment_status":"open","ping_status":"closed","sticky":false,"template":"","format":"standard","meta":[],"categories":[2],"tags":[113,124,126,164,200,230,237],"_links":{"self":[{"href":"https:\/\/blogs.hoy.es\/lamiradaatenta\/wp-json\/wp\/v2\/posts\/54"}],"collection":[{"href":"https:\/\/blogs.hoy.es\/lamiradaatenta\/wp-json\/wp\/v2\/posts"}],"about":[{"href":"https:\/\/blogs.hoy.es\/lamiradaatenta\/wp-json\/wp\/v2\/types\/post"}],"author":[{"embeddable":true,"href":"https:\/\/blogs.hoy.es\/lamiradaatenta\/wp-json\/wp\/v2\/users\/29"}],"replies":[{"embeddable":true,"href":"https:\/\/blogs.hoy.es\/lamiradaatenta\/wp-json\/wp\/v2\/comments?post=54"}],"version-history":[{"count":0,"href":"https:\/\/blogs.hoy.es\/lamiradaatenta\/wp-json\/wp\/v2\/posts\/54\/revisions"}],"wp:attachment":[{"href":"https:\/\/blogs.hoy.es\/lamiradaatenta\/wp-json\/wp\/v2\/media?parent=54"}],"wp:term":[{"taxonomy":"category","embeddable":true,"href":"https:\/\/blogs.hoy.es\/lamiradaatenta\/wp-json\/wp\/v2\/categories?post=54"},{"taxonomy":"post_tag","embeddable":true,"href":"https:\/\/blogs.hoy.es\/lamiradaatenta\/wp-json\/wp\/v2\/tags?post=54"}],"curies":[{"name":"wp","href":"https:\/\/api.w.org\/{rel}","templated":true}]}}