{"id":60,"date":"2012-03-27T08:18:15","date_gmt":"2012-03-27T08:18:15","guid":{"rendered":"http:\/\/blogs.hoy.es\/lamiradaatenta\/?p=60"},"modified":"2012-03-27T08:18:15","modified_gmt":"2012-03-27T08:18:15","slug":"los-trabajadores-se-rebelan","status":"publish","type":"post","link":"https:\/\/blogs.hoy.es\/lamiradaatenta\/2012\/03\/27\/los-trabajadores-se-rebelan\/","title":{"rendered":"Los trabajadores se rebelan"},"content":{"rendered":"<div id=\"attachment_61\" style=\"width: 601px\" class=\"wp-caption aligncenter\"><img aria-describedby=\"caption-attachment-61\" loading=\"lazy\" class=\"size-full wp-image-61\" title=\"La protesta de los trabajadores choc\u00f3 con el orden establecido, pero no lleg\u00f3 la sangre al r\u00edo (1996).\" src=\"\/lamiradaatenta\/wp-content\/uploads\/sites\/24\/2012\/03\/0121.jpg\" alt=\"La protesta de los trabajadores choc\u00f3 con el orden establecido, pero no lleg\u00f3 la sangre al r\u00edo (1996).\" width=\"591\" height=\"422\" srcset=\"https:\/\/static-blogs.hoy.es\/wp-content\/uploads\/sites\/24\/2012\/03\/0121.jpg 591w, https:\/\/static-blogs.hoy.es\/wp-content\/uploads\/sites\/24\/2012\/03\/0121-150x107.jpg 150w, https:\/\/static-blogs.hoy.es\/wp-content\/uploads\/sites\/24\/2012\/03\/0121-300x214.jpg 300w\" sizes=\"(max-width: 591px) 100vw, 591px\" \/><p id=\"caption-attachment-61\" class=\"wp-caption-text\">La protesta de los trabajadores choc\u00f3 con el orden establecido, pero no lleg\u00f3 la sangre al r\u00edo (1996).<\/p><\/div>\n<p>El fotoperiodista tiene que decidir en d\u00e9cimas de segundo qu\u00e9 es lo esencial, contar toda la historia en d\u00e9cimas de segundo. Nada m\u00e1s y nada menos. Por eso queda para el recuerdo la imagen captada por <strong>Lorenzo Cordero<\/strong> de un conocido militante de <a href=\"http:\/\/www.ccoo.es\/csccoo\/menu.do\" target=\"_blank\" rel=\"external nofollow\">Comisiones Obreras<\/a> dialogando con un agente de la <a href=\"http:\/\/www.policia.es\/\" target=\"_blank\" rel=\"external nofollow\">Polic\u00eda Nacional<\/a> durante una manifestaci\u00f3n en C\u00e1ceres en <strong>1996<\/strong>.<\/p>\n<!-- AddThis Advanced Settings generic via filter on the_content --><!-- AddThis Share Buttons generic via filter on the_content -->","protected":false},"excerpt":{"rendered":"<p>El fotoperiodista tiene que decidir en d\u00e9cimas de segundo qu\u00e9 es lo esencial, contar toda la historia en d\u00e9cimas de segundo. Nada m\u00e1s y nada menos. Por eso queda para el recuerdo la imagen captada por Lorenzo Cordero de un conocido militante de Comisiones Obreras dialogando con un agente de la Polic\u00eda Nacional durante una [&hellip;]<!-- AddThis Advanced Settings generic via filter on get_the_excerpt --><!-- AddThis Share Buttons generic via filter on get_the_excerpt --><\/p>\n","protected":false},"author":29,"featured_media":0,"comment_status":"open","ping_status":"closed","sticky":false,"template":"","format":"standard","meta":[],"categories":[2],"tags":[34,73,124,126,179,185,229,294],"_links":{"self":[{"href":"https:\/\/blogs.hoy.es\/lamiradaatenta\/wp-json\/wp\/v2\/posts\/60"}],"collection":[{"href":"https:\/\/blogs.hoy.es\/lamiradaatenta\/wp-json\/wp\/v2\/posts"}],"about":[{"href":"https:\/\/blogs.hoy.es\/lamiradaatenta\/wp-json\/wp\/v2\/types\/post"}],"author":[{"embeddable":true,"href":"https:\/\/blogs.hoy.es\/lamiradaatenta\/wp-json\/wp\/v2\/users\/29"}],"replies":[{"embeddable":true,"href":"https:\/\/blogs.hoy.es\/lamiradaatenta\/wp-json\/wp\/v2\/comments?post=60"}],"version-history":[{"count":0,"href":"https:\/\/blogs.hoy.es\/lamiradaatenta\/wp-json\/wp\/v2\/posts\/60\/revisions"}],"wp:attachment":[{"href":"https:\/\/blogs.hoy.es\/lamiradaatenta\/wp-json\/wp\/v2\/media?parent=60"}],"wp:term":[{"taxonomy":"category","embeddable":true,"href":"https:\/\/blogs.hoy.es\/lamiradaatenta\/wp-json\/wp\/v2\/categories?post=60"},{"taxonomy":"post_tag","embeddable":true,"href":"https:\/\/blogs.hoy.es\/lamiradaatenta\/wp-json\/wp\/v2\/tags?post=60"}],"curies":[{"name":"wp","href":"https:\/\/api.w.org\/{rel}","templated":true}]}}