{"id":64,"date":"2012-03-28T11:15:20","date_gmt":"2012-03-28T11:15:20","guid":{"rendered":"http:\/\/blogs.hoy.es\/lamiradaatenta\/?p=64"},"modified":"2012-03-28T11:15:20","modified_gmt":"2012-03-28T11:15:20","slug":"banderas-contra-gorras","status":"publish","type":"post","link":"https:\/\/blogs.hoy.es\/lamiradaatenta\/2012\/03\/28\/banderas-contra-gorras\/","title":{"rendered":"Banderas contra gorras"},"content":{"rendered":"<div id=\"attachment_65\" style=\"width: 601px\" class=\"wp-caption aligncenter\"><img aria-describedby=\"caption-attachment-65\" loading=\"lazy\" class=\"size-full wp-image-65\" title=\"Banderas contra gorras, pero la sangre no lleg\u00f3 al r\u00edo (2002).\" src=\"\/lamiradaatenta\/wp-content\/uploads\/sites\/24\/2012\/03\/009.jpg\" alt=\"Banderas contra gorras, pero la sangre no lleg\u00f3 al r\u00edo (2002).\" width=\"591\" height=\"422\" srcset=\"https:\/\/static-blogs.hoy.es\/wp-content\/uploads\/sites\/24\/2012\/03\/009.jpg 591w, https:\/\/static-blogs.hoy.es\/wp-content\/uploads\/sites\/24\/2012\/03\/009-150x107.jpg 150w, https:\/\/static-blogs.hoy.es\/wp-content\/uploads\/sites\/24\/2012\/03\/009-300x214.jpg 300w\" sizes=\"(max-width: 591px) 100vw, 591px\" \/><p id=\"caption-attachment-65\" class=\"wp-caption-text\">Banderas contra gorras, pero la sangre no lleg\u00f3 al r\u00edo (2002).<\/p><\/div>\n<p>El <strong>fotoperiodista<\/strong> es como el cazador. Tiene que permanecer al acecho,\u00a0 no s\u00f3lo para cazar im\u00e1genes, sino tambi\u00e9n momentos, y emociones intangibles como el aire, pero que se hacen visibles cuando se cazan. En el enfrentamiento que se produjo entre piquetes y comerciantes en 2002 en la galer\u00eda comercial de la <strong>avenida Antonio Hurtado<\/strong>, en C\u00e1ceres, <strong>Lorenzo Cordero<\/strong> caz\u00f3 uno de los momentos de la mayor tensi\u00f3n que protagonizaron unos cuantos agentes de la <strong>Polic\u00eda Local<\/strong> y los miembros del <strong>piquete<\/strong>. Casi llegaron a las manos, pero la sangre no lleg\u00f3 al r\u00edo.<\/p>\n<!-- AddThis Advanced Settings generic via filter on the_content --><!-- AddThis Share Buttons generic via filter on the_content -->","protected":false},"excerpt":{"rendered":"<p>El fotoperiodista es como el cazador. Tiene que permanecer al acecho,\u00a0 no s\u00f3lo para cazar im\u00e1genes, sino tambi\u00e9n momentos, y emociones intangibles como el aire, pero que se hacen visibles cuando se cazan. En el enfrentamiento que se produjo entre piquetes y comerciantes en 2002 en la galer\u00eda comercial de la avenida Antonio Hurtado, en [&hellip;]<!-- AddThis Advanced Settings generic via filter on get_the_excerpt --><!-- AddThis Share Buttons generic via filter on get_the_excerpt --><\/p>\n","protected":false},"author":29,"featured_media":0,"comment_status":"open","ping_status":"closed","sticky":false,"template":"","format":"standard","meta":[],"categories":[2],"tags":[34,61,124,126,142,229,232,241],"_links":{"self":[{"href":"https:\/\/blogs.hoy.es\/lamiradaatenta\/wp-json\/wp\/v2\/posts\/64"}],"collection":[{"href":"https:\/\/blogs.hoy.es\/lamiradaatenta\/wp-json\/wp\/v2\/posts"}],"about":[{"href":"https:\/\/blogs.hoy.es\/lamiradaatenta\/wp-json\/wp\/v2\/types\/post"}],"author":[{"embeddable":true,"href":"https:\/\/blogs.hoy.es\/lamiradaatenta\/wp-json\/wp\/v2\/users\/29"}],"replies":[{"embeddable":true,"href":"https:\/\/blogs.hoy.es\/lamiradaatenta\/wp-json\/wp\/v2\/comments?post=64"}],"version-history":[{"count":0,"href":"https:\/\/blogs.hoy.es\/lamiradaatenta\/wp-json\/wp\/v2\/posts\/64\/revisions"}],"wp:attachment":[{"href":"https:\/\/blogs.hoy.es\/lamiradaatenta\/wp-json\/wp\/v2\/media?parent=64"}],"wp:term":[{"taxonomy":"category","embeddable":true,"href":"https:\/\/blogs.hoy.es\/lamiradaatenta\/wp-json\/wp\/v2\/categories?post=64"},{"taxonomy":"post_tag","embeddable":true,"href":"https:\/\/blogs.hoy.es\/lamiradaatenta\/wp-json\/wp\/v2\/tags?post=64"}],"curies":[{"name":"wp","href":"https:\/\/api.w.org\/{rel}","templated":true}]}}