{"id":71,"date":"2012-04-02T10:03:51","date_gmt":"2012-04-02T10:03:51","guid":{"rendered":"http:\/\/blogs.hoy.es\/lamiradaatenta\/?p=71"},"modified":"2012-04-02T10:03:51","modified_gmt":"2012-04-02T10:03:51","slug":"la-lluvia-tambien-recibio-a-los-reyes","status":"publish","type":"post","link":"https:\/\/blogs.hoy.es\/lamiradaatenta\/2012\/04\/02\/la-lluvia-tambien-recibio-a-los-reyes\/","title":{"rendered":"La lluvia tambi\u00e9n recibi\u00f3 a los reyes"},"content":{"rendered":"<div id=\"attachment_75\" style=\"width: 601px\" class=\"wp-caption aligncenter\"><img aria-describedby=\"caption-attachment-75\" loading=\"lazy\" class=\"size-full wp-image-75\" title=\"Mucha ilusi\u00f3n y lluvia recibieron a los reyes de Espa\u00f1a en su visita a las Hurdes en 1998.\" src=\"\/lamiradaatenta\/wp-content\/uploads\/sites\/24\/2012\/04\/0161.jpg\" alt=\"Mucha ilusi\u00f3n y lluvia recibieron a los reyes de Espa\u00f1a en su visita a las Hurdes en 1998.\" width=\"591\" height=\"827\" srcset=\"https:\/\/static-blogs.hoy.es\/wp-content\/uploads\/sites\/24\/2012\/04\/0161.jpg 591w, https:\/\/static-blogs.hoy.es\/wp-content\/uploads\/sites\/24\/2012\/04\/0161-107x150.jpg 107w, https:\/\/static-blogs.hoy.es\/wp-content\/uploads\/sites\/24\/2012\/04\/0161-214x300.jpg 214w\" sizes=\"(max-width: 591px) 100vw, 591px\" \/><p id=\"caption-attachment-75\" class=\"wp-caption-text\">Mucha ilusi\u00f3n y lluvia recibieron a los reyes de Espa\u00f1a en su visita a las Hurdes en 1998.<\/p><\/div>\n<p>La lluvia extreme\u00f1a recibi\u00f3 a los r<a href=\"http:\/\/www.hoy.es\/20080521\/local\/asamblea-acoge-exposicion-sobre-200805211322.html\" target=\"_blank\" rel=\"external nofollow\">eyes de Espa\u00f1a en su visita a las Hurdes<\/a>, cuando rememoraron el <a href=\"http:\/\/www.rtve.es\/alacarta\/audios\/documentos-rne\/documentos-rne-alfonso-xiii-hurdes-viaje-desactivo-leyenda-12-09-09\/583869\/\" target=\"_blank\" rel=\"external nofollow\">viaje de Alfonso XIII<\/a> a la comarca, en <strong>1998<\/strong>. Pero m\u00e1s all\u00e1 de la visita, el protocolo, los regalos, las entrevistas con las autoridades locales, el fotoperiodista busca los gestos, el lenguaje no verbal que se pasa desapercibido si no es a c\u00e1mara lenta. <strong>Lorenzo Cordero<\/strong> tiene sus ojos siempre a c\u00e1mara lenta, pero el dedo en su objetivo nunca descansa. As\u00ed ha convertido en eterno el gesto de <strong>don Juan Carlo<\/strong>s, mientras <strong>do\u00f1a Sof\u00eda<\/strong> la miraba sorprendida protegida con su paraguas.<\/p>\n<!-- AddThis Advanced Settings generic via filter on the_content --><!-- AddThis Share Buttons generic via filter on the_content -->","protected":false},"excerpt":{"rendered":"<p>La lluvia extreme\u00f1a recibi\u00f3 a los reyes de Espa\u00f1a en su visita a las Hurdes, cuando rememoraron el viaje de Alfonso XIII a la comarca, en 1998. Pero m\u00e1s all\u00e1 de la visita, el protocolo, los regalos, las entrevistas con las autoridades locales, el fotoperiodista busca los gestos, el lenguaje no verbal que se pasa [&hellip;]<!-- AddThis Advanced Settings generic via filter on get_the_excerpt --><!-- AddThis Share Buttons generic via filter on get_the_excerpt --><\/p>\n","protected":false},"author":29,"featured_media":0,"comment_status":"open","ping_status":"closed","sticky":false,"template":"","format":"standard","meta":[],"categories":[2],"tags":[10,124,126,143,229,263,268,318],"_links":{"self":[{"href":"https:\/\/blogs.hoy.es\/lamiradaatenta\/wp-json\/wp\/v2\/posts\/71"}],"collection":[{"href":"https:\/\/blogs.hoy.es\/lamiradaatenta\/wp-json\/wp\/v2\/posts"}],"about":[{"href":"https:\/\/blogs.hoy.es\/lamiradaatenta\/wp-json\/wp\/v2\/types\/post"}],"author":[{"embeddable":true,"href":"https:\/\/blogs.hoy.es\/lamiradaatenta\/wp-json\/wp\/v2\/users\/29"}],"replies":[{"embeddable":true,"href":"https:\/\/blogs.hoy.es\/lamiradaatenta\/wp-json\/wp\/v2\/comments?post=71"}],"version-history":[{"count":0,"href":"https:\/\/blogs.hoy.es\/lamiradaatenta\/wp-json\/wp\/v2\/posts\/71\/revisions"}],"wp:attachment":[{"href":"https:\/\/blogs.hoy.es\/lamiradaatenta\/wp-json\/wp\/v2\/media?parent=71"}],"wp:term":[{"taxonomy":"category","embeddable":true,"href":"https:\/\/blogs.hoy.es\/lamiradaatenta\/wp-json\/wp\/v2\/categories?post=71"},{"taxonomy":"post_tag","embeddable":true,"href":"https:\/\/blogs.hoy.es\/lamiradaatenta\/wp-json\/wp\/v2\/tags?post=71"}],"curies":[{"name":"wp","href":"https:\/\/api.w.org\/{rel}","templated":true}]}}