{"id":85,"date":"2012-04-04T21:02:19","date_gmt":"2012-04-04T21:02:19","guid":{"rendered":"http:\/\/blogs.hoy.es\/lamiradaatenta\/?p=85"},"modified":"2012-04-04T21:02:19","modified_gmt":"2012-04-04T21:02:19","slug":"pasion-bajo-la-lluvia","status":"publish","type":"post","link":"https:\/\/blogs.hoy.es\/lamiradaatenta\/2012\/04\/04\/pasion-bajo-la-lluvia\/","title":{"rendered":"Pasi\u00f3n bajo la lluvia"},"content":{"rendered":"<p><a href=\"https:\/\/blogs.hoy.es\/lamiradaatenta\/2012\/04\/04\/pasion-bajo-la-lluvia\/procesion-lluvia\/\" rel=\"attachment wp-att-92\"><img loading=\"lazy\" class=\"aligncenter size-large wp-image-92\" src=\"\/lamiradaatenta\/wp-content\/uploads\/sites\/24\/2012\/04\/procesion-lluvia.jpg\" alt=\"\" width=\"650\" height=\"922\" srcset=\"https:\/\/static-blogs.hoy.es\/wp-content\/uploads\/sites\/24\/2012\/04\/procesion-lluvia.jpg 1110w, https:\/\/static-blogs.hoy.es\/wp-content\/uploads\/sites\/24\/2012\/04\/procesion-lluvia-106x150.jpg 106w, https:\/\/static-blogs.hoy.es\/wp-content\/uploads\/sites\/24\/2012\/04\/procesion-lluvia-211x300.jpg 211w, https:\/\/static-blogs.hoy.es\/wp-content\/uploads\/sites\/24\/2012\/04\/procesion-lluvia-768x1090.jpg 768w, https:\/\/static-blogs.hoy.es\/wp-content\/uploads\/sites\/24\/2012\/04\/procesion-lluvia-650x922.jpg 650w\" sizes=\"(max-width: 650px) 100vw, 650px\" \/><\/a>Los cofrades miran al cielo. La lluvia, como ocurri\u00f3 durante la Semana Santa de 2011, suele hacer acto de presencia en los desfiles. En la imagen, un hermano de la cofrad\u00eda de los Estudiantes se dirige hasta el templo de Santo Domingo para sumarse a la procesi\u00f3n. Finalmente, no pudo salir porque el agua no dio tregua. Pero no todo son l\u00e1grimas. Hay quien pone buena cara al mal tiempo.<\/p>\n<!-- AddThis Advanced Settings generic via filter on the_content --><!-- AddThis Share Buttons generic via filter on the_content -->","protected":false},"excerpt":{"rendered":"<p>Los cofrades miran al cielo. La lluvia, como ocurri\u00f3 durante la Semana Santa de 2011, suele hacer acto de presencia en los desfiles. En la imagen, un hermano de la cofrad\u00eda de los Estudiantes se dirige hasta el templo de Santo Domingo para sumarse a la procesi\u00f3n. Finalmente, no pudo salir porque el agua no [&hellip;]<!-- AddThis Advanced Settings generic via filter on get_the_excerpt --><!-- AddThis Share Buttons generic via filter on get_the_excerpt --><\/p>\n","protected":false},"author":30,"featured_media":0,"comment_status":"open","ping_status":"closed","sticky":false,"template":"","format":"standard","meta":[],"categories":[2],"tags":[],"_links":{"self":[{"href":"https:\/\/blogs.hoy.es\/lamiradaatenta\/wp-json\/wp\/v2\/posts\/85"}],"collection":[{"href":"https:\/\/blogs.hoy.es\/lamiradaatenta\/wp-json\/wp\/v2\/posts"}],"about":[{"href":"https:\/\/blogs.hoy.es\/lamiradaatenta\/wp-json\/wp\/v2\/types\/post"}],"author":[{"embeddable":true,"href":"https:\/\/blogs.hoy.es\/lamiradaatenta\/wp-json\/wp\/v2\/users\/30"}],"replies":[{"embeddable":true,"href":"https:\/\/blogs.hoy.es\/lamiradaatenta\/wp-json\/wp\/v2\/comments?post=85"}],"version-history":[{"count":0,"href":"https:\/\/blogs.hoy.es\/lamiradaatenta\/wp-json\/wp\/v2\/posts\/85\/revisions"}],"wp:attachment":[{"href":"https:\/\/blogs.hoy.es\/lamiradaatenta\/wp-json\/wp\/v2\/media?parent=85"}],"wp:term":[{"taxonomy":"category","embeddable":true,"href":"https:\/\/blogs.hoy.es\/lamiradaatenta\/wp-json\/wp\/v2\/categories?post=85"},{"taxonomy":"post_tag","embeddable":true,"href":"https:\/\/blogs.hoy.es\/lamiradaatenta\/wp-json\/wp\/v2\/tags?post=85"}],"curies":[{"name":"wp","href":"https:\/\/api.w.org\/{rel}","templated":true}]}}