{"id":87,"date":"2012-04-07T09:37:19","date_gmt":"2012-04-07T09:37:19","guid":{"rendered":"http:\/\/blogs.hoy.es\/lamiradaatenta\/?p=87"},"modified":"2012-04-07T09:37:19","modified_gmt":"2012-04-07T09:37:19","slug":"pillados-por-los-pelos","status":"publish","type":"post","link":"https:\/\/blogs.hoy.es\/lamiradaatenta\/2012\/04\/07\/pillados-por-los-pelos\/","title":{"rendered":"Pillados por los pelos &#8230;"},"content":{"rendered":"<div id=\"attachment_110\" style=\"width: 660px\" class=\"wp-caption aligncenter\"><a href=\"https:\/\/blogs.hoy.es\/lamiradaatenta\/2012\/04\/07\/pillados-por-los-pelos\/carolina-01-9\/\" rel=\"attachment wp-att-110\"><img aria-describedby=\"caption-attachment-110\" loading=\"lazy\" class=\"size-large wp-image-110\" title=\"carolina 01\" src=\"\/lamiradaatenta\/wp-content\/uploads\/sites\/24\/2012\/04\/carolina-018.jpg\" alt=\"\" width=\"650\" height=\"402\" srcset=\"https:\/\/static-blogs.hoy.es\/wp-content\/uploads\/sites\/24\/2012\/04\/carolina-018.jpg 2207w, https:\/\/static-blogs.hoy.es\/wp-content\/uploads\/sites\/24\/2012\/04\/carolina-018-150x93.jpg 150w, https:\/\/static-blogs.hoy.es\/wp-content\/uploads\/sites\/24\/2012\/04\/carolina-018-300x186.jpg 300w, https:\/\/static-blogs.hoy.es\/wp-content\/uploads\/sites\/24\/2012\/04\/carolina-018-768x475.jpg 768w, https:\/\/static-blogs.hoy.es\/wp-content\/uploads\/sites\/24\/2012\/04\/carolina-018-650x402.jpg 650w\" sizes=\"(max-width: 650px) 100vw, 650px\" \/><\/a><p id=\"caption-attachment-110\" class=\"wp-caption-text\">Octubre de 2001. Carolina de M\u00f3naco junto a su marido, visitando la parte antigua de C\u00e1ceres.<\/p><\/div>\n<p>Carolina de M\u00f3naco y su marido Ernesto de Hannover, invitados por Fernando Bustamante, pasearon por la ciudad monumental de C\u00e1ceres, despu\u00e9s de pasar un fin de semana de caza en la finca las Golondrinas.<br \/>\nEn esta ocasi\u00f3n, como de costumbre, los guardaespaldas del matrim\u00f3nio intentaron evitar de modo agresivo la captura de im\u00e1genes de la pareja. Pero afortunadamente se pudieron conseguir gr\u00e1cias a que los anfitriones de la Princesa de M\u00f3naco, mediaron con los consortes para que se pudiesen hacer las fotos, pero eso s\u00ed, con los guardaespaldas sin quitar la mirada de la c\u00e1mara. El tiempo que me dieron para hacer las fotos fue de dos minutos y tir\u00e9 un carrete de negativos a toda prisa.<\/p>\n<!-- AddThis Advanced Settings generic via filter on the_content --><!-- AddThis Share Buttons generic via filter on the_content -->","protected":false},"excerpt":{"rendered":"<p>Carolina de M\u00f3naco y su marido Ernesto de Hannover, invitados por Fernando Bustamante, pasearon por la ciudad monumental de C\u00e1ceres, despu\u00e9s de pasar un fin de semana de caza en la finca las Golondrinas. En esta ocasi\u00f3n, como de costumbre, los guardaespaldas del matrim\u00f3nio intentaron evitar de modo agresivo la captura de im\u00e1genes de la [&hellip;]<!-- AddThis Advanced Settings generic via filter on get_the_excerpt --><!-- AddThis Share Buttons generic via filter on get_the_excerpt --><\/p>\n","protected":false},"author":29,"featured_media":0,"comment_status":"open","ping_status":"closed","sticky":false,"template":"","format":"standard","meta":[],"categories":[2],"tags":[],"_links":{"self":[{"href":"https:\/\/blogs.hoy.es\/lamiradaatenta\/wp-json\/wp\/v2\/posts\/87"}],"collection":[{"href":"https:\/\/blogs.hoy.es\/lamiradaatenta\/wp-json\/wp\/v2\/posts"}],"about":[{"href":"https:\/\/blogs.hoy.es\/lamiradaatenta\/wp-json\/wp\/v2\/types\/post"}],"author":[{"embeddable":true,"href":"https:\/\/blogs.hoy.es\/lamiradaatenta\/wp-json\/wp\/v2\/users\/29"}],"replies":[{"embeddable":true,"href":"https:\/\/blogs.hoy.es\/lamiradaatenta\/wp-json\/wp\/v2\/comments?post=87"}],"version-history":[{"count":0,"href":"https:\/\/blogs.hoy.es\/lamiradaatenta\/wp-json\/wp\/v2\/posts\/87\/revisions"}],"wp:attachment":[{"href":"https:\/\/blogs.hoy.es\/lamiradaatenta\/wp-json\/wp\/v2\/media?parent=87"}],"wp:term":[{"taxonomy":"category","embeddable":true,"href":"https:\/\/blogs.hoy.es\/lamiradaatenta\/wp-json\/wp\/v2\/categories?post=87"},{"taxonomy":"post_tag","embeddable":true,"href":"https:\/\/blogs.hoy.es\/lamiradaatenta\/wp-json\/wp\/v2\/tags?post=87"}],"curies":[{"name":"wp","href":"https:\/\/api.w.org\/{rel}","templated":true}]}}