{"id":93,"date":"2012-04-06T11:11:53","date_gmt":"2012-04-06T11:11:53","guid":{"rendered":"http:\/\/blogs.hoy.es\/lamiradaatenta\/?p=93"},"modified":"2012-04-06T11:11:53","modified_gmt":"2012-04-06T11:11:53","slug":"la-mirada-dulce-de-la-vieja-via","status":"publish","type":"post","link":"https:\/\/blogs.hoy.es\/lamiradaatenta\/2012\/04\/06\/la-mirada-dulce-de-la-vieja-via\/","title":{"rendered":"La mirada dulce de la vieja v\u00eda"},"content":{"rendered":"<p><img loading=\"lazy\" src=\"\/lamiradaatenta\/wp-content\/uploads\/sites\/24\/2012\/04\/alba2.jpg\" alt=\"\" title=\"alba\" width=\"650\" height=\"433\" class=\"aligncenter size-large wp-image-97\" srcset=\"https:\/\/static-blogs.hoy.es\/wp-content\/uploads\/sites\/24\/2012\/04\/alba2.jpg 1752w, https:\/\/static-blogs.hoy.es\/wp-content\/uploads\/sites\/24\/2012\/04\/alba2-150x100.jpg 150w, https:\/\/static-blogs.hoy.es\/wp-content\/uploads\/sites\/24\/2012\/04\/alba2-300x200.jpg 300w, https:\/\/static-blogs.hoy.es\/wp-content\/uploads\/sites\/24\/2012\/04\/alba2-768x512.jpg 768w, https:\/\/static-blogs.hoy.es\/wp-content\/uploads\/sites\/24\/2012\/04\/alba2-650x433.jpg 650w\" sizes=\"(max-width: 650px) 100vw, 650px\" \/>El trabajo de un fot\u00f3grafo de prensa no es solo captar sucesos y cubrir informaciones. En cuanto podemos, \u00a0nos escapamos de la rutina diaria para hacer alg\u00fan retrato u otro tipo de fotograf\u00eda.<\/p>\n<p>En esta imagen he querido resaltar la juventud y mirada dulce de una adolescente en una vieja v\u00eda de ferrocarril junto a las ruinas de una casa.<\/p>\n<!-- AddThis Advanced Settings generic via filter on the_content --><!-- AddThis Share Buttons generic via filter on the_content -->","protected":false},"excerpt":{"rendered":"<p>El trabajo de un fot\u00f3grafo de prensa no es solo captar sucesos y cubrir informaciones. En cuanto podemos, \u00a0nos escapamos de la rutina diaria para hacer alg\u00fan retrato u otro tipo de fotograf\u00eda. En esta imagen he querido resaltar la juventud y mirada dulce de una adolescente en una vieja v\u00eda de ferrocarril junto a [&hellip;]<!-- AddThis Advanced Settings generic via filter on get_the_excerpt --><!-- AddThis Share Buttons generic via filter on get_the_excerpt --><\/p>\n","protected":false},"author":30,"featured_media":0,"comment_status":"open","ping_status":"closed","sticky":false,"template":"","format":"standard","meta":[],"categories":[2],"tags":[],"_links":{"self":[{"href":"https:\/\/blogs.hoy.es\/lamiradaatenta\/wp-json\/wp\/v2\/posts\/93"}],"collection":[{"href":"https:\/\/blogs.hoy.es\/lamiradaatenta\/wp-json\/wp\/v2\/posts"}],"about":[{"href":"https:\/\/blogs.hoy.es\/lamiradaatenta\/wp-json\/wp\/v2\/types\/post"}],"author":[{"embeddable":true,"href":"https:\/\/blogs.hoy.es\/lamiradaatenta\/wp-json\/wp\/v2\/users\/30"}],"replies":[{"embeddable":true,"href":"https:\/\/blogs.hoy.es\/lamiradaatenta\/wp-json\/wp\/v2\/comments?post=93"}],"version-history":[{"count":0,"href":"https:\/\/blogs.hoy.es\/lamiradaatenta\/wp-json\/wp\/v2\/posts\/93\/revisions"}],"wp:attachment":[{"href":"https:\/\/blogs.hoy.es\/lamiradaatenta\/wp-json\/wp\/v2\/media?parent=93"}],"wp:term":[{"taxonomy":"category","embeddable":true,"href":"https:\/\/blogs.hoy.es\/lamiradaatenta\/wp-json\/wp\/v2\/categories?post=93"},{"taxonomy":"post_tag","embeddable":true,"href":"https:\/\/blogs.hoy.es\/lamiradaatenta\/wp-json\/wp\/v2\/tags?post=93"}],"curies":[{"name":"wp","href":"https:\/\/api.w.org\/{rel}","templated":true}]}}