{"id":140,"date":"2010-10-13T18:23:00","date_gmt":"2010-10-13T18:23:00","guid":{"rendered":"http:\/\/blogs.hoy.es\/libreconlibros\/?p=140"},"modified":"2010-10-13T18:23:00","modified_gmt":"2010-10-13T18:23:00","slug":"extremadura-durante-franquismo","status":"publish","type":"post","link":"https:\/\/blogs.hoy.es\/libreconlibros\/2010\/10\/13\/extremadura-durante-franquismo\/","title":{"rendered":"Extremadura durante el franquismo"},"content":{"rendered":"<p>El  GEHCEx (Grupo de Estudios de Historia Contempor\u00e1nea de Extremadura) organiz\u00f3 en C\u00e1ceres los d\u00edas 14-15 de noviembre de 2008 su IV Encuentro Historiogr\u00e1fico. Tuvo como lema el de \u201cExtremadura durante el primer franquismo (1939-1959)\u201d y a \u00e9l se atuvieron con elogiosa exactitud conferenciantes y ponentes.  Sus trabajos quedan recogidos en esta obra, un volumen de 326 p\u00e1ginas, cuya edici\u00f3n han cuidado los coordinadores, Jos\u00e9 Ram\u00f3n Gonz\u00e1lez Cort\u00e9s y Ra\u00fal Aguado Ben\u00edtez.  Ignoro si es verdad el dicho de que los pueblos  que olvidan su historia, se ven forzados a repetirla. No creo que la m\u00e1gica rueda, capaz de traer nuevamente lo ya ocurrido, sea m\u00e1s que una feliz met\u00e1fora.  Pero s\u00ed importa mucho conocer cuanto sucedi\u00f3 para hacer justicia, aunque sea tarde;  entendernos mejor como colectividad; aprender de los aciertos y errores y contar as\u00ed contar con poderosos acicates para la acci\u00f3n  pol\u00edtica correcta . Este libro contribuye a ir  resolviendo las lagunas bibliogr\u00e1ficas sobre nuestro pasado pr\u00f3ximo, que a\u00fan requiere m\u00e1s investigaciones.<br \/>\nNo existe unanimidad entre los estudiosos (aqu\u00ed mismo se refleja) a la hora de establecer la periodizaci\u00f3n del muy duradero r\u00e9gimen instaurado por el general  Franco a ra\u00edz de su sublevaci\u00f3n contra la Rep\u00fablica y desparecido s\u00f3lo con la muerte del dictador. Hay s\u00f3lidas razones para hablar de una fase primera, desde el triunfo militar(<br \/>\n1939) hasta el Plan de Estabilizaci\u00f3n (1959), con el consiguiente giro hacia la tecnocracia y el desarrollo econ\u00f3mico no aut\u00e1rquico.  El profesor Enrique Moradiellos  reflexiona sobre la cuesti\u00f3n, con s\u00f3lidos soportes bibliogr\u00e1ficos, recogiendo el factor com\u00fan a todos los periodos en que se pueda dividir aquel r\u00e9gimen :  \u201cla enorme concentraci\u00f3n de poder pol\u00edtico casi absoluto e ilimitado en manos de un \u00fanico titular y responsable, el general Franco en calidad de Caudillo de Espa\u00f1a por la Gracia de Dios\u201d (p\u00e1g. 25). Ram\u00f3n Gonz\u00e1lez y Ra\u00fal Aguado sopesan  un largo centenar de publicaciones, donde  se analiza la repercusi\u00f3n de ese primer franquismo en Extremadura, centradas casi todas en la represi\u00f3n, con olvido de los aspectos socioculturales y econ\u00f3micos.<br \/>\nDe las realidades demogr\u00e1ficas y cambios econ\u00f3micos experimentados en nuestra regi\u00f3n se ocupa Juan Garc\u00eda P\u00e9rez, que prefiere partir del inicio mismo de la guerra.  \u00c9sta provoc\u00f3 unos atrasos en la din\u00e1mica de la poblaci\u00f3n, la producci\u00f3n agr\u00edcologanadera o el incipiente desarrollo industrial, que tardar\u00edan mucho en recuperarse. S\u00ed se dar\u00eda inmediata satisfacci\u00f3n al inter\u00e9s de los terratenientes, amenazado durante la Rep\u00fablica por las reivindicaciones campesinas, que quedaron frustradas y s\u00f3lo iban a encontrar el recurso de  la emigraci\u00f3n masiva. Recomponer el viejo orden agrario fue objetivo primordial para los vencedores, seg\u00fan demuestra Sergio Riesco Roche). Instituciones como la Falange (Juan Carlos Molano  estudia la de Montijo); los campos de concentraci\u00f3n ( el de Castuera: Antonio L\u00f3pez Rodr\u00edguez\/Jos\u00e9 Ram\u00f3n Gonz\u00e1lez Cort\u00e9s); la depuraci\u00f3n de los maestros (Luis Miguel Garc\u00eda Dom\u00ednguez) contribuir\u00e1n eficazmente a \u00e9xito del nacionalcatolicismo.  Apenas paliaron la situaci\u00f3n social tan degradada actuaciones administrativas como la Repoblaci\u00f3n de las Hurdes (Eduardo Rico Boquete), las campa\u00f1as de lectoescritura (Jos\u00e9 Soto V\u00e1zquez)  o el Plan Badajoz. No es raro que volviesen a florecer contrabandistas y mercado negro en la Raya (Roberto Carlos Monta\u00f1\u00e9s) , ni que fracasasen los intentos de institucionalizar debidamente estudios como los de Arqueolog\u00eda (Pablo Ortiz Romero). S\u00ed desarrollaban su esplendor las celebraciones de la Victoria dirigidas a recordar de modo sesgado las vicisitudes de la guerra civil (Emilio M. Aguado Ben\u00edtez).  El fen\u00f3meno guerrillero (Benito D\u00edaz), alentado por un Partido Comunista (Jos\u00e9 Hinojosa) que sufre duras  bajas, pero sigue esforz\u00e1ndose por mantener , si d\u00e9bil, una oposici\u00f3n organizada en las grandes poblaciones surextreme\u00f1as, supusieron el contrapunto, a veces casi simb\u00f3lico.  Y no falt\u00f3 el h\u00e9roe anticomunista, como el famoso Victoriano Rodr\u00edguez, voluntario en la Divisi\u00f3n Azul (Rodr\u00edguez  Hermosell), devuelto a Espa\u00f1a tras peripecias miles por la Rusia del gulag.<\/p>\n<p>Jos\u00e9 Ram\u00f3n Gonz\u00e1lez Cort\u00e9s y Ra\u00fal Aguado Ben\u00edtez, Extremadura durante el primer franquismo (1939-1959). Badajoz, Diputaci\u00f3n, 2010.<\/p>\n","protected":false},"excerpt":{"rendered":"<p>El GEHCEx (Grupo de Estudios de Historia Contempor\u00e1nea de Extremadura) organiz\u00f3 en C\u00e1ceres los d\u00edas 14-15 de noviembre de 2008 su IV Encuentro Historiogr\u00e1fico. Tuvo como lema el de \u201cExtremadura durante el primer franquismo (1939-1959)\u201d y a \u00e9l se atuvieron con elogiosa exactitud conferenciantes y ponentes. Sus trabajos quedan recogidos en esta obra, un volumen [&hellip;]<\/p>\n","protected":false},"author":5,"featured_media":0,"comment_status":"open","ping_status":"closed","sticky":false,"template":"","format":"standard","meta":[],"categories":[3],"tags":[],"_links":{"self":[{"href":"https:\/\/blogs.hoy.es\/libreconlibros\/wp-json\/wp\/v2\/posts\/140"}],"collection":[{"href":"https:\/\/blogs.hoy.es\/libreconlibros\/wp-json\/wp\/v2\/posts"}],"about":[{"href":"https:\/\/blogs.hoy.es\/libreconlibros\/wp-json\/wp\/v2\/types\/post"}],"author":[{"embeddable":true,"href":"https:\/\/blogs.hoy.es\/libreconlibros\/wp-json\/wp\/v2\/users\/5"}],"replies":[{"embeddable":true,"href":"https:\/\/blogs.hoy.es\/libreconlibros\/wp-json\/wp\/v2\/comments?post=140"}],"version-history":[{"count":0,"href":"https:\/\/blogs.hoy.es\/libreconlibros\/wp-json\/wp\/v2\/posts\/140\/revisions"}],"wp:attachment":[{"href":"https:\/\/blogs.hoy.es\/libreconlibros\/wp-json\/wp\/v2\/media?parent=140"}],"wp:term":[{"taxonomy":"category","embeddable":true,"href":"https:\/\/blogs.hoy.es\/libreconlibros\/wp-json\/wp\/v2\/categories?post=140"},{"taxonomy":"post_tag","embeddable":true,"href":"https:\/\/blogs.hoy.es\/libreconlibros\/wp-json\/wp\/v2\/tags?post=140"}],"curies":[{"name":"wp","href":"https:\/\/api.w.org\/{rel}","templated":true}]}}