{"id":1469,"date":"2021-04-08T18:16:43","date_gmt":"2021-04-08T17:16:43","guid":{"rendered":"https:\/\/blogs.hoy.es\/libreconlibros\/?p=1469"},"modified":"2021-04-08T18:16:43","modified_gmt":"2021-04-08T17:16:43","slug":"herem-%d7%97%d7%a8%d7%9d-contra-spinoza","status":"publish","type":"post","link":"https:\/\/blogs.hoy.es\/libreconlibros\/2021\/04\/08\/herem-%d7%97%d7%a8%d7%9d-contra-spinoza\/","title":{"rendered":"\u00a0\u00a0\u00a0\u00a0 H\u00c9REM \u00a0(\u05d7\u05e8\u05dd) CONTRA SPINOZA"},"content":{"rendered":"<p>Jes\u00fas Romero (Huelva, 1967), maestro y licenciado en Filosof\u00eda, comenz\u00f3 sus actividades pol\u00edticas el a\u00f1o 1985 en el Comit\u00e9 Anti-Otan. Ha militado en el PCE, Izquierda Unida, Frente C\u00edvico Somos Mayor\u00eda y Podemos. Diputado del Parlamento andaluz tras las elecciones de 2015, ha presidido su Comisi\u00f3n de Igualdad y Pol\u00edticas Sociales (2015-2018). Con ese curr\u00edculum, se comprende que haya querido dedicar un ensayo al autor de obras como el <em>Tractatus theologico-politicus <\/em>(1670) y el <em>Tractatus politicus <\/em>(1677).<\/p>\n<p>De origen portugu\u00e9s, este \u00a0pensador sefardita (\u00c1msterdam, 1632-La Haya, 1677), constituye junto con Descartes, su maestro, y Leibniz, la gran tr\u00edada del pensamiento europeo del XVII (sin olvidar a los fil\u00f3sofos ingleses, m\u00e1s proclives al empirismo). Su nombre aparece de distintas formas, seg\u00fan los or\u00edgenes lusos, espa\u00f1oles, hebreas u holandesas aludidos. Lo cierto es que la lectura de Baruj,\u00a0Bento,\u00a0Benito,\u00a0Benedicto\u00a0o\u00a0Benedictus Spinoza\u00a0o\u00a0Espinosa supone, seg\u00fan tantas veces se dice, sentir sobre las espaldas el viento de la libertad.<\/p>\n<p>La misma que \u00e9l busc\u00f3 siempre procurarse gan\u00e1ndose la vida con un trabajo manual (pulir lentes), sin aceptar mecenazgos ofrecidos y esforz\u00e1ndose por conducirse siempre seg\u00fan los imperativos de su propia conciencia seg\u00fan expuso en su c\u00e9lebre <em>Ethica, ordine geometrico demonstrata.<\/em><\/p>\n<p>Este implacable racionalista, cuyos ancestros hab\u00eda escapado desde la Pen\u00ednsula ib\u00e9rica para eludir a la Inquisici\u00f3n, tampoco habr\u00eda de encontrase c\u00f3modo allende los Pirineos junto a los de su etnia. Si los anatemas cat\u00f3licos eran duros, he aqu\u00ed el \u201ch\u00e9rem\u201d (\u05d7\u05e8\u05dd) que sobre el bueno de Spinoza habr\u00eda de lanzarse:<\/p>\n<p>&#8220;Los jefes del consejo (<em>Mahamad<\/em>) eclesi\u00e1stico anuncian que cerciorados de las malas opiniones y acciones de Baruc de Spinoza han tratado por los medios m\u00e1s diversos y por las m\u00e1s variadas promesas de apartarlo de la mala senda. Pero como ha sido imposible llevarlo a mejor manera de pensar, antes al contrario teniendo cada d\u00eda mayores noticias de las horrendas herej\u00edas que practicaba y ense\u00f1aba y de la enormes obras que realizaba; teniendo de ello muchos testimonio fidedignos (\u2026), que examinado todo ello en presencia de los se\u00f1ores rabinos (<em>hahamin<\/em>) (&#8230;) se ha resuelto anatematizar al dicho Spinoza y segregarlo del pueblo de Israel y de ahora en adelante colocarlo en anatema con la siguiente maldici\u00f3n: Sea maldito de d\u00eda y maldito de noche; sea maldito al acostarse y maldito al levantarse; sea maldito al irse y maldito al venir. Que el Se\u00f1or nunca le perdone ni reconozca; que el enojo y displicencia del Se\u00f1or ardan de ahora en adelante contra este hombre, lo carguen con todas las maldiciones escritas en el Libro de la Ley y borre su nombre de bajo el cielo; que el Se\u00f1or lo aparte, con el mal, de todas las tribus de Israel, haga pesar sobre \u00e9l las maldiciones del firmamento contenidas en el Libro de la Ley (&#8230;) Advertimos a todos que ninguno mantenga conversaci\u00f3n con \u00e9l por palabra de boca, ni mantenga comunicaci\u00f3n con \u00e9l por escrito; que ninguno le haga servicio alguno, que nadie habite bajo el mismo techo con \u00e9l; que ninguno se acerque cuatro codos de \u00e9l y que nadie lea documento alguno dictado por \u00e9l o escrito de su mano&#8221; (\u00c1msterdam, 27 de julio de 1656. El texto, en portugu\u00e9s, lo guardan los Archivos Municipales de la ciudad).<\/p>\n<p>El \u00fanico ant\u00eddoto para erradicar el miedo y la superstici\u00f3n \u2013tal vez los m\u00e1ximos enemigos para un esp\u00edritu libre- es el cultivo de la sabidur\u00eda. As\u00ed lo proclamaba el fil\u00f3sofo jud\u00edo. Es el lema que preside la cubierta del ensayo de Romero S\u00e1nchez. Lo ha querido dedicar, entre otros, a Jes\u00fas Anguita, \u201cque con el ejemplo me mostr\u00f3 que la dedicaci\u00f3n pol\u00edtica solo merece la pena con honestidad y coherencia\u201d , y a Luis Mart\u00ednez de Velasco, \u201cmi maestro, el m\u00e1s honrado y l\u00facido fil\u00f3sofo que existe en lengua castellana y con el que siempre estar\u00e9 en deuda\u201d.<\/p>\n<p>&nbsp;<\/p>\n<p>Jes\u00fas Romero S\u00e1nchez, <em>Spinoza. La pol\u00edtica a la luz de su filosof\u00eda. <\/em>C\u00f3rdoba, Almuzara, 2021.<\/p>\n","protected":false},"excerpt":{"rendered":"<p>Jes\u00fas Romero (Huelva, 1967), maestro y licenciado en Filosof\u00eda, comenz\u00f3 sus actividades pol\u00edticas el a\u00f1o 1985 en el Comit\u00e9 Anti-Otan. Ha militado en el PCE, Izquierda Unida, Frente C\u00edvico Somos Mayor\u00eda y Podemos. Diputado del Parlamento andaluz tras las elecciones de 2015, ha presidido su Comisi\u00f3n de Igualdad y Pol\u00edticas Sociales (2015-2018). Con ese curr\u00edculum, [&hellip;]<\/p>\n","protected":false},"author":9,"featured_media":0,"comment_status":"open","ping_status":"closed","sticky":false,"template":"","format":"standard","meta":[],"categories":[1],"tags":[],"_links":{"self":[{"href":"https:\/\/blogs.hoy.es\/libreconlibros\/wp-json\/wp\/v2\/posts\/1469"}],"collection":[{"href":"https:\/\/blogs.hoy.es\/libreconlibros\/wp-json\/wp\/v2\/posts"}],"about":[{"href":"https:\/\/blogs.hoy.es\/libreconlibros\/wp-json\/wp\/v2\/types\/post"}],"author":[{"embeddable":true,"href":"https:\/\/blogs.hoy.es\/libreconlibros\/wp-json\/wp\/v2\/users\/9"}],"replies":[{"embeddable":true,"href":"https:\/\/blogs.hoy.es\/libreconlibros\/wp-json\/wp\/v2\/comments?post=1469"}],"version-history":[{"count":1,"href":"https:\/\/blogs.hoy.es\/libreconlibros\/wp-json\/wp\/v2\/posts\/1469\/revisions"}],"predecessor-version":[{"id":1470,"href":"https:\/\/blogs.hoy.es\/libreconlibros\/wp-json\/wp\/v2\/posts\/1469\/revisions\/1470"}],"wp:attachment":[{"href":"https:\/\/blogs.hoy.es\/libreconlibros\/wp-json\/wp\/v2\/media?parent=1469"}],"wp:term":[{"taxonomy":"category","embeddable":true,"href":"https:\/\/blogs.hoy.es\/libreconlibros\/wp-json\/wp\/v2\/categories?post=1469"},{"taxonomy":"post_tag","embeddable":true,"href":"https:\/\/blogs.hoy.es\/libreconlibros\/wp-json\/wp\/v2\/tags?post=1469"}],"curies":[{"name":"wp","href":"https:\/\/api.w.org\/{rel}","templated":true}]}}