{"id":1562,"date":"2021-11-27T09:51:03","date_gmt":"2021-11-27T08:51:03","guid":{"rendered":"https:\/\/blogs.hoy.es\/libreconlibros\/?p=1562"},"modified":"2021-11-27T09:51:03","modified_gmt":"2021-11-27T08:51:03","slug":"mujeres-pioneras","status":"publish","type":"post","link":"https:\/\/blogs.hoy.es\/libreconlibros\/2021\/11\/27\/mujeres-pioneras\/","title":{"rendered":"\u00a0\u00a0\u00a0\u00a0\u00a0\u00a0\u00a0\u00a0 MUJERES PIONERAS"},"content":{"rendered":"<p>&nbsp;<\/p>\n<p>A cualquier persona medianamente informada le resulta f\u00e1cil componer una extensa lista con nombres masculinos de navegantes, conquistadores, arquitectos, juristas o religiosos c\u00e9lebres que protagonizaron el descubrimiento, dominio, colonizaci\u00f3n,\u00a0 evangelizaci\u00f3n y mestizaje de Am\u00e9rica. \u00bfQu\u00e9 ocurre si se le pide otra de mujeres pasadas al Nuevo Mundo como esposas, compa\u00f1eras, sirvientes, concubinas o herederas de tales hombres? Claro que tambi\u00e9n miles y miles de estos mismos permanecer\u00e1n para siempre an\u00f3nimos. Lo denunciaba a su modo, igualmente machista, B. Brecht cuando en el \u201cPoema de un obrero que lee\u201d se pregunta por los alba\u00f1iles constructores de Tebas, la muralla China, Babilonia o Roma; los soldados de Alejandro; el cocinero de C\u00e9sar durante la guerra de las Galias o los n\u00e1ufragos de la Armada Invencible.<\/p>\n<p>Carmen Garc\u00eda, especializada en Historia Militar, ha impartido docencia en la Universidad Francisco de Vitoria y en el ESIC Business &amp; Marketing School y ha trabajado en el Departamento de Archivos Navales del Instituto de Historia y Cultura Naval, as\u00ed como en la secci\u00f3n de Comunicaci\u00f3n Estrat\u00e9gica del Gabinete del JEMAD. Con <em>Pioneras <\/em>se ha propuesto difundir, en lo posible, \u201cla desconocida y apasionante historia de aquellas mujeres que hicieron posible la Am\u00e9rica que hoy conocemos\u201d, fij\u00e1ndose fundamentalmente en las espa\u00f1olas hasta all\u00ed emigradas durante el siglo XVI.<\/p>\n<p>La autora reconoce la escasez de documentaci\u00f3n al respecto, en la mayor\u00eda de los casos porque los bur\u00f3cratas oficiales apenas se preocuparon de consignar, seg\u00fan hac\u00edan con los hombres, las condiciones y circunstancias femeninas. S\u00f3lo recurriendo a referencias ocasionales (en cartas, testamentos, pleitos, capitulaciones, solicitudes, cr\u00f3nicas de la conquista, contratos de compraventa) se puede recomponer, siquiera sea parcialmente y en peque\u00f1o n\u00famero, las biograf\u00edas de tantos miles de mujeres (en torno a un 20% del total de pasajeros a Indias) que, ya desde el segundo viaje de Col\u00f3n, no dudaron en \u201cpasar el charco\u201d, por diferentes motivaciones.<\/p>\n<p>Desde luego, \u201cla Corona espa\u00f1ola propicio que viajaran al Nuevo Mundo las mujeres de los colonizadores, de tal forma que se promulgaron leyes y se dictaron disposiciones que favorec\u00edan y tambi\u00e9n las hubo que obligaban a los colonos a viajar con sus esposas o mandar traer a las que se hab\u00edan quedado en Espa\u00f1a\u201d (p\u00e1g. 59). Otra cosa es que se cumplieran siempre, ni siquiera merced a los tribunales de la Inquisici\u00f3n (que comenz\u00f3 a funcionar en M\u00e9xico a partir de 1571).<\/p>\n<p>Entre las muchas damas incluidas en estas p\u00e1ginas, voy a recordar varias que, naturales de Extremadura, desarrollaron un papel de mayor trascendencia hist\u00f3rica. Mar\u00eda Escobar e In\u00e9s Mu\u00f1oz de Alc\u00e1ntara, cu\u00f1ada de Pizarro, introdujeron el trigo en Am\u00e9rica (Per\u00fa). La llerenense Catalina de Bustamante, embarcada con su esposo y dos hijas rumbo a Santo Domingo el 5-V-1514, merecer\u00e1 el t\u00edtulo de \u201cla primera maestra de Am\u00e9rica\u201d por los numerosos colegios que fund\u00f3 y mantuvo en distintas poblaciones mexicanas. Mar\u00eda de Esquivel engendr\u00f3 con Carlos Ynca Yupanqui, nieto de Huayna Capac, a Carlos Inquill Topa, que llegar\u00eda a ser regidor de Cuzco y casar\u00eda con la trujillana Mar\u00eda Esquivel Amarilla, dando origen a una poderosa familia mestiza. Sobre Ana de Ayala se lee en el <em>DBE.RAH <\/em>que \u201ctras la muerte de su marido en el bergant\u00edn en el que navegaban por el Amazonas, lleg\u00f3 con el resto de los supervivientes a la isla de Margarita, desde donde fue primero a Nombre de Dios y luego a Panam\u00e1\u201d. A la placentina In\u00e9s Su\u00e1rez, sin duda la m\u00e1s c\u00e9lebre, extraordinaria compa\u00f1era de Pedro de Valdivia y la primera espa\u00f1ola que pis\u00f3 Chile, se le han dedicado dos cap\u00edtulos (pp. 185-192). Si bien no mostrar\u00eda menos valor la noble cacere\u00f1a Menc\u00eda de los Nidos, a la que Ercilla tan elogiosamente dedic\u00f3 varias estrofas en <em>La Araucana.<\/em><\/p>\n<p>El libro de Carmen Garc\u00eda, prologado por Agust\u00edn Ram\u00f3n Rodr\u00edguez Gonz\u00e1lez, acad\u00e9mico e historiador, compuesto con sencillez metodol\u00f3gica y lenguaje cotidiano, constituye una excelente proped\u00e9utica.<\/p>\n<p><em>\u00a0<\/em><\/p>\n<p>&nbsp;<\/p>\n<p>&nbsp;<\/p>\n<p>&nbsp;<\/p>\n<p>Carmen Garc\u00eda, <em>Pioneras. Mujeres en la conquista de Am\u00e9rica. <\/em>C\u00f3rdoba, Almuzara, 2021.<\/p>\n<p>&nbsp;<\/p>\n<p>&nbsp;<\/p>\n<p>&nbsp;<\/p>\n<p>&nbsp;<\/p>\n","protected":false},"excerpt":{"rendered":"<p>&nbsp; A cualquier persona medianamente informada le resulta f\u00e1cil componer una extensa lista con nombres masculinos de navegantes, conquistadores, arquitectos, juristas o religiosos c\u00e9lebres que protagonizaron el descubrimiento, dominio, colonizaci\u00f3n,\u00a0 evangelizaci\u00f3n y mestizaje de Am\u00e9rica. \u00bfQu\u00e9 ocurre si se le pide otra de mujeres pasadas al Nuevo Mundo como esposas, compa\u00f1eras, sirvientes, concubinas o herederas [&hellip;]<\/p>\n","protected":false},"author":9,"featured_media":0,"comment_status":"open","ping_status":"closed","sticky":false,"template":"","format":"standard","meta":[],"categories":[1],"tags":[],"_links":{"self":[{"href":"https:\/\/blogs.hoy.es\/libreconlibros\/wp-json\/wp\/v2\/posts\/1562"}],"collection":[{"href":"https:\/\/blogs.hoy.es\/libreconlibros\/wp-json\/wp\/v2\/posts"}],"about":[{"href":"https:\/\/blogs.hoy.es\/libreconlibros\/wp-json\/wp\/v2\/types\/post"}],"author":[{"embeddable":true,"href":"https:\/\/blogs.hoy.es\/libreconlibros\/wp-json\/wp\/v2\/users\/9"}],"replies":[{"embeddable":true,"href":"https:\/\/blogs.hoy.es\/libreconlibros\/wp-json\/wp\/v2\/comments?post=1562"}],"version-history":[{"count":1,"href":"https:\/\/blogs.hoy.es\/libreconlibros\/wp-json\/wp\/v2\/posts\/1562\/revisions"}],"predecessor-version":[{"id":1563,"href":"https:\/\/blogs.hoy.es\/libreconlibros\/wp-json\/wp\/v2\/posts\/1562\/revisions\/1563"}],"wp:attachment":[{"href":"https:\/\/blogs.hoy.es\/libreconlibros\/wp-json\/wp\/v2\/media?parent=1562"}],"wp:term":[{"taxonomy":"category","embeddable":true,"href":"https:\/\/blogs.hoy.es\/libreconlibros\/wp-json\/wp\/v2\/categories?post=1562"},{"taxonomy":"post_tag","embeddable":true,"href":"https:\/\/blogs.hoy.es\/libreconlibros\/wp-json\/wp\/v2\/tags?post=1562"}],"curies":[{"name":"wp","href":"https:\/\/api.w.org\/{rel}","templated":true}]}}