{"id":1895,"date":"2024-07-13T10:17:51","date_gmt":"2024-07-13T09:17:51","guid":{"rendered":"https:\/\/blogs.hoy.es\/libreconlibros\/?p=1895"},"modified":"2024-07-13T10:17:51","modified_gmt":"2024-07-13T09:17:51","slug":"hernandez-mancha-memorias-y-ensayos","status":"publish","type":"post","link":"https:\/\/blogs.hoy.es\/libreconlibros\/2024\/07\/13\/hernandez-mancha-memorias-y-ensayos\/","title":{"rendered":"HERN\u00c1NDEZ MANCHA. MEMORIAS Y ENSAYOS"},"content":{"rendered":"<p>&nbsp;<\/p>\n<p>&nbsp;<\/p>\n<p>&nbsp;<\/p>\n<p>Hern\u00e1ndez Mancha (Guare\u00f1a, 1951) ha sido otro de los que aprovecharon la reclusi\u00f3n forzada por el Covid para escribir una obra que bascula entre la autobiograf\u00eda y el ensayo. En la misma se alternan recuerdos personales, an\u00e9cdotas m\u00e1s o menos sustanciosas, an\u00e1lisis sociopol\u00edticos y apuntes de actualidad que persiguen un doble fin: rescatar la memoria de sus principales labores p\u00fablicas, injustamente olvidadas en su opini\u00f3n, y desarrollar un ideario militante contra las tesis m\u00e1s defendidas por las izquierdas. En ambas proyecciones se presenta como escritor culto y bien informado, de prosa di\u00e1fana, con notable sentido del humor.<\/p>\n<p>Miembro distinguido e incluso expresidente nacional de AP (reconvertida luego en <a href=\"https:\/\/theobjective.com\/etiqueta\/pp\/\" rel=\"external nofollow\">PP<\/a>), presume en los cap\u00edtulos biogr\u00e1ficos de un conjunto de logros, cuya consecuci\u00f3n va presentando con detalles: la refundaci\u00f3n de su partido en la \u00f3rbita de los populares europeos, luego de la ruptura con M. Thatcher (le horroriza lo ocurrido en Gibraltar con los j\u00f3venes del IRA); el recambio generacional operado en sus filas, tras los \u201csiete magn\u00edficos\u201d cofundadores; la regionalizaci\u00f3n de Alianza Popular, frente al viejo centralismo, ya inoperante; el arreglo de la econom\u00eda del grupo, tras la ruinosa situaci\u00f3n en que Fraga la dejase, consiguiendo nuevas ayudas de la Banca (E. Bot\u00edn) y el despido\u00a0 del tesorero, Luis B\u00e1rcenas, junto a otros corruptos; la mejora de las relaciones con USA, merced al trato\u00a0 con R. Reagan; la ruptura del techo electoral de su partido, a lo que habr\u00eda contribuido la famosa moci\u00f3n de censura que perdiera contra Felipe Gonz\u00e1lez (a quien, por otra parte, reconoce grandes valores, lo mismo que a Julio Anguita) y, finalmente, la reunificaci\u00f3n de los grupos de centro-derecha.<\/p>\n<p>Se precia tambi\u00e9n de haber contribuido a que Adolfo Su\u00e1rez (por quien no muestra simpat\u00eda alguna) no consiguiese levantar el vuelo tras la implosi\u00f3n de la UC. Aznar no habr\u00eda hecho sino recoger los frutos de siembras y planteamientos que el autor se atribuye. De todo ello se ofrece pormenorizada relaci\u00f3n, siempre, seg\u00fan es l\u00f3gico, a partir de sus muy personales, y por ende discutibles, puntos de vista. Tambi\u00e9n, con alguna imprecisi\u00f3n, como atribuir a la CNT hasta 5 millones de afiliados (p.191), cuando el sindicato anarquista ni durante la\u00a0\u00a0 guerra civil super\u00f3 los 2 millones.<\/p>\n<p>Abogado del Estado desde muy joven, H. Mancha, que no olvida sus participaciones en <em>La Clave <\/em>de Balb\u00edn, lleva m\u00e1s de seis lustros al margen de la pol\u00edtica, gan\u00e1ndose la vida en su bufete madrile\u00f1o, pero sin dejar de interesarse por la cosa p\u00fablica. Se declara admirador de Ortega y Gasset, dem\u00f3crata convencido y simpatizante con los heterodoxos tanto en religi\u00f3n, como en sociolog\u00eda y literatura, y con un yerno musulm\u00e1n. Cat\u00f3lico, admira a la Orden del de As\u00eds (\u201cla enorme sencillez de la fe franciscana, su sentido de la caridad con el dolor ajeno, su despegue de los bienes materiales\u2026\u201d, p. 85).<\/p>\n<p>Pero, m\u00e1s que nada, \u00a0al ensayista se le percibe contrario absoluto al socialismo, a cuyos defensores hist\u00f3ricos les niega el pan y la sal, atribuy\u00e9ndoles las mayores cat\u00e1strofes contempor\u00e1neas y consider\u00e1ndolos hoy absolutamente superados por la realidad econ\u00f3mica en los pa\u00edses con mayor desarrollo. \u00abS\u00e1nchez est\u00e1 con los socialistas del Tercer Mundo, los bolivarianos, toda esta tropa que tiene a sus pa\u00edses en la ruina m\u00e1s absoluta\u00bb, declara, a la vez que le augura un final pr\u00f3ximo si las derechas se unen.<\/p>\n<p>Sus cap\u00edtulos sobre acontecimientos de actualidad son ensayos en los que analiza la guerra Rusia-Ucrania, la causa del separatismo en Catalu\u00f1a y Vascongadas, los avances hacia los Estados Unidos de Europa o las relaciones entre Latinoam\u00e9rica y Espa\u00f1a, con especial atenci\u00f3n a M\u00e9xico. Tal vez el de mayor alcance sea el que dedica a las \u201ctrampas del lenguaje\u201d, las manipulaciones que a su entender construyen las izquierdas y donde se dejan prender sus contrarios. Se adjuntan un buen n\u00famero de tales constructos expresivos, cada d\u00eda m\u00e1s frecuentes en los medios de comunicaci\u00f3n. Tambi\u00e9n son de calado sus cr\u00edticas a lo que, de modo eufem\u00edstico, llama \u201cuso alternativo del derecho\u201d por parte de jueces y fiscales, denuncia argumentada con rotundos testimonios.<\/p>\n<p>Entre las numerosas an\u00e9cdotas referidas por quien se reconoce taur\u00f3filo convicto, ninguna m\u00e1s sabrosa que la corrida organizada por el famoso \u201cPipo\u201d para que El Cordob\u00e9s lidiase en El Pardo unas vaquillas ante el general Franco, at\u00f3nito ante la desenvoltura del c\u00e9lebre torero.<\/p>\n<p>&nbsp;<\/p>\n<p>Antonio Hern\u00e1ndez Mancha, <em>Secretos de mi partido. <\/em>C\u00f3rdoba, Almuzara, 2024.<\/p>\n<p>&nbsp;<\/p>\n","protected":false},"excerpt":{"rendered":"<p>&nbsp; &nbsp; &nbsp; Hern\u00e1ndez Mancha (Guare\u00f1a, 1951) ha sido otro de los que aprovecharon la reclusi\u00f3n forzada por el Covid para escribir una obra que bascula entre la autobiograf\u00eda y el ensayo. En la misma se alternan recuerdos personales, an\u00e9cdotas m\u00e1s o menos sustanciosas, an\u00e1lisis sociopol\u00edticos y apuntes de actualidad que persiguen un doble fin: [&hellip;]<\/p>\n","protected":false},"author":9,"featured_media":0,"comment_status":"open","ping_status":"closed","sticky":false,"template":"","format":"standard","meta":[],"categories":[1],"tags":[],"_links":{"self":[{"href":"https:\/\/blogs.hoy.es\/libreconlibros\/wp-json\/wp\/v2\/posts\/1895"}],"collection":[{"href":"https:\/\/blogs.hoy.es\/libreconlibros\/wp-json\/wp\/v2\/posts"}],"about":[{"href":"https:\/\/blogs.hoy.es\/libreconlibros\/wp-json\/wp\/v2\/types\/post"}],"author":[{"embeddable":true,"href":"https:\/\/blogs.hoy.es\/libreconlibros\/wp-json\/wp\/v2\/users\/9"}],"replies":[{"embeddable":true,"href":"https:\/\/blogs.hoy.es\/libreconlibros\/wp-json\/wp\/v2\/comments?post=1895"}],"version-history":[{"count":1,"href":"https:\/\/blogs.hoy.es\/libreconlibros\/wp-json\/wp\/v2\/posts\/1895\/revisions"}],"predecessor-version":[{"id":1896,"href":"https:\/\/blogs.hoy.es\/libreconlibros\/wp-json\/wp\/v2\/posts\/1895\/revisions\/1896"}],"wp:attachment":[{"href":"https:\/\/blogs.hoy.es\/libreconlibros\/wp-json\/wp\/v2\/media?parent=1895"}],"wp:term":[{"taxonomy":"category","embeddable":true,"href":"https:\/\/blogs.hoy.es\/libreconlibros\/wp-json\/wp\/v2\/categories?post=1895"},{"taxonomy":"post_tag","embeddable":true,"href":"https:\/\/blogs.hoy.es\/libreconlibros\/wp-json\/wp\/v2\/tags?post=1895"}],"curies":[{"name":"wp","href":"https:\/\/api.w.org\/{rel}","templated":true}]}}