{"id":214,"date":"2011-12-31T12:04:01","date_gmt":"2011-12-31T11:04:01","guid":{"rendered":"http:\/\/blogs.hoy.es\/libreconlibros\/?p=214"},"modified":"2011-12-31T12:04:01","modified_gmt":"2011-12-31T11:04:01","slug":"hortelano-y-lector","status":"publish","type":"post","link":"https:\/\/blogs.hoy.es\/libreconlibros\/2011\/12\/31\/hortelano-y-lector\/","title":{"rendered":"HORTELANO Y LECTOR"},"content":{"rendered":"<p>\nSab\u00edamos que Jos\u00e9 Juli\u00e1n Barriga (Santiago del Campo, 1943) era uno de los periodistas extreme\u00f1os con m\u00e1s amplia trayectoria profesional y mayor compromiso con su tierra. Redactor de los diarios HOY, Pueblo y YA (donde fue director adjunto),  as\u00ed como de la agencia EFE; director adjunto de los Servicios Informativos de la COPE y de los Servicios Informativos de la Presidencia del Gobierno, cuando Adolfo Su\u00e1rez,  y, a partir de 1981, director general de Relaciones Informativas de la Presidencia del Gobierno; director de COMTELSA, agencia especializada en informaci\u00f3n econ\u00f3mica; vicepresidente de SERVIMEDIA\tdurante 1992-2005, periodo en el que editar\u00eda una larga veintena de revistas y cre\u00f3 varias publicaciones digitales; miembro directivo de la Asociaci\u00f3n de la Prensa de Madrid; contertulio habitual de la COPE, ONDA CERO, TVE, PUNTO RADIO, etc., etc., este cacere\u00f1o, que ha viajado por medio mundo, pone de manifiesto en su libro otras dos facetas admirables, seg\u00fan recoge el t\u00edtulo de estas l\u00edneas. Sobre ambas escribe sosegadamente un texto magn\u00edfico, alternando en cada entrada una y otra, d\u00e1ndole distinto tratamiento gr\u00e1fico: caja redonda para la primera, cursivas en la segunda. Entre las dos establece una y otra vez lazos socorridos por asociaciones de ideas, espont\u00e1neas o reflexivas.<br \/>\n\u201cDel monte en la ladera\/por mi mano plantado tengo un huerto\/que con la Primavera\/de bella flor cubierto\/\/ya muestra en esperanza el fruto cierto\u201d, cantaba orgulloso fray Luis. Tambi\u00e9n nuestro autor posee casa y huerta en la Calleja del Altozano. Pese a tantas labores period\u00edsticas por \u00e9l desarrolladas, supo encontrar tiempo para volver asiduamente a sus ra\u00edces rurales y no romper lazos con la cultura campesina de la que se impregn\u00f3 en la infancia. Cada parte de la obra, dividida como otras cl\u00e1sicas seg\u00fan las estaciones del a\u00f1o, recoge las vivencias del autor en su territorio cacere\u00f1o. Sin duda, la \u00e9poca primaveral, con la que abre el libro, cuando Extremadura viste sus campos de galas inigualables, es la tratada m\u00e1s amplia y brillantemente, pero en absoluto desmerezcan las otras tres. Siempre, con la oportuna de Juan Ram\u00f3n, su poeta m\u00e1s requerido. Este hortelano at\u00edpico sabe apreciar como pocos paisaje y paisanaje, los usos y costumbres, la historia y las extraordinarias creaciones de su rinc\u00f3n rural. Sin menosprecio de la \u201cCorte\u201d, ha logrado componer encendidas alabanzas de la \u201cAldea\u201d, en un lenguaje que admira por su precisi\u00f3n y brillantez. Barriga conoce el nombre exacto de las cosas: plantas, \u00e1rboles, piedras, aves,  arroyos, cerros, barrancos\u2026 , as\u00ed como el de las personas all\u00ed asentadas, con las que gusta compartir antiguas leyendas e historias m\u00e1s o menos actuales, hablar de las tradiciones, sopesar el curso cotidiano de la vida y  trocar graciosamente los frutos de los respectivos bancales<br \/>\nPero Barriga se nos muestra tambi\u00e9n como un lector prodigioso. Aunque nada escrito le es ajeno, sus dedicaciones siguen una doble l\u00ednea. Por un lado, ama las obras que dicen relaci\u00f3n directa con la agricultura. Por otro, las biograf\u00edas de los autores vinculados al terru\u00f1o, el locus amoenus  gozado merced a herencia, compra o amistosa cesi\u00f3n. Como bibli\u00f3filo sin m\u00e1cula, Barriga los ha ido leyendo en ejemplares de su propiedad, adquiridos muchas veces tras afanosa b\u00fasqueda; se\u00f1ala las particularidades de cada volumen, antes de someter los contenidos a nuestra consideraci\u00f3n. Y, por m\u00e1s que se obstine en presentarse cual lector  amateur, avanza an\u00e1lisis formales de cada obra y escritor , tan sugerentes como los del mejor cr\u00edtico. Merced a estas p\u00e1ginas, cargadas de gui\u00f1os, vemos transitar, por decir algunos de tantos, a Columela  o Varr\u00f3n por sus predios romanos; a Baroja en su caser\u00edo ; J\u00fcnger en Kirchhorts; Pla, sobre el camino viejo de Begur;  Rilke admirando a Ronda;  Canetti, en Rustchuuk;  al Tolstoi de Y\u00e1snaya Polyana; Proust, du c\u00f4t\u00e9 de chez  Swann o Brenan recorriendo las Alpujarras. Y, siempre, Juan Ram\u00f3n pr\u00f3ximo a Moguer.<br \/>\nMelanc\u00f3lico, con un punto de epicure\u00edsmo, admirador de la ILE, mit\u00f3mano de la belleza, humilde y consciente de las  contradicciones propias, Jos\u00e9 Juli\u00e1n Barriga ha compuesto en estas  sus memorias parciales un libro extraordinario, con el que se goza y aprende sin soluci\u00f3n de continuidad.<\/p>\n<p>Jos\u00e9 Juli\u00e1n Barriga Bravo, Calleja del Altozano.  Madrid, Beturia, 2011.<br \/>\n.<\/p>\n","protected":false},"excerpt":{"rendered":"<p>Sab\u00edamos que Jos\u00e9 Juli\u00e1n Barriga (Santiago del Campo, 1943) era uno de los periodistas extreme\u00f1os con m\u00e1s amplia trayectoria profesional y mayor compromiso con su tierra. Redactor de los diarios HOY, Pueblo y YA (donde fue director adjunto), as\u00ed como de la agencia EFE; director adjunto de los Servicios Informativos de la COPE y de [&hellip;]<\/p>\n","protected":false},"author":9,"featured_media":0,"comment_status":"open","ping_status":"closed","sticky":false,"template":"","format":"standard","meta":[],"categories":[3],"tags":[],"_links":{"self":[{"href":"https:\/\/blogs.hoy.es\/libreconlibros\/wp-json\/wp\/v2\/posts\/214"}],"collection":[{"href":"https:\/\/blogs.hoy.es\/libreconlibros\/wp-json\/wp\/v2\/posts"}],"about":[{"href":"https:\/\/blogs.hoy.es\/libreconlibros\/wp-json\/wp\/v2\/types\/post"}],"author":[{"embeddable":true,"href":"https:\/\/blogs.hoy.es\/libreconlibros\/wp-json\/wp\/v2\/users\/9"}],"replies":[{"embeddable":true,"href":"https:\/\/blogs.hoy.es\/libreconlibros\/wp-json\/wp\/v2\/comments?post=214"}],"version-history":[{"count":0,"href":"https:\/\/blogs.hoy.es\/libreconlibros\/wp-json\/wp\/v2\/posts\/214\/revisions"}],"wp:attachment":[{"href":"https:\/\/blogs.hoy.es\/libreconlibros\/wp-json\/wp\/v2\/media?parent=214"}],"wp:term":[{"taxonomy":"category","embeddable":true,"href":"https:\/\/blogs.hoy.es\/libreconlibros\/wp-json\/wp\/v2\/categories?post=214"},{"taxonomy":"post_tag","embeddable":true,"href":"https:\/\/blogs.hoy.es\/libreconlibros\/wp-json\/wp\/v2\/tags?post=214"}],"curies":[{"name":"wp","href":"https:\/\/api.w.org\/{rel}","templated":true}]}}