{"id":250,"date":"2012-05-30T14:57:47","date_gmt":"2012-05-30T13:57:47","guid":{"rendered":"http:\/\/blogs.hoy.es\/libreconlibros\/?p=250"},"modified":"2012-05-30T14:57:47","modified_gmt":"2012-05-30T13:57:47","slug":"las-destrezas-del-agua","status":"publish","type":"post","link":"https:\/\/blogs.hoy.es\/libreconlibros\/2012\/05\/30\/las-destrezas-del-agua\/","title":{"rendered":"Las destrezas del Agua de Ara\u00fajo"},"content":{"rendered":"<div id=\"attachment_254\" style=\"width: 512px\" class=\"wp-caption aligncenter\"><a href=\"\/libreconlibros\/wp-content\/uploads\/sites\/7\/2012\/05\/joaqu%C3%ADn-Ara%C3%BAjo1.jpg\"><img aria-describedby=\"caption-attachment-254\" loading=\"lazy\" class=\"size-large wp-image-254  \" title=\"Joaqu\u00edn Ara\u00fajo lleg\u00f3 a Extremadura hace 30 a\u00f1os, y aqu\u00ed sigue.\" src=\"\/libreconlibros\/wp-content\/uploads\/sites\/7\/2012\/05\/joaqu%C3%ADn-Ara%C3%BAjo1.jpg\" alt=\"Joaqu\u00edn Ara\u00fajo lleg\u00f3 a Extremadura hace 30 a\u00f1os, y aqu\u00ed sigue.\" width=\"502\" height=\"334\" \/><\/a><p id=\"caption-attachment-254\" class=\"wp-caption-text\">Joaqu\u00edn Ara\u00fajo lleg\u00f3 a Extremadura hace 30 a\u00f1os, y aqu\u00ed sigue.<\/p><\/div>\n<p>Nadie extra\u00f1ar\u00e1 que alguien <strong>tan comprometido con el estudio,<\/strong><\/p>\n<p><strong>conservaci\u00f3n y defensa de la Naturaleza<\/strong> se muestre fascinado por uno<\/p>\n<p>de sus principales elementos, justo aquel al que ya <strong>Tales<\/strong>, el primer<\/p>\n<p>fil\u00f3sofo occidental, consideraba el principio de las cosas todas. Es<\/p>\n<p>el caso de <strong>Joaqu\u00edn Ara\u00fajo<\/strong> (Madrid, 1947), el ecologista que se vino a<\/p>\n<p>Extremadura hace treinta a\u00f1os y, sin dejar de moverse por el mundo<\/p>\n<p>entero, aqu\u00ed sigue, dedicado a labores m\u00faltiples. Le gusta<\/p>\n<p>presentarse como <strong>agricultor, ganadero y selvicultor<\/strong>, que <strong>ha plantado<\/strong><\/p>\n<p><strong> personalmente 22.000 \u00e1rboles y propiciado la plantaci\u00f3n de otro<\/strong><\/p>\n<p><strong> mill\u00f3n y medio<\/strong>. Tambi\u00e9n conferenciante, contertulio, articulista,<\/p>\n<p>guionista y director de documentales, ha tenido tiempo para escribir<\/p>\n<p>casi un centenar de ensayos, m\u00e1s una comedia y tres poemarios.<\/p>\n<p>La v<strong>ena l\u00edrica de<\/strong> Ara\u00fajo resulta evidente en todas las manifestaciones de<\/p>\n<p>su compleja personalidad, seg\u00fan pueden testificarlo muchos miles de<\/p>\n<p>lectores y oyentes. Lo demuestra, una vez m\u00e1s, en este su \u00faltimo<\/p>\n<p>libro, exquisitamente impreso.<\/p>\n<p>Lo primero que atrae la atenci\u00f3n es la <strong>originalidad del formato<\/strong>: un<\/p>\n<p>centenar de p\u00e1ginas apaisadas, compuestas en <strong>caligraf\u00eda manuscrita por<\/strong><\/p>\n<p><strong> el propio escritor y tinta azul<\/strong>, en las que a menudo aparecen<\/p>\n<p>pictogramas chinos, acordes con los poemas ilustrados.<\/p>\n<p><strong>Todos los versos se ocupan monotem\u00e1ticamente<\/strong>, cual si de una sinfon\u00eda<\/p>\n<p>reiterativa se tratase, <strong>del agua<\/strong>, \u00fanico leitmotiv.<\/p>\n<p>Y es que, seg\u00fan adelanta Ara\u00fajo en el hontanar de los preliminares, \u201c<strong>Nada hay, a<\/strong><\/p>\n<p><strong> excepci\u00f3n del aire, del que tambi\u00e9n forma parte, tan abierto.<\/strong> Tanto<\/p>\n<p>que el agua camina siempre en dos direcciones al mismo tiempo.<\/p>\n<p>Coloniza y es colonizada. Tesoro, pues, est\u00e9 donde est\u00e9. <strong>Nunca se<\/strong><\/p>\n<p><strong> cierra ante anda<\/strong>. En consecuencia, nunca dejar de fluir por dentro de<\/p>\n<p>todos los paisajes, todos los seres vivos, todos los tiempos\u2026 \u00bfTodos<\/p>\n<p>los futuros?\u201d (p\u00e1g. 4)<\/p>\n<p>Esta interrogante, pregunta que no quiere ser dram\u00e1tica (considerando<\/p>\n<p>la despilfarradora e irresponsable actitud de industrias y<\/p>\n<p>ciudadanos), sino terap\u00e9utica, explica la motivaci\u00f3n de no pocos<\/p>\n<p>versos, si bien la mayor\u00eda est\u00e1n destinados a cantar las <strong>destrezas<\/strong><\/p>\n<p><strong> del agua<\/strong> y los v\u00ednculos profundos que con el hombre la ligan. El<\/p>\n<p>autor nos quiere trasmitir en estos encendidos poemas, plagados de<\/p>\n<p>elementos simb\u00f3licos, la pasi\u00f3n que por ella siente.<\/p>\n<p>Aunque la mayor\u00eda son de amplio alcance, no falta un <strong>conjunto de haik\u00fa<\/strong>s, cuya<\/p>\n<p>desnudez y brevedad tan oportunamente se adec\u00faan al l\u00edquido elemento,<\/p>\n<p>capaz de recoge en una sola gota todo un mundo de sensaciones ,<\/p>\n<p>microorganismos y significados.<\/p>\n<p>Amante del <strong>oximoron, las paradojas, el retru\u00e9cano , los neologismos<\/strong> (\u201c el agua inmensea\u201d, p\u00e1g. 56) y otros<\/p>\n<p>juegos ling\u00fc\u00edsticos, Ara\u00fajo<\/p>\n<p>nos sorprende una y otra vez con <strong>im\u00e1genes esplendorosas, met\u00e1foras<\/strong><\/p>\n<p><strong> tan imprevistas como felice<\/strong>s: \u201cel agua es un ojo que mira\/al universo<\/p>\n<p>sin pesta\u00f1as ni\/p\u00e1rpados\u201d (p. 28); \u201cel agua es el hueso del aire\/en<\/p>\n<p>el cuerpo de la vida (p\u00e1g. 32); \u201cla piedra del agua es lisa como\/la<\/p>\n<p>piel del aire\u201d (p\u00e1g. 34); \u201cla tierra mojada huele a G\u00e9nesis\u201d (p\u00e1g.39);<\/p>\n<p><strong>Somos una ca\u00f1a pensante, proclam\u00f3 Pascal<\/strong>. <strong>Somos \u201cagua que piensa \u201c<\/strong>,<\/p>\n<p>parafrasea el ecologista, a menudo inmerso en definiciones sem\u00e1nticas<\/p>\n<p>y etimol\u00f3gicas o excursos filos\u00f3ficos y metaling\u00fc\u00edsticos. Y puesto<\/p>\n<p>que, contra el dicho com\u00fan, toda agua pasada sigue moviendo y llorar<\/p>\n<p>se llora siempre con agua (p\u00e1g. 43) y <strong>no hay mejor causa que defender<\/strong><\/p>\n<p><strong> lo que causa la vida<\/strong> (p\u00e1g. 49), nos adherimos convencidamente al<\/p>\n<p>toque de atenci\u00f3n: \u201c<strong>Siempre al lado de lo que nos\/hace, como el agua.<\/strong><\/p>\n<p><strong> Siempre en\/contra de los que nos deshace\/como el desprecio\u201d<\/strong> (p\u00e1g. 63).<\/p>\n<p>Sin olvidar que el agua tambi\u00e9n mata, pero s\u00f3lo cuando antes la<\/p>\n<p>hab\u00edan matado. Concluimos con unos versos, a los que en la obra<\/p>\n<p>ilustra el correspondiente ideograma chino , de tanta belleza<\/p>\n<p>pl\u00e1stica como conceptual: \u201c<strong>honesto es el que disfruta con el agua<\/strong><\/p>\n<p><strong> limpia\u201d<\/strong>.<\/p>\n<p><strong>Joaqu\u00edn Ara\u00fajo, Agua. Gadir Editorial, 2012.<\/strong><\/p>\n","protected":false},"excerpt":{"rendered":"<p>Nadie extra\u00f1ar\u00e1 que alguien tan comprometido con el estudio, conservaci\u00f3n y defensa de la Naturaleza se muestre fascinado por uno de sus principales elementos, justo aquel al que ya Tales, el primer fil\u00f3sofo occidental, consideraba el principio de las cosas todas. Es el caso de Joaqu\u00edn Ara\u00fajo (Madrid, 1947), el ecologista que se vino a [&hellip;]<\/p>\n","protected":false},"author":9,"featured_media":0,"comment_status":"open","ping_status":"closed","sticky":false,"template":"","format":"standard","meta":[],"categories":[3],"tags":[5,16,41,54,76,87],"_links":{"self":[{"href":"https:\/\/blogs.hoy.es\/libreconlibros\/wp-json\/wp\/v2\/posts\/250"}],"collection":[{"href":"https:\/\/blogs.hoy.es\/libreconlibros\/wp-json\/wp\/v2\/posts"}],"about":[{"href":"https:\/\/blogs.hoy.es\/libreconlibros\/wp-json\/wp\/v2\/types\/post"}],"author":[{"embeddable":true,"href":"https:\/\/blogs.hoy.es\/libreconlibros\/wp-json\/wp\/v2\/users\/9"}],"replies":[{"embeddable":true,"href":"https:\/\/blogs.hoy.es\/libreconlibros\/wp-json\/wp\/v2\/comments?post=250"}],"version-history":[{"count":0,"href":"https:\/\/blogs.hoy.es\/libreconlibros\/wp-json\/wp\/v2\/posts\/250\/revisions"}],"wp:attachment":[{"href":"https:\/\/blogs.hoy.es\/libreconlibros\/wp-json\/wp\/v2\/media?parent=250"}],"wp:term":[{"taxonomy":"category","embeddable":true,"href":"https:\/\/blogs.hoy.es\/libreconlibros\/wp-json\/wp\/v2\/categories?post=250"},{"taxonomy":"post_tag","embeddable":true,"href":"https:\/\/blogs.hoy.es\/libreconlibros\/wp-json\/wp\/v2\/tags?post=250"}],"curies":[{"name":"wp","href":"https:\/\/api.w.org\/{rel}","templated":true}]}}