{"id":257,"date":"2012-06-11T16:11:42","date_gmt":"2012-06-11T15:11:42","guid":{"rendered":"http:\/\/blogs.hoy.es\/libreconlibros\/?p=257"},"modified":"2012-06-11T16:11:42","modified_gmt":"2012-06-11T15:11:42","slug":"anecedentes-de-la-guerra-civil","status":"publish","type":"post","link":"https:\/\/blogs.hoy.es\/libreconlibros\/2012\/06\/11\/anecedentes-de-la-guerra-civil\/","title":{"rendered":"Antecedentes de la Guerra Civil, de Luis Romero Solano"},"content":{"rendered":"<div id=\"attachment_260\" style=\"width: 148px\" class=\"wp-caption aligncenter\"><a href=\"\/libreconlibros\/wp-content\/uploads\/sites\/7\/2012\/06\/Romero-Solano.jpg\"><img aria-describedby=\"caption-attachment-260\" loading=\"lazy\" class=\"size-full wp-image-260\" title=\"Luis Romero-Solano\" src=\"\/libreconlibros\/wp-content\/uploads\/sites\/7\/2012\/06\/Romero-Solano.jpg\" alt=\"Luis Romero-Solano\" width=\"138\" height=\"176\" \/><\/a><p id=\"caption-attachment-260\" class=\"wp-caption-text\">Luis Romero-Solano<\/p><\/div>\n<p>El<strong> a\u00f1o 1947<\/strong> aparec\u00eda en M\u00e9xico (Ed. El Libro perfecto) la obra <strong>&#8220;V\u00edsperas de la guerra civil<\/strong>&#8220;, prologada por <strong>Indalecio Prieto<\/strong>, uno de los pesos pesados del socialismo espa\u00f1ol. Su autor, <strong>Luis Romero Solano<\/strong>, nacido en Alc\u00e1ntara (1908), segu\u00eda sinti\u00e9ndose orgulloso de proclamarse <strong>alba\u00f1i<\/strong>l, aunque hab\u00eda sido una <strong>figura relevante de la izquierda en Extremadura<\/strong>, con cuyos votos fue<strong> diputado en Cortes en 1933 y 1936<\/strong>.<\/p>\n<p>\u201cEra una personalidad joven, moderna y atractiva que presta contraste con los santones cl\u00e1sicos del socialismo cacere\u00f1o, siendo <strong>uno de los mejores oradores de la Casa del Pueblo<\/strong> y colaborador asiduo de su <strong>peri\u00f3dico \u201cUni\u00f3n y Trabajo\u201d<\/strong>.<\/p>\n<p>En 1935 y tras la revoluci\u00f3n de octubre publica un libro bajo el t\u00edtulo <strong>&#8220;Sangr\u00edas de la revoluci\u00f3n\u201d<\/strong>, han escrito en otro lugar los responsables de esta reedici\u00f3n de <strong>V\u00edsperas de la Guerra de Espa\u00f1a<\/strong>. Por cierto, meses despu\u00e9s de salir por vez primera a la luz, la <strong>Direcci\u00f3n General de Propaganda de la dictadura franqui<\/strong>sta ordenaba secuestrar todos los ejemplares de dicho libro que pudiesen entrar en Espa\u00f1a. <strong>Se reedita ahora<\/strong>, anteponiendo al pr\u00f3logo del dirigente astur-bilba\u00edno un amplio preliminar que suscribe <strong>Felipe Cabezas Granado<\/strong>.<br \/>\nEspecializado en el estudio del exilio extreme\u00f1o, el joven historiador, que junto al profesor <strong>Fernando Ayala<\/strong> ya se ocup\u00f3 anteriormente de la figura de Romero Solano, compone aqu\u00ed una muy <strong>interesante biobibliograf\u00eda de este autodidacta alcantarino<\/strong>. Para eso ha tenido que investigar tozudamente en archivos, bibliotecas y hemerotecas, vali\u00e9ndose tambi\u00e9n de los servicios que hoy presta Internet.<br \/>\nComo el t\u00edtulo sugiere, V\u00edsperas de la guerra civil es obra centrada en los meses inmediatos a la sublevaci\u00f3n militar de julio de 1936. Romero Solano se esfuerza por recomponer el clima de m\u00e1xima tensi\u00f3n que se viv\u00eda en Espa\u00f1a, esforz\u00e1ndose en presentar la conducta e ideolog\u00eda de los principales dirigentes de los partidos y sindicatos.<br \/>\nPara que no se le puedan achacar desviaciones interesadas, lo hace r<strong>ecurriendo a testimonios directos<\/strong>, lo que lo induce a reproducir literalmente <strong>discursos parlamentarios<\/strong> (de Aza\u00f1a, Prieto, Largo Caballero, Gil Robles\u2026), <strong>cr\u00f3nicas y art\u00edculos period\u00edsticos<\/strong> (Miguel de Unamuno, Ortega), decretos oficiales, declaraciones de l\u00edderes, autos de instrucci\u00f3n, etc., sin precisar las fuentes de donde los ha ido tomando, aunque <strong>no caben dudas de su exactitud<\/strong>.<br \/>\nIn\u00fatil decir que nuestro hombre, <strong>partidario fervoroso de la joven II Rep\u00fablic<\/strong>a, embiste contra los que tiene por enemigos ac\u00e9rrimos de la misma: organizaciones conservadoras, Iglesia cat\u00f3lica, ej\u00e9rcito africanista, banqueros y terratenientes, el fascismo internacional, etc.<br \/>\nNo obstante, no le falta lucidez para admitir, aunque sea a rega\u00f1adientes, <strong>errores propios<\/strong>, cometidos por los que \u00e9l considera de los suyos. Los fallos de las fuerzas izquierdistas le resultan especialmente graves a ra\u00edz del alzamiento militar, que a <strong>\u00e9l le sorprende en Extremadura<\/strong>.<\/p>\n<p>El <strong>cap\u00edtulo XII y \u00faltimo del libro<\/strong>, para m\u00ed el de mayor inter\u00e9s, est\u00e1 dedicado a relatar c<strong>\u00f3mo pudo eludir las persecuciones de los falangistas<\/strong>, que lo buscaban para fusilarlo, y pasar a zona republicana, donde <strong>combati\u00f3 contra los franquistas hasta el final de la guerra<\/strong>. Muri\u00f3 exiliado en M\u00e9xico (1981), sin renunciar a sus ideales de juventud.<\/p>\n<p><strong>Luis Romero Solano<\/strong>, <strong>V\u00edsperas de la guerra de Espa\u00f1a<\/strong>.<\/p>\n<p><strong>Madrid, <a href=\"http:\/\/www.fondodeculturaeconomica.com\/librerias\/\" target=\"_blank\" rel=\"external nofollow\">Fondo de Cultura Econ\u00f3mica<\/a>, 2012.<\/strong><\/p>\n","protected":false},"excerpt":{"rendered":"<p>El a\u00f1o 1947 aparec\u00eda en M\u00e9xico (Ed. El Libro perfecto) la obra &#8220;V\u00edsperas de la guerra civil&#8220;, prologada por Indalecio Prieto, uno de los pesos pesados del socialismo espa\u00f1ol. Su autor, Luis Romero Solano, nacido en Alc\u00e1ntara (1908), segu\u00eda sinti\u00e9ndose orgulloso de proclamarse alba\u00f1il, aunque hab\u00eda sido una figura relevante de la izquierda en Extremadura, [&hellip;]<\/p>\n","protected":false},"author":9,"featured_media":0,"comment_status":"open","ping_status":"closed","sticky":false,"template":"","format":"standard","meta":[],"categories":[3],"tags":[38,40,47,49,50,69,93,133,141,156,163,164],"_links":{"self":[{"href":"https:\/\/blogs.hoy.es\/libreconlibros\/wp-json\/wp\/v2\/posts\/257"}],"collection":[{"href":"https:\/\/blogs.hoy.es\/libreconlibros\/wp-json\/wp\/v2\/posts"}],"about":[{"href":"https:\/\/blogs.hoy.es\/libreconlibros\/wp-json\/wp\/v2\/types\/post"}],"author":[{"embeddable":true,"href":"https:\/\/blogs.hoy.es\/libreconlibros\/wp-json\/wp\/v2\/users\/9"}],"replies":[{"embeddable":true,"href":"https:\/\/blogs.hoy.es\/libreconlibros\/wp-json\/wp\/v2\/comments?post=257"}],"version-history":[{"count":0,"href":"https:\/\/blogs.hoy.es\/libreconlibros\/wp-json\/wp\/v2\/posts\/257\/revisions"}],"wp:attachment":[{"href":"https:\/\/blogs.hoy.es\/libreconlibros\/wp-json\/wp\/v2\/media?parent=257"}],"wp:term":[{"taxonomy":"category","embeddable":true,"href":"https:\/\/blogs.hoy.es\/libreconlibros\/wp-json\/wp\/v2\/categories?post=257"},{"taxonomy":"post_tag","embeddable":true,"href":"https:\/\/blogs.hoy.es\/libreconlibros\/wp-json\/wp\/v2\/tags?post=257"}],"curies":[{"name":"wp","href":"https:\/\/api.w.org\/{rel}","templated":true}]}}