{"id":261,"date":"2012-06-19T16:50:58","date_gmt":"2012-06-19T15:50:58","guid":{"rendered":"http:\/\/blogs.hoy.es\/libreconlibros\/?p=261"},"modified":"2012-06-19T16:50:58","modified_gmt":"2012-06-19T15:50:58","slug":"la-leyenda-del-rey-arturo","status":"publish","type":"post","link":"https:\/\/blogs.hoy.es\/libreconlibros\/2012\/06\/19\/la-leyenda-del-rey-arturo\/","title":{"rendered":"La Leyenda del Rey Arturo, una trilog\u00eda para volver a so\u00f1ar"},"content":{"rendered":"<div id=\"attachment_264\" style=\"width: 640px\" class=\"wp-caption aligncenter\"><a href=\"\/libreconlibros\/wp-content\/uploads\/sites\/7\/2012\/06\/Rey-Arturo1.jpg\"><img aria-describedby=\"caption-attachment-264\" loading=\"lazy\" class=\"size-full wp-image-264 \" title=\"El Rey Arturo seg\u00fan la fot\u00f3grafa Anna Leibovitz.\" src=\"\/libreconlibros\/wp-content\/uploads\/sites\/7\/2012\/06\/Rey-Arturo1.jpg\" alt=\"El Rey Arturo seg\u00fan la fot\u00f3grafa Anna Leibovitz.\" width=\"630\" height=\"412\" srcset=\"https:\/\/static-blogs.hoy.es\/wp-content\/uploads\/sites\/7\/2012\/06\/Rey-Arturo1.jpg 900w, https:\/\/static-blogs.hoy.es\/wp-content\/uploads\/sites\/7\/2012\/06\/Rey-Arturo1-300x196.jpg 300w, https:\/\/static-blogs.hoy.es\/wp-content\/uploads\/sites\/7\/2012\/06\/Rey-Arturo1-768x502.jpg 768w\" sizes=\"(max-width: 630px) 100vw, 630px\" \/><\/a><p id=\"caption-attachment-264\" class=\"wp-caption-text\">El Rey Arturo seg\u00fan la fot\u00f3grafa Anna Leibovitz.<\/p><\/div>\n<p><strong>La historia del rey Arturo<\/strong> constituye uno de los grandes temas de la literatura europea, especialmente en Inglaterra y Francia. Enriquecida con aditamentos como los de la <strong>Tabla Redonda, Lanzarote, Percival, Galahad, la reina Ginebra, Merl\u00edn, Morgana, Camelot, la Dama del Lago, el Santo Grial o la espada Excalibur<\/strong>, las leyendas sobre el pr\u00edncipe bret\u00f3n han nutrido cr\u00f3nicas, romances y narraciones miles, desde la Alta Edad Media hasta hoy.<\/p>\n<p>Sobre la figura del atractivo pr\u00edncipe ha vuelto <strong>M.K. Hume<\/strong> con la que promete ser una <strong>apasionante trilog\u00eda<\/strong>, <strong>El Rey Arturo<\/strong>, de la que ya se han publicado en espa\u00f1ol <strong>dos entregas<\/strong>, <a href=\"http:\/\/www.alianzaeditorial.es\/cgigeneral\/newFichaProducto.pl?obrcod=2362484&#038;id_sello_editorial_web=34&#038;id_sello_VisualizarDatos=34\" target=\"_blank\" rel=\"external nofollow\"><strong>El hijo del drag\u00f3n<\/strong><\/a> y la que ahora presentamos, <a href=\"http:\/\/www.alianzaeditorial.es\/cgigeneral\/newFichaProducto.pl?obrcod=2772502&#038;id_sello_editorial_web=34&#038;id_sello_VisualizarDatos=34\" target=\"_blank\" rel=\"external nofollow\"><strong>El guerrero de Occidente<\/strong><\/a>.<\/p>\n<p>Nacida en <strong>Ipswich<\/strong> (1948), Australia, profesora de Historia y Literatura Inglesa durante m\u00e1s de 40 a\u00f1os, <strong>Hume<\/strong> se doctor\u00f3 con una tesis sobre <strong>Charles Williams<\/strong>, un poeta dedicado a temas relacionados con el esoterismo y la mitolog\u00eda art\u00farica.<\/p>\n<p>As\u00ed que el <strong>inter\u00e9s sobre aquel monarca idea<\/strong>l viene de antiguo. Su empe\u00f1o m\u00e1ximo parece ser presentarlo a los lectores contempor\u00e1neos no como un personaje m\u00edtico, sino como un <strong>hombre de carne y hueso<\/strong>, dotado de excelentes virtudes f\u00edsicas y morales, extraordinario valor e inteligencia, pero <strong>no libre de graves defectos<\/strong>.<br \/>\nAs\u00ed lo descubrimos en el medio millar de p\u00e1ginas que conforman la <strong>segunda entrega<\/strong>, donde se nos aparece en el cenit de su gloria, pero llamando ya al umbral de la <strong>irremediable decadencia<\/strong>. Orgulloso de la educaci\u00f3n romana recibida, el extraordinario pr\u00edncipe celta gustar\u00eda de reunir en un solo reino a todos los bretones. Tendr\u00e1 que enfrentarse, sin embargo, al tremendo<strong> l\u00edder saj\u00f3n Ironfist<\/strong> , que desea para su etnia el dominio exclusivo de <strong>Breta\u00f1a<\/strong>.<\/p>\n<p>Los relatos de los feroces combates entre ambas facciones, que derrochan sagacidad y valent\u00eda incre\u00edbles, no ahorran detalle alguno. Artor (Arturo) resultar\u00e1 vencedor, porque sus enemigos no aprenden; siguen fieles a las tradiciones de combate, ya obsoletas, y porque \u00e9l cuenta, adem\u00e1s de su propia val\u00eda, con ayudantes tan valiosos como <strong>el mago Merl\u00edn<\/strong>, el <strong>viejo legionario Targo<\/strong> o <strong>el gigantesco Odin<\/strong>, un juto erigido en su guardia personal, am\u00e9n de la terrible <strong>Excalibur<\/strong>. Sin menosprecio de las capacidades guerreras de su hermanastro, <strong>el retorcido Keu<\/strong>, que la postre desencadenar\u00e1 el tr\u00e1gico desenlace de<strong> Camelot<\/strong> (Cadbury).<br \/>\nAunque no poca culpa le cabe tambi\u00e9n a la <strong>fr\u00edvola Ginebra<\/strong> (Wenhaver), con quien Arturo se une en matrimonio sin el m\u00e1s m\u00ednimo amor. Incapaz de darle un heredero, pero s\u00ed de enga\u00f1arlo con el <strong>ingenuo Galv\u00e1n<\/strong>, a la tan hermosa como inconsistente reina la descompone la superior belleza de <strong>Niniana (Dama del Lago<\/strong>), aprendiz de los secretos de la medicina junto a <strong>Merlin (Myrddion<\/strong>), con quien acabar\u00e1 formando la pareja m\u00e1s atractiva de la obra.<br \/>\nEn sus p\u00e1ginas encontramos no s\u00f3lo el retrato de tan complejas personalidades, sino el de toda una \u00e9poca, perfectamente ambientada, y unos lugares descritos como si los estuvi\u00e9ramos visitando: <strong>el suroeste de Britania<\/strong>, con sus innumerables construcciones romanas, semidestruidas tras la ca\u00edda de Roma y cuando los herederos de las antiguas tribus ind\u00edgenas han de enfrentarse a los nuevos invasores (s. VI).<\/p>\n<p>Una novela hist\u00f3rica impregnada con el <strong>aura de los romances cl\u00e1sicos<\/strong> y las habilidades de una narradora excelente. M\u00e9rito notable de traducci\u00f3n (<strong>Paloma Tejada Caller<\/strong>) es haber conseguido verter a un castellano convincente, salvo algunas ca\u00eddas, un texto nada f\u00e1cil en el que la autora derrocha sus conocimientos sobre usos y costumbres, armas, fortalezas, vestidos, religiones, gastronom\u00eda y cultura general de la era, para todos los cuales utiliza un formidable arsenal l\u00e9xico.<\/p>\n<p>M.K. Hume, <strong>El Rey Arturo. El guerrero de Occidente<\/strong>. <a href=\"http:\/\/www.alianzaeditorial.es\/cgi-bin\/main.pl#\" target=\"_blank\" rel=\"external nofollow\">Alianza Editorial<\/a>, 2012.<\/p>\n","protected":false},"excerpt":{"rendered":"<p>La historia del rey Arturo constituye uno de los grandes temas de la literatura europea, especialmente en Inglaterra y Francia. Enriquecida con aditamentos como los de la Tabla Redonda, Lanzarote, Percival, Galahad, la reina Ginebra, Merl\u00edn, Morgana, Camelot, la Dama del Lago, el Santo Grial o la espada Excalibur, las leyendas sobre el pr\u00edncipe bret\u00f3n [&hellip;]<\/p>\n","protected":false},"author":9,"featured_media":0,"comment_status":"open","ping_status":"closed","sticky":false,"template":"","format":"standard","meta":[],"categories":[3],"tags":[],"_links":{"self":[{"href":"https:\/\/blogs.hoy.es\/libreconlibros\/wp-json\/wp\/v2\/posts\/261"}],"collection":[{"href":"https:\/\/blogs.hoy.es\/libreconlibros\/wp-json\/wp\/v2\/posts"}],"about":[{"href":"https:\/\/blogs.hoy.es\/libreconlibros\/wp-json\/wp\/v2\/types\/post"}],"author":[{"embeddable":true,"href":"https:\/\/blogs.hoy.es\/libreconlibros\/wp-json\/wp\/v2\/users\/9"}],"replies":[{"embeddable":true,"href":"https:\/\/blogs.hoy.es\/libreconlibros\/wp-json\/wp\/v2\/comments?post=261"}],"version-history":[{"count":0,"href":"https:\/\/blogs.hoy.es\/libreconlibros\/wp-json\/wp\/v2\/posts\/261\/revisions"}],"wp:attachment":[{"href":"https:\/\/blogs.hoy.es\/libreconlibros\/wp-json\/wp\/v2\/media?parent=261"}],"wp:term":[{"taxonomy":"category","embeddable":true,"href":"https:\/\/blogs.hoy.es\/libreconlibros\/wp-json\/wp\/v2\/categories?post=261"},{"taxonomy":"post_tag","embeddable":true,"href":"https:\/\/blogs.hoy.es\/libreconlibros\/wp-json\/wp\/v2\/tags?post=261"}],"curies":[{"name":"wp","href":"https:\/\/api.w.org\/{rel}","templated":true}]}}