{"id":268,"date":"2012-07-05T17:34:35","date_gmt":"2012-07-05T16:34:35","guid":{"rendered":"http:\/\/blogs.hoy.es\/libreconlibros\/?p=268"},"modified":"2012-07-05T17:34:35","modified_gmt":"2012-07-05T16:34:35","slug":"judios-y-gentiles","status":"publish","type":"post","link":"https:\/\/blogs.hoy.es\/libreconlibros\/2012\/07\/05\/judios-y-gentiles\/","title":{"rendered":"JUD\u00cdOS Y GENTILES"},"content":{"rendered":"<div id=\"attachment_273\" style=\"width: 206px\" class=\"wp-caption alignleft\"><a href=\"\/libreconlibros\/wp-content\/uploads\/sites\/7\/2012\/07\/lapatriaimaginadalibro1.jpg\"><img aria-describedby=\"caption-attachment-273\" loading=\"lazy\" class=\"size-medium wp-image-273\" title=\"Portada del libro La Patria Imaginada.\" src=\"\/libreconlibros\/wp-content\/uploads\/sites\/7\/2012\/07\/lapatriaimaginadalibro1.jpg\" alt=\"Portada del libro La Patria Imaginada.\" width=\"196\" height=\"300\" srcset=\"https:\/\/static-blogs.hoy.es\/wp-content\/uploads\/sites\/7\/2012\/07\/lapatriaimaginadalibro1.jpg 392w, https:\/\/static-blogs.hoy.es\/wp-content\/uploads\/sites\/7\/2012\/07\/lapatriaimaginadalibro1-196x300.jpg 196w\" sizes=\"(max-width: 196px) 100vw, 196px\" \/><\/a><p id=\"caption-attachment-273\" class=\"wp-caption-text\">Portada del libro La Patria Imaginada.<\/p><\/div>\n<p>Hace unos meses d\u00e1bamos cuenta aqu\u00ed de la publicaci\u00f3n de <a href=\"http:\/\/www.pre-textos.com\/escaparate\/product_info.php?products_id=1345\" target=\"_blank\" rel=\"external nofollow\"><span style=\"text-decoration: underline;\">La patria imaginada<\/span> de <strong>M\u00e1ximo Kahn<\/strong><\/a>. Vida y obra de un escritor de tres exilios. (<a href=\"http:\/\/www.pre-textos.com\/\" target=\"_blank\" rel=\"external nofollow\">Valencia Pre-textos<\/a>, 2012), excelente estudio de <a href=\"https:\/\/blogs.hoy.es\/libreconlibros\/2012\/04\/28\/un-judio-hispanoaleman\/\" target=\"_blank\"><strong>Mario Mart\u00edn Gij\u00f3n<\/strong><\/a> ( Villanueva de la Serena, 1979).<\/p>\n<p>Profesor en la Universidad de Extremadura, nos daba a conocer la vida y obras de aquel <strong>original\u00edsimo jud\u00edo alem\u00e1n, enamorado de Espa\u00f1a<\/strong>, donde eligi\u00f3 vivir hasta que la derrota de la <strong>II Rep\u00fablica<\/strong> le oblig\u00f3 a transterrarse nuevamente, falleciendo en Buenos Aires (1957).<\/p>\n<p>Aparte de sus trabajos para las m\u00e1s prestigiosas revistas espa\u00f1olas y alemanas, a cuyos lectores les fue dando a conocer la mejor literatura de ambos pa\u00edses, <strong>Kahn<\/strong> compuso algunos novelas y atrevidos ensayos antropol\u00f3gicos sobre la historia e idiosincrasia del pueblo jud\u00edo, enfrent\u00e1ndose a t\u00f3picos seculares, como <strong>A\u00f1o de noches<\/strong>, <strong>Efra\u00edn de Atenas<\/strong>, <strong>Apocalipsis hisp\u00e1nica<\/strong> y La <strong>Contra-Inquisici\u00f3n<\/strong>. Cap\u00edtulo para la historia de nuestras cenizas.<br \/>\nAntes de morir, dej\u00f3 compuesta <span style=\"text-decoration: underline;\">Arte y Tor\u00e1. Exterior e interior del juda\u00edsmo<\/span>, que no lleg\u00f3 a publicarse, e incluso se dio por perdida. Aparece ahora, en la notable &#8220;<strong>Biblioteca del Exilio<\/strong>&#8221; de la editorial andaluza <a href=\"http:\/\/www.editorialrenacimiento.com\/\" target=\"_blank\" rel=\"external nofollow\"><strong>Renacimiento<\/strong><\/a>. Lo hace con <strong>dos estudios preliminares<\/strong>, uno y otro imprescindibles para adentrarse en la lectura de tan complejo libro, iluminada con casi un centenar de notas a pie de p\u00e1gina.<\/p>\n<p>Suscribe el primero, de considerable extensi\u00f3n, <a href=\"http:http:\/\/www1.unavarra.es\/actualidad\/noticias?contentId=146764\/\/\" target=\"_blank\"><strong>Mario Mart\u00edn<\/strong><\/a>, que resalta los aspectos relevantes de la biograf\u00eda de Kahn (residencia en Toledo, c\u00f3nsul de Espa\u00f1a en Sal\u00f3nica); sus amistades m\u00e1s firmes (<strong>Rosa Chacel<\/strong>, <strong>Gil-Albert<\/strong>) y el lugar que por derecho se merece en la literatura de nuestro pa\u00eds.<\/p>\n<p>Por su parte, <a href=\"http:\/\/icj.huji.ac.il\/oldsite\/staff\/CVLeo.htm\" target=\"_blank\" rel=\"external nofollow\"><strong>Leonardo Senkman<\/strong><\/a>, catedr\u00e1tico de la <a href=\"http:\/\/www.huji.ac.il\/huji\/eng\/\" target=\"_blank\" rel=\"external nofollow\"><strong>Universidad Hebrea de Jerusal\u00e9n<\/strong><\/a>, sopesa las tesis fundamentales del atrevido ensayista, no todas bien aceptadas por la &#8220;ortodoxia&#8221; jud\u00eda.<br \/>\nKahn (que un d\u00eda se atrevi\u00f3 a defender el <strong>origen com\u00fan de hebreos e \u00edberos<\/strong> y siempre mostr\u00f3 un m\u00e1ximo aprecio la cultura de Sefarad) parte de esta idea b\u00e1sica: <strong>el pueblo de Israel ha sido grande en tanto se mantuvo fiel a la misi\u00f3n sacramental que recibiera en el Sina\u00ed<\/strong> (la Tor\u00e1).<\/p>\n<p>Cuando, por razones end\u00f3genas o ex\u00f3genas, la reh\u00faye y se seculariza (el Arte), est\u00e1 perdido. Para el escritor, <strong>los sefard\u00edes supieron conservar la vocaci\u00f3n heredada<\/strong> de sus ancestros mucho mejor que la otra rama jud\u00eda, los <strong>askenazis<\/strong>. Unos y otros , sin embargo, tuvieron que sufrir el <strong>Holocausto<\/strong> dirigido por los nazis. Lamentablemente no pasan de una decena las p\u00e1ginas que el ensayista dedica al an\u00e1lisis de tan terrible fen\u00f3meno.<br \/>\nCompuesta en un estilo vigoroso y en muchas ocasiones pintoresco, plagado de neologismos casi siempre felices, la obra de Kahn, tan apasionado por el lenguaje como por las ideas, ilustra y emociona, sin que el lector pueda eludir f\u00e1cilmente tomar partido, como en cada l\u00ednea lo hace el autor.<\/p>\n<p><strong>Kahn, M\u00e1ximo Jos\u00e9, Kahn, Arte y Tor\u00e1. <\/strong><\/p>\n<p><strong>Sevilla, Renacimiento, 2012<\/strong><\/p>\n","protected":false},"excerpt":{"rendered":"<p>Hace unos meses d\u00e1bamos cuenta aqu\u00ed de la publicaci\u00f3n de La patria imaginada de M\u00e1ximo Kahn. Vida y obra de un escritor de tres exilios. (Valencia Pre-textos, 2012), excelente estudio de Mario Mart\u00edn Gij\u00f3n ( Villanueva de la Serena, 1979). Profesor en la Universidad de Extremadura, nos daba a conocer la vida y obras de [&hellip;]<\/p>\n","protected":false},"author":9,"featured_media":0,"comment_status":"open","ping_status":"closed","sticky":false,"template":"","format":"standard","meta":[],"categories":[3],"tags":[17,23,59,66,73,80,83,100,101,103,132,137,144,145,154,157],"_links":{"self":[{"href":"https:\/\/blogs.hoy.es\/libreconlibros\/wp-json\/wp\/v2\/posts\/268"}],"collection":[{"href":"https:\/\/blogs.hoy.es\/libreconlibros\/wp-json\/wp\/v2\/posts"}],"about":[{"href":"https:\/\/blogs.hoy.es\/libreconlibros\/wp-json\/wp\/v2\/types\/post"}],"author":[{"embeddable":true,"href":"https:\/\/blogs.hoy.es\/libreconlibros\/wp-json\/wp\/v2\/users\/9"}],"replies":[{"embeddable":true,"href":"https:\/\/blogs.hoy.es\/libreconlibros\/wp-json\/wp\/v2\/comments?post=268"}],"version-history":[{"count":0,"href":"https:\/\/blogs.hoy.es\/libreconlibros\/wp-json\/wp\/v2\/posts\/268\/revisions"}],"wp:attachment":[{"href":"https:\/\/blogs.hoy.es\/libreconlibros\/wp-json\/wp\/v2\/media?parent=268"}],"wp:term":[{"taxonomy":"category","embeddable":true,"href":"https:\/\/blogs.hoy.es\/libreconlibros\/wp-json\/wp\/v2\/categories?post=268"},{"taxonomy":"post_tag","embeddable":true,"href":"https:\/\/blogs.hoy.es\/libreconlibros\/wp-json\/wp\/v2\/tags?post=268"}],"curies":[{"name":"wp","href":"https:\/\/api.w.org\/{rel}","templated":true}]}}