{"id":288,"date":"2012-10-15T12:36:52","date_gmt":"2012-10-15T11:36:52","guid":{"rendered":"http:\/\/blogs.hoy.es\/libreconlibros\/?p=288"},"modified":"2012-10-15T12:36:52","modified_gmt":"2012-10-15T11:36:52","slug":"poetas-extremenos","status":"publish","type":"post","link":"https:\/\/blogs.hoy.es\/libreconlibros\/2012\/10\/15\/poetas-extremenos\/","title":{"rendered":"Poetas extreme\u00f1os"},"content":{"rendered":"<div id=\"attachment_291\" style=\"width: 237px\" class=\"wp-caption aligncenter\"><a href=\"\/libreconlibros\/wp-content\/uploads\/sites\/7\/2012\/10\/portadalibrosalguero.jpg\"><img aria-describedby=\"caption-attachment-291\" loading=\"lazy\" class=\"size-full wp-image-291\" title=\"Portada libro de Antolog\u00eda Po\u00e9tica.\" src=\"\/libreconlibros\/wp-content\/uploads\/sites\/7\/2012\/10\/portadalibrosalguero.jpg\" alt=\"Portada libro de Antolog\u00eda Po\u00e9tica.\" width=\"227\" height=\"320\" srcset=\"https:\/\/static-blogs.hoy.es\/wp-content\/uploads\/sites\/7\/2012\/10\/portadalibrosalguero.jpg 227w, https:\/\/static-blogs.hoy.es\/wp-content\/uploads\/sites\/7\/2012\/10\/portadalibrosalguero-213x300.jpg 213w\" sizes=\"(max-width: 227px) 100vw, 227px\" \/><\/a><p id=\"caption-attachment-291\" class=\"wp-caption-text\">Portada libro de Antolog\u00eda Po\u00e9tica.<\/p><\/div>\n<p style=\"text-align: left;\">Catedr\u00e1tico de literatura, el Dr. <a href=\"http:\/\/asalgueroc.blogspot.com.es\/2012\/07\/mis-libros.html\" target=\"_blank\" rel=\"external nofollow\"><strong>Antonio Salguero<\/strong> <\/a>es seguramente uno de los profesores que m\u00e1s atenci\u00f3n presta y mejor conoce la literatura que se ha hecho en nuestra regi\u00f3n. Sobre dicho tema tiene publicadas distintitas obras, entre las que sobresalen las referidas a <a href=\"http:\/\/www.fundaciondelgadovalhondo.org\/\" target=\"_blank\" rel=\"external nofollow\">Jes\u00fas Delgado Valhondo<\/a>, autor a quien dedicase su tesis (C\u00e1ceres, Universidad de Extremadura, 1999) y cuya poes\u00eda completa se ocup\u00f3 de editar en <strong>tres vol\u00famenes<\/strong> (<a href=\"http:\/\/editoraregextremadura.gobex.es\/\" target=\"_blank\" rel=\"external nofollow\">M\u00e9rida, ERE, 2003<\/a>).<\/p>\n<p style=\"text-align: left;\">Este nuevo trabajo suyo, concebido como una <a href=\"http:\/\/asalgueroc.blogspot.com.es\/2012\/07\/panoramica-poetica-de-extremadura.html\" target=\"_blank\" rel=\"external nofollow\">&#8220;Antolog\u00eda del siglo I al XXI&#8221;<\/a>, seg\u00fan se titula, pretender ser &#8220;<strong>un recorrido cronol\u00f3gico por la historia l\u00edrica de Extremadura<\/strong>, con el objetivo de seleccionar una amplia muestra de poemas de\u00a0 poetas nacidos dentro del espacio geogr\u00e1fico que hoy se denomina Extremadura&#8221;, declara el autor en los preliminares (p\u00e1g. 19).<\/p>\n<p style=\"text-align: left;\">Para tal fin, se fija en <strong>44 escritores<\/strong>, de cada uno de los cuales ofrece <strong>seis poemas<\/strong>, debidamente anotados. Como Toda selecci\u00f3n, especialmente cuando ha de hacerse entre nombres contempor\u00e1neos, por fortuna abundantes, resulta discutible y disgustar\u00e1 a m\u00e1s de uno. Por poner algunos ejemplos, no es f\u00e1cil entender que, frente a otros coet\u00e1neos elegidos, se oculten nombres como los de <a href=\"http:\/\/www.hoy.es\/20090925\/caceres\/agustin-villar-despide-letras-20090925.html\" target=\"_blank\" rel=\"external nofollow\">Agust\u00edn Villar<\/a>, <a href=\"http:\/\/plazaextremadura.blogspot.com.es\/2008\/11\/ngel-snchez-pascual.html\" target=\"_blank\" rel=\"external nofollow\">\u00c1ngel S\u00e1nchez Pascual<\/a> , <a href=\"http:\/\/belloterosporelmundo.blogspot.com.es\/2011\/08\/1949-efi-cubero-poetisa.html\" target=\"_blank\" rel=\"external nofollow\">Efi Cubero<\/a> o <a href=\"http:\/\/www.cexjerez.com\/actividadv.php?idact=86\" target=\"_blank\" rel=\"external nofollow\">Jos\u00e9 Antonio Ram\u00edrez Lozano<\/a>, por referirme s\u00f3lo a lo que el estudioso denomina<strong> Poes\u00eda de la Transici\u00f3n<\/strong> (1970-1980).<\/p>\n<p style=\"text-align: left;\">Planteada con claro af\u00e1n pedag\u00f3gico, la antolog\u00eda se atiene a un esquema de trabajo bien definido: contextualizaci\u00f3n hist\u00f3rica del autor, an\u00e1lisis de sus caracter\u00edsticas y muestras de su quehacer po\u00e9tico.<\/p>\n<p style=\"text-align: left;\">Salguero, seg\u00fan hiciese Rodr\u00edguez Mo\u00f1ino en la ya m\u00edtica <a href=\"http:\/\/es.wikipedia.org\/wiki\/Antonio_Rodr%C3%ADguez-Mo%C3%B1ino\" target=\"_blank\" rel=\"external nofollow\"><strong>Historia Literaria de Extremadura<\/strong><\/a>, se retrotrae hasta los primeros textos (latinos y griegos)\u00a0 localizados por la epigraf\u00eda, para, sin omitir los ar\u00e1bigos y medievales, llegar a los m\u00e1s recientes.<\/p>\n<p style=\"text-align: left;\">Resulta dif\u00edcil justificar las razones por las que el ant\u00f3logo ha preferido <strong>silenciar las fuentes bibliogr\u00e1ficas<\/strong> de donde toma los poemas que reproduce (o a qui\u00e9nes se deben las traducciones utilizadas).<\/p>\n<p style=\"text-align: left;\"><strong>Alguna imprecisi\u00f3n hist\u00f3rica<\/strong> es tambi\u00e9n perceptible, aunque ninguna tan ingenua como volver a la jam\u00e1s localizada &#8220;<strong>l\u00e1pida del obispo Daniel<\/strong>&#8221; (que se dice &#8220;el \u00fanico escrito moz\u00e1rabe extreme\u00f1o&#8221;, p\u00e1g. 27), un supuesto texto latino, que nadie ha podido ver, inventado muy probablemente por <a href=\"http:\/\/issuu.com\/culmay\/docs\/el_doctor_juan_solano_de_figueroa\" target=\"_blank\" rel=\"external nofollow\">Solano de Figueroa<\/a>, seg\u00fan las s\u00f3lidas demostraciones de <a href=\"http:\/\/www.bookfinder.com\/author\/manuel-terron-albarran\/\" target=\"_blank\" rel=\"external nofollow\">Terr\u00f3n Albarr\u00e1n<\/a> y <a href=\"http:\/\/www.hoy.es\/v\/20120805\/badajoz\/joyas-pictoricas-catedral-20120805.html\" target=\"_blank\" rel=\"external nofollow\">Tejada Vizuete<\/a>.<\/p>\n<p style=\"text-align: left;\">Son peque\u00f1os lunares en una obra muy trabajada, de suma utilidad para docentes y alumnos, que podr\u00e1n enriquecer conocimientos con la generosa bibliograf\u00eda aportada en el ap\u00e9ndice oportuno.<\/p>\n<p style=\"text-align: left;\"><strong>Salguero Carvajal, Antonio, Panor\u00e1mica de la poes\u00eda en Extremadura<\/strong>.<br \/>\n<strong>Badajoz, Fundaci\u00f3n Jes\u00fas Delgado Valhondo, 2012<\/strong><\/p>\n","protected":false},"excerpt":{"rendered":"<p>Catedr\u00e1tico de literatura, el Dr. Antonio Salguero es seguramente uno de los profesores que m\u00e1s atenci\u00f3n presta y mejor conoce la literatura que se ha hecho en nuestra regi\u00f3n. Sobre dicho tema tiene publicadas distintitas obras, entre las que sobresalen las referidas a Jes\u00fas Delgado Valhondo, autor a quien dedicase su tesis (C\u00e1ceres, Universidad de [&hellip;]<\/p>\n","protected":false},"author":9,"featured_media":0,"comment_status":"open","ping_status":"closed","sticky":false,"template":"","format":"standard","meta":[],"categories":[2],"tags":[7,10,12,15,42,43,44,46,52,53,65,68,75,78,85,89,113,121,123,126,136,147,150,152],"_links":{"self":[{"href":"https:\/\/blogs.hoy.es\/libreconlibros\/wp-json\/wp\/v2\/posts\/288"}],"collection":[{"href":"https:\/\/blogs.hoy.es\/libreconlibros\/wp-json\/wp\/v2\/posts"}],"about":[{"href":"https:\/\/blogs.hoy.es\/libreconlibros\/wp-json\/wp\/v2\/types\/post"}],"author":[{"embeddable":true,"href":"https:\/\/blogs.hoy.es\/libreconlibros\/wp-json\/wp\/v2\/users\/9"}],"replies":[{"embeddable":true,"href":"https:\/\/blogs.hoy.es\/libreconlibros\/wp-json\/wp\/v2\/comments?post=288"}],"version-history":[{"count":0,"href":"https:\/\/blogs.hoy.es\/libreconlibros\/wp-json\/wp\/v2\/posts\/288\/revisions"}],"wp:attachment":[{"href":"https:\/\/blogs.hoy.es\/libreconlibros\/wp-json\/wp\/v2\/media?parent=288"}],"wp:term":[{"taxonomy":"category","embeddable":true,"href":"https:\/\/blogs.hoy.es\/libreconlibros\/wp-json\/wp\/v2\/categories?post=288"},{"taxonomy":"post_tag","embeddable":true,"href":"https:\/\/blogs.hoy.es\/libreconlibros\/wp-json\/wp\/v2\/tags?post=288"}],"curies":[{"name":"wp","href":"https:\/\/api.w.org\/{rel}","templated":true}]}}