{"id":298,"date":"2012-11-24T14:25:27","date_gmt":"2012-11-24T13:25:27","guid":{"rendered":"http:\/\/blogs.hoy.es\/libreconlibros\/?p=298"},"modified":"2012-11-24T14:25:27","modified_gmt":"2012-11-24T13:25:27","slug":"merida","status":"publish","type":"post","link":"https:\/\/blogs.hoy.es\/libreconlibros\/2012\/11\/24\/merida\/","title":{"rendered":"M\u00c9RIDA"},"content":{"rendered":"<p>Escasos hombres consiguen una identificaci\u00f3n tan plena entre su misma<br \/>\npersonalidad y el territorio donde vieron la primera luz como Jos\u00e9<br \/>\nMar\u00eda \u00c1lvarez Mart\u00ednez.  Nacido en M\u00e9rida (1947), este doctor en<br \/>\nFilolog\u00eda Cl\u00e1sica ha pasado buena parte de su existencia dedic\u00e1ndola<br \/>\nal estudio de Emerita Augusta. Sus labores como historiador ,<br \/>\narque\u00f3logo y cronista de la capital de Extremadura hallan quiz\u00e1s la<br \/>\nexpresi\u00f3n m\u00e1xima en la direcci\u00f3n que ostenta del maravilloso Museo<br \/>\nNacional de Arte Romano y las muchas actividades por este centro<br \/>\ndesarrolladas. Si existen las moiras griegas o  el fatum de los<br \/>\nlatinos, se dir\u00eda que Chema \u00c1lvarez , hijo de un pr\u00f3cer emeritense,<br \/>\nestaba gen\u00e9tica y culturalmente vocacionado al estudio de las huellas<br \/>\nde Roma en su principal colonia lusitana, as\u00ed como a establecer<br \/>\ndocumentadamente cuanto all\u00ed  viene ocurriendo a trav\u00e9s de los siglos.<br \/>\nPara comprobarlo, baste recorrer las p\u00e1ginas de los dos primeros<br \/>\nvol\u00famenes (\u2026Y los Reyes se fueron con la niebla. Retazos del tiempo de<br \/>\nNavidad, y Ahora que han florecido los cantuesos) de una tetralog\u00eda<br \/>\nproyectada, que culminar\u00e1 con el volumen dedicado al est\u00edo. La parte<br \/>\ntercera es la obra aqu\u00ed presentada.  Seg\u00fan bien se sabe, esta<br \/>\nmodulaci\u00f3n de la propia escritura acorde con las estaciones del<br \/>\ncalendario cuenta con numerosos precedentes (inolvidables son las<br \/>\nSonatas de Valle Incl\u00e1n) y entre los autores extreme\u00f1os la sigui\u00f3 ha<br \/>\npoco Jos\u00e9 J. Barriga en su formidable Calleja del altozano.<br \/>\nLuces de oto\u00f1o recoge las evocaciones del autor en acontecimientos por<br \/>\n\u00e9l vividos durante esa \u00e9poca de las \u201cAutumn Leaves\u201d. Si se except\u00faan<br \/>\nlos recuerdos de su formaci\u00f3n universitaria en Sevilla y los viajes a<br \/>\nBerl\u00edn,  por razones de estudio amistad, am\u00e9n de alguna excursi\u00f3n<br \/>\njuvenil a Elvas, Madrid y Guadalupe, casi todas las p\u00e1ginas del libro<br \/>\nversan sobre M\u00e9rida. Seguro que all\u00ed ha de encontrar  sus m\u00e1s<br \/>\nnumerosos y emocionados lectores.<br \/>\nEn efecto, Jos\u00e9 Mar\u00eda \u00c1lvarez, nost\u00e1lgico de \u00e9pocas pasadas, como buen<br \/>\naficionado al mundo grecolatino, va dando melanc\u00f3lica relaci\u00f3n de los<br \/>\nusos y costumbres, personajes, sucesos, celebraciones, descubrimientos<br \/>\narqueol\u00f3gicos, fiestas populares profanas y religiosas, gastronom\u00eda e<br \/>\nincluso corridas de toro o partidos de f\u00fatbol , fen\u00f3menos en todos los<br \/>\ncuales este emeritense convicto y confeso particip\u00f3 desde su ni\u00f1ez<br \/>\ncon singular entusiasmo. Al referirlos, no pocas veces se deja<br \/>\narrastrar por su enorme cultura cl\u00e1sica y  lo mismo adjunta un apunte<br \/>\nsobre la historia del puente romano (tema de su tesis doctoral), que<br \/>\nilumina los or\u00edgenes romanos de este festejo o se\u00f1ala los precedentes<br \/>\nculturales de tal  y cual situaci\u00f3n. Sin olvidar  oportunas<br \/>\nreferencias a otros escritores (Larra,  Laborde, Jes\u00fas Delgado<br \/>\nValhondo, Rafael Rufino F\u00e9lix) que se ha ocupado tambi\u00e9n de M\u00e9rida.<br \/>\nMerced a su pluma, participaremos literariamente  en el desarrollo de<br \/>\nlas excavaciones del Templo de Diana;  la inauguraci\u00f3n del gran Museo;<br \/>\nlas a\u00f1oranzas gitanas de la Feria Chica; la dulzura inici\u00e1tica de las<br \/>\npitarras; el \u00e1gape vegetal de la chaquet\u00eda; una recogida de setas por<br \/>\nlas dehesas de Cornalvo; las golosinas de los \u201ctosantos\u201d ; las<br \/>\nprocesiones de Semana Santa; los alegres escarceos de la tuna, una<br \/>\nvisita al mausoleo del gran Juan de \u00c1valos o los debates culturales<br \/>\ndel Liceo.  Y siempre acompa\u00f1ados por  multitud de personas all\u00ed<br \/>\ncomprometidas (profesores, hortelanos, m\u00fasicos, pol\u00edticos,<br \/>\narque\u00f3logos, cocineros, dulceras, comerciantes, deportistas m\u00e9dicos,<br \/>\nsacerdotes), que el memorialista trae cari\u00f1osamente a escena con<br \/>\nnombre y apellidos, rindi\u00e9ndoles homenaje de amistad y consideraci\u00f3n.<br \/>\nPara reforzar  la palabra escrita,  numerosas im\u00e1genes vienen a<br \/>\nenriquecer un libro tan  personal como sugerente . Por \u00faltimo, no<br \/>\nconviene perderse el pr\u00f3logo que, al menos en este caso, contra las<br \/>\nadvertencias de Unamuno, es bastante m\u00e1s que una faena de ali\u00f1o. Lo<br \/>\nsuscribe Jos\u00e9 Luis de la Barrera, compa\u00f1ero del autor en labores<br \/>\narqueol\u00f3gicas.<\/p>\n<p>Jos\u00e9 Mar\u00eda \u00c1lvarez Mart\u00ednez, Luces de Oto\u00f1o. M\u00e9rida, Gr\u00e1ficas Rejas, 2012.<\/p>\n","protected":false},"excerpt":{"rendered":"<p>Escasos hombres consiguen una identificaci\u00f3n tan plena entre su misma personalidad y el territorio donde vieron la primera luz como Jos\u00e9 Mar\u00eda \u00c1lvarez Mart\u00ednez. Nacido en M\u00e9rida (1947), este doctor en Filolog\u00eda Cl\u00e1sica ha pasado buena parte de su existencia dedic\u00e1ndola al estudio de Emerita Augusta. Sus labores como historiador , arque\u00f3logo y cronista de [&hellip;]<\/p>\n","protected":false},"author":9,"featured_media":0,"comment_status":"open","ping_status":"closed","sticky":false,"template":"","format":"standard","meta":[],"categories":[3],"tags":[],"_links":{"self":[{"href":"https:\/\/blogs.hoy.es\/libreconlibros\/wp-json\/wp\/v2\/posts\/298"}],"collection":[{"href":"https:\/\/blogs.hoy.es\/libreconlibros\/wp-json\/wp\/v2\/posts"}],"about":[{"href":"https:\/\/blogs.hoy.es\/libreconlibros\/wp-json\/wp\/v2\/types\/post"}],"author":[{"embeddable":true,"href":"https:\/\/blogs.hoy.es\/libreconlibros\/wp-json\/wp\/v2\/users\/9"}],"replies":[{"embeddable":true,"href":"https:\/\/blogs.hoy.es\/libreconlibros\/wp-json\/wp\/v2\/comments?post=298"}],"version-history":[{"count":0,"href":"https:\/\/blogs.hoy.es\/libreconlibros\/wp-json\/wp\/v2\/posts\/298\/revisions"}],"wp:attachment":[{"href":"https:\/\/blogs.hoy.es\/libreconlibros\/wp-json\/wp\/v2\/media?parent=298"}],"wp:term":[{"taxonomy":"category","embeddable":true,"href":"https:\/\/blogs.hoy.es\/libreconlibros\/wp-json\/wp\/v2\/categories?post=298"},{"taxonomy":"post_tag","embeddable":true,"href":"https:\/\/blogs.hoy.es\/libreconlibros\/wp-json\/wp\/v2\/tags?post=298"}],"curies":[{"name":"wp","href":"https:\/\/api.w.org\/{rel}","templated":true}]}}