{"id":30,"date":"2008-05-19T11:04:15","date_gmt":"2008-05-19T11:04:15","guid":{"rendered":"http:\/\/blogs.hoy.es\/libreconlibros\/?p=30"},"modified":"2008-05-19T11:04:15","modified_gmt":"2008-05-19T11:04:15","slug":"una-novela-valiente","status":"publish","type":"post","link":"https:\/\/blogs.hoy.es\/libreconlibros\/2008\/05\/19\/una-novela-valiente\/","title":{"rendered":"Una novela valiente"},"content":{"rendered":"<p><IMG src=\"\/libreconlibros\/wp-content\/uploads\/sites\/7\" id=\"img_0\" class=\"imgizqda\">Puede que a \u2018El mal absoluto\u2019 le chirr\u00ede en exceso su forzada arquitectura dial\u00f3gica, pero es eficaz para conseguir el prop\u00f3sito de Jos\u00e9 Luis Mu\u00f1oz<\/p>\n<p>El domingo 28 de octubre de 2007, justo pocos d\u00edas despu\u00e9s de que se fallase el Ciudad de Badajoz, ganado por Jos\u00e9 Luis Mu\u00f1oz con El mal absoluto, en Babelia se publicaba un reportaje de G\u00fcnther Schweiger titulado \u00abEl encuentro con un nazi en Madrid\u00bb. El alem\u00e1n, que ha dirigido la pel\u00edcula \u2018El para\u00edso de Hafner\u2019, relata no sin horror y sorpresa sus reacciones frente al protagonista del film. \u00abTratar con Hafner \u2013escribe\u2013 me intranquilizaba. Nunca hab\u00eda conocido a nadie as\u00ed. En Austria vi a viejos nazis con la mirada huidiza del que se sabe rechazado. Pero \u00e9l luc\u00eda la autoconfianza insultante del que jam\u00e1s rindi\u00f3 cuentas\u00bb (p\u00e1g. 28). Es la misma actitud que mantiene G\u00fcnther Meissner, el antiguo \u2018Cara de \u00e1ngel\u2019 de Auschwitz, protagonista de El mal absoluto, ante las preguntas que le plantea  Eva Steiger, joven redactora de la ZDF ( Zweites Deutches Fernsehen. La TV-2 alemana).<\/p>\n<p>Paul Mar\u00eda Hafner fue uno de los miles de responsables intermedios del Holocausto, que encontr\u00f3 refugio en Espa\u00f1a, donde se hizo economista y empresario de \u00e9xito. El ex Obersturmf\u00fchrer, voluntario en su d\u00eda de las Waffen-SS alemanas, tom\u00f3 parte activa en varios campos de concentraci\u00f3n. Acepta que Schweiger ruede un conjunto de entrevistas sobre sus actuaciones en aquellos terribles a\u00f1os de la Soah y, cuando vision\u00f3 la pel\u00edcula, sin haber mostrado ni el menor signo de arrepentimiento, lo \u00fanico que se le ocurrir\u00eda comentar es que no le gustaba su nariz. De lo \u00fanico que parece arrepentirse G. Schweiger es de no haber ganado la guerra desencadenada por su admirado Adolf Hitler. Todo lo dem\u00e1s, Holocausto incluido, lo juzga perfectamente justificable.<\/p>\n<p>Obligado es recordar aqu\u00ed el famoso libro de Hanna Arendt, Eichman o la banalidad del mal. Seg\u00fan se sabe, la pensadora jud\u00eda alemana, que mantuvo durante decenios un idilio con Mart\u00edn Heidegger, fil\u00f3sofo de indudable filiaci\u00f3n nazi, fue elegida para informar como reportera sobre el proceso que en Jerusal\u00e9n se le hizo al cruel ejecutor de la \u00absoluci\u00f3n final\u00bb. Lo que m\u00e1s impresion\u00f3 a Arendt fue que el antiguo omnipotente verdugo de tantos millares de personas era un hombre sin cualidades relevantes, alguien capaz de sostener el Holocausto con la misma tranquilidad de conciencia del funcionario que escribe un oficio insignificante ordenado por el jefe de la secci\u00f3n.<\/p>\n<p>Aunque Adorno, el miembro m\u00e1s distinguido de la Escuela de Frankfut, dijese que tras Auschwitz era imposible componer  poes\u00eda, la verdad es que no pocos poemarios (algunos escalofriantes, como los de Celan) y centenares de novelas se refieren a aquella incalificable brutalidad, a sus v\u00edctimas y ejecutores. \u00bfC\u00f3mo entender que el pa\u00eds de la filosof\u00eda, la m\u00fasica cl\u00e1sica, la Bauhus, la m\u00edstica, la pureza  luterana&#8230; lleg\u00f3 a generar algo tan abominable y de lo que no pocos nunca se arrepintieron ? \u00bfCu\u00e1ntas complicidades no fue preciso sumar para hacer desaparecer en los campos de exterminio a casi siete millones de personas, jud\u00edos sobre todo, pero tambi\u00e9n gitanos, homosexuales,  deficientes y rojos espa\u00f1oles, es decir, \u00ablos desechos\u00bb de la sociedad aria? Son preguntas tambi\u00e9n planteadas aqu\u00ed.<\/p>\n<p>Jos\u00e9 Luis Mu\u00f1oz (Salamanca, 1951), novelista galardonado tambi\u00e9n con los premios Tigre Juan, Azor\u00edn, Caf\u00e9 Gij\u00f3n, Camilo Jos\u00e9 Cela, Juan Rulfo y La Sonrisa Vertical, se inspir\u00f3 en otro personaje descubierto a trav\u00e9s de la pantalla y compuso su novela tras documentarse concienzudamente. Pero no ha querido dar voz s\u00f3lo al ex miembro de las SS, secci\u00f3n de la Calavera, encargado de seleccionar (trabajos forzados y gratuitos, prost\u00edbulo, experimentos m\u00e9dicos, comandos de apoyo,  crematorio&#8230;), cuando no de eliminar personalmente a los presos de Auschwitz. La entrevista, de la que los propios familiares de Meissner reniegan, permitir\u00e1 que Yahuda Weiss lo localice y trame la m\u00e1s cruel de las venganzas. Salvado de las c\u00e1maras de gas por  caprichosa decisi\u00f3n del todopoderoso nazi, que lo viol\u00f3,  el jud\u00edo vive con la mala conciencia de no haber muerto (recu\u00e9rdese a Primo Levi) junto a los suyos, ni siquiera en la rebeli\u00f3n de los \u00abSonderkommandos\u00bb a los que pertenec\u00eda. Su voz es el contrapunto, contundente, irrebatible, ante los sofismas de Meissner, aunque tampoco haya excusas para la \u00abshoah\u00bb que decide aplicarles al nieto de \u00e9ste, en circunstancias que no procede revelar aqu\u00ed, agravantes todas ellas.<\/p>\n<p>Puede que a la obra le chirr\u00ede en exceso su forzada arquitectura dial\u00f3gica, pero es una novela valiente, bien escrita y de innegable eficacia para conseguir el prop\u00f3sito del autor.<\/p>\n<p><strong>T\u00edtulo:<\/strong> &#8216;El mal absoluto&#8217;<\/p>\n<p><strong>Autor: <\/strong>Jos\u00e9 Luis Mu\u00f1oz<\/p>\n<p><strong>Editores:<\/strong> Algaida. Sevilla, 2008<\/p>\n","protected":false},"excerpt":{"rendered":"<p>Puede que a \u2018El mal absoluto\u2019 le chirr\u00ede en exceso su forzada arquitectura dial\u00f3gica, pero es eficaz para conseguir el prop\u00f3sito de Jos\u00e9 Luis Mu\u00f1oz El domingo 28 de octubre de 2007, justo pocos d\u00edas despu\u00e9s de que se fallase el Ciudad de Badajoz, ganado por Jos\u00e9 Luis Mu\u00f1oz con El mal absoluto, en Babelia [&hellip;]<\/p>\n","protected":false},"author":5,"featured_media":0,"comment_status":"open","ping_status":"closed","sticky":false,"template":"","format":"standard","meta":[],"categories":[3],"tags":[],"_links":{"self":[{"href":"https:\/\/blogs.hoy.es\/libreconlibros\/wp-json\/wp\/v2\/posts\/30"}],"collection":[{"href":"https:\/\/blogs.hoy.es\/libreconlibros\/wp-json\/wp\/v2\/posts"}],"about":[{"href":"https:\/\/blogs.hoy.es\/libreconlibros\/wp-json\/wp\/v2\/types\/post"}],"author":[{"embeddable":true,"href":"https:\/\/blogs.hoy.es\/libreconlibros\/wp-json\/wp\/v2\/users\/5"}],"replies":[{"embeddable":true,"href":"https:\/\/blogs.hoy.es\/libreconlibros\/wp-json\/wp\/v2\/comments?post=30"}],"version-history":[{"count":0,"href":"https:\/\/blogs.hoy.es\/libreconlibros\/wp-json\/wp\/v2\/posts\/30\/revisions"}],"wp:attachment":[{"href":"https:\/\/blogs.hoy.es\/libreconlibros\/wp-json\/wp\/v2\/media?parent=30"}],"wp:term":[{"taxonomy":"category","embeddable":true,"href":"https:\/\/blogs.hoy.es\/libreconlibros\/wp-json\/wp\/v2\/categories?post=30"},{"taxonomy":"post_tag","embeddable":true,"href":"https:\/\/blogs.hoy.es\/libreconlibros\/wp-json\/wp\/v2\/tags?post=30"}],"curies":[{"name":"wp","href":"https:\/\/api.w.org\/{rel}","templated":true}]}}