{"id":339,"date":"2013-07-18T08:44:59","date_gmt":"2013-07-18T07:44:59","guid":{"rendered":"http:\/\/blogs.hoy.es\/libreconlibros\/?p=339"},"modified":"2013-07-18T08:44:59","modified_gmt":"2013-07-18T07:44:59","slug":"339","status":"publish","type":"post","link":"https:\/\/blogs.hoy.es\/libreconlibros\/2013\/07\/18\/339\/","title":{"rendered":"&#039;La Capa de El\u00edas&#039;, la historia de supervivencia de los jud\u00edos de Alcon\u00e9tar"},"content":{"rendered":"<div id=\"attachment_343\" style=\"width: 682px\" class=\"wp-caption aligncenter\"><a href=\"\/libreconlibros\/wp-content\/uploads\/sites\/7\/2013\/07\/GARROVILLAS.jpg\"><img aria-describedby=\"caption-attachment-343\" loading=\"lazy\" class=\" wp-image-343 \" title=\"Imagen de Garrovillas de Alcon\u00e9tar. \/ Foto difundida por el Ayuntamiento de la localidad.\" src=\"\/libreconlibros\/wp-content\/uploads\/sites\/7\/2013\/07\/GARROVILLAS.jpg\" alt=\"Imagen de Garrovillas de Alcon\u00e9tar. \/ Foto difundida por el Ayuntamiento de la localidad.\" width=\"672\" height=\"504\" srcset=\"https:\/\/static-blogs.hoy.es\/wp-content\/uploads\/sites\/7\/2013\/07\/GARROVILLAS.jpg 960w, https:\/\/static-blogs.hoy.es\/wp-content\/uploads\/sites\/7\/2013\/07\/GARROVILLAS-300x225.jpg 300w, https:\/\/static-blogs.hoy.es\/wp-content\/uploads\/sites\/7\/2013\/07\/GARROVILLAS-768x576.jpg 768w\" sizes=\"(max-width: 672px) 100vw, 672px\" \/><\/a><p id=\"caption-attachment-343\" class=\"wp-caption-text\">Imagen de Garrovillas de Alcon\u00e9tar. \/ Foto difundida por el Ayuntamiento de la localidad.<\/p><\/div>\n<p>Seg\u00fan el <a href=\"http:\/\/es.wikipedia.org\/wiki\/II_Reyes\" target=\"_blank\" rel=\"external nofollow\">II Libro de los Reyes<\/a>, el <strong>profeta El\u00edas<\/strong> se detuvo cierta vez ante el Jord\u00e1n y, enroll\u00e1ndose la capa, golpe\u00f3 las aguas del r\u00edo hasta dividir en dos su corriente. El profeta israel\u00ed iba acompa\u00f1ado de <strong>Eliseo<\/strong>, a quien cedi\u00f3 manto y poderes, hasta el punto de que \u00e9ste repetir\u00eda poco despu\u00e9s la misma haza\u00f1a.<br \/>\nEl autor de <a href=\"http:\/\/estudiosjudaicos.imaginason.com\/docs\/LaCapadeElias%5Bpromocion%5B2%5D.pdf\" target=\"_blank\" rel=\"external nofollow\">&#8220;La capa de El\u00edas&#8221;<\/a> se sirve del relato b\u00edblico para titular aleg\u00f3ricamente su nueva obra sobre las <strong>comunidades jud\u00edas extreme\u00f1as<\/strong>, trabajo con el que obtuvo el<a href=\"http:\/\/www.garrovillasdealconetar.es\/pub\/documentos\/documentos_Premio_Alconetar_d06d97fa.pdf\" target=\"_blank\" rel=\"external nofollow\"><strong> II Premio Alcon\u00e9tar de Historias Locales 2012<\/strong><\/a>, convocado por el <strong>Ayuntamiento de Garrovillas<\/strong>.<\/p>\n<p>Tambi\u00e9n conocido como <a href=\"http:\/\/estudiosjudaicos.imaginason.com\/autor.htm\" target=\"_blank\" rel=\"external nofollow\">Marciano de Herv\u00e1s<\/a>, dirige la <strong>&#8220;Biblioteca Judaica<\/strong>&#8221; en la editorial <a href=\"http:\/\/www.editorialrenacimiento.com\/\" target=\"_blank\" rel=\"external nofollow\">Renacimiento<\/a> y tiene publicadas otras sobre el mismo tema, entre las que cabe recordar <strong>Documentos para la Historia de los jud\u00edos de Coria y Granadilla<\/strong> (1999), <strong>Historia de los judios de Plasencia y su tierra<\/strong> (2001), <strong>La vida en las tierras de Granadilla: romanos, jud\u00edos y cristianos<\/strong> (2003), <strong>Jud\u00edos y cristianos nuevos en la Historia de Trujillo<\/strong> (2008) o Ahraham Zacuto, astr\u00f3logo de don Juan de Z\u00fa\u00f1iga (2010).<br \/>\nCab\u00eda esperar otra como \u00e9sta, m\u00e1s centrada en su pueblo, al que ya dedicase un primer estudio all\u00e1 por 1997.<strong> Se subtitula &#8220;La asimilaci\u00f3n de los cristianos nuevos de Herv\u00e1s&#8221;<\/strong>. La ha escrito, seg\u00fan acostumbra, bas\u00e1ndose en <strong>documentos originales<\/strong>, como los que ha localizado fundamentalmente en el <a href=\"http:\/\/www.mcu.es\/archivos\/MC\/AHN\/\" target=\"_blank\" rel=\"external nofollow\">Archivo Hist\u00f3rico Nacional,<\/a> <strong>Secci\u00f3n Nobleza<\/strong>, <strong>Fondo Osuna<\/strong>, no sin recurrir a o<strong>tras fuentes archiv\u00edsticas<\/strong> (municipales, provinciales, parroquiales, catedralicias, universitarias, particulares) y a una <strong>abundante bibliogr\u00e1fica<\/strong>, seg\u00fan se deduce del texto mismo; las abundantes notas a pie de p\u00e1gina y el ap\u00e9ndice final.<br \/>\nAunque <strong>compuesto en un estilo farragoso<\/strong> y no pocas veces confuso (sobre todo cuando aborda cuestiones teol\u00f3gicas), <strong>voluntariamente arcaizante<\/strong>, el libro proporciona un sustancioso relato de <strong>c\u00f3mo se produjo en Herv\u00e1s la escisi\u00f3n entre las comunidades cristianas y jud\u00edas<\/strong> tras el decreto de conversi\u00f3n forzosa o expulsi\u00f3n (1492), hasta el punto de incidir en la misma arquitectura urbana; los factores principales de aquel drama; sus principales protagonistas y, sobre todo, <strong>las conductas de supervivencia adoptadas por los hijos de Israel para sobrevivir<\/strong>, asimilando los patronos culturales de la comunidad dominante sin renunciar del todo a los de su propia naci\u00f3n, fortalecida con la llegada de los &#8220;marranos&#8221; lusos.<\/p>\n<p>Al fin, <strong>se impondr\u00eda la ley del m\u00e1s fuerte<\/strong> y, dos siglos despu\u00e9s, la asimilaci\u00f3n se hab\u00eda completado, aunque quedasen reliquias hasta hoy mismo.<br \/>\nEspecial inter\u00e9s reviste el <strong>estudio del papel integrador desempe\u00f1ado por las Hermandades y Cofrad\u00edas<\/strong> para armonizar voluntades de labradores (cristianos viejos, m\u00e1s pobres) y ricos mercaderes (judeoconversos), especiastas en la confecci\u00f3n y venta de lienzos, comercio que extender\u00edan incluso a Madrid.<\/p>\n<p>Las actuaciones de los <strong>Duques de B\u00e9jar y la Inquisici\u00f3n<\/strong>, as\u00ed como las peleas en torno al <strong>Estatuto de limpieza de sangre<\/strong>, ocupan no pocas de las m\u00e1s atractivas p\u00e1ginas. Aunque se trate de una historia local, nunca se pierde de vista el contexto merced a las m\u00faltiples referencias que se proporcionan sobre acontecimientos y autores coet\u00e1neos (siglos XVI y XVII).<\/p>\n<p><span style=\"text-decoration: underline;\"><strong>Marciano Mart\u00edn Manuel. <a href=\"http:\/\/editoraregextremadura.gobex.es\/\" target=\"_blank\" rel=\"external nofollow\">La capa de El\u00edas:<\/a> la asimilaci\u00f3n de los cristianos nuevos de Herv\u00e1s. M\u00e9rida, Editora Regional de Extremadura, 2012<\/strong><\/span><\/p>\n","protected":false},"excerpt":{"rendered":"<p>Seg\u00fan el II Libro de los Reyes, el profeta El\u00edas se detuvo cierta vez ante el Jord\u00e1n y, enroll\u00e1ndose la capa, golpe\u00f3 las aguas del r\u00edo hasta dividir en dos su corriente. El profeta israel\u00ed iba acompa\u00f1ado de Eliseo, a quien cedi\u00f3 manto y poderes, hasta el punto de que \u00e9ste repetir\u00eda poco despu\u00e9s la [&hellip;]<\/p>\n","protected":false},"author":9,"featured_media":0,"comment_status":"open","ping_status":"closed","sticky":false,"template":"","format":"standard","meta":[],"categories":[3],"tags":[],"_links":{"self":[{"href":"https:\/\/blogs.hoy.es\/libreconlibros\/wp-json\/wp\/v2\/posts\/339"}],"collection":[{"href":"https:\/\/blogs.hoy.es\/libreconlibros\/wp-json\/wp\/v2\/posts"}],"about":[{"href":"https:\/\/blogs.hoy.es\/libreconlibros\/wp-json\/wp\/v2\/types\/post"}],"author":[{"embeddable":true,"href":"https:\/\/blogs.hoy.es\/libreconlibros\/wp-json\/wp\/v2\/users\/9"}],"replies":[{"embeddable":true,"href":"https:\/\/blogs.hoy.es\/libreconlibros\/wp-json\/wp\/v2\/comments?post=339"}],"version-history":[{"count":0,"href":"https:\/\/blogs.hoy.es\/libreconlibros\/wp-json\/wp\/v2\/posts\/339\/revisions"}],"wp:attachment":[{"href":"https:\/\/blogs.hoy.es\/libreconlibros\/wp-json\/wp\/v2\/media?parent=339"}],"wp:term":[{"taxonomy":"category","embeddable":true,"href":"https:\/\/blogs.hoy.es\/libreconlibros\/wp-json\/wp\/v2\/categories?post=339"},{"taxonomy":"post_tag","embeddable":true,"href":"https:\/\/blogs.hoy.es\/libreconlibros\/wp-json\/wp\/v2\/tags?post=339"}],"curies":[{"name":"wp","href":"https:\/\/api.w.org\/{rel}","templated":true}]}}