{"id":346,"date":"2013-08-12T10:02:36","date_gmt":"2013-08-12T09:02:36","guid":{"rendered":"http:\/\/blogs.hoy.es\/libreconlibros\/?p=346"},"modified":"2013-08-12T10:02:36","modified_gmt":"2013-08-12T09:02:36","slug":"a-fugitivas-sombras","status":"publish","type":"post","link":"https:\/\/blogs.hoy.es\/libreconlibros\/2013\/08\/12\/a-fugitivas-sombras\/","title":{"rendered":"A FUGITIVAS SOMBRAS"},"content":{"rendered":"<p>Natural de Garlitos (1953) y residente en Madrid desde temprana edad, a Laura Olalla, que ya hab\u00eda obtenido otros premios literarios notables, se le concedi\u00f3 el Ciudad de M\u00e9rida 2000 por su poemario Laberinto de agua. Suyos son tambi\u00e9n Estirpe de gacela  y En un rinc\u00f3n cualquiera de la casa. Con Fugitivas del mar, libro que prologa generosamente Emilio Porta y lleva un ep\u00edlogo de Jos\u00e9 Iglesias Ben\u00edtez, Olwid (seg\u00fan gusta firmar los cuadros, pues no le es ajena el arte de la pintura) insiste en sus temas habituales: evocaciones de una infancia con la poderosa figura materna,  el mar como s\u00edmbolo multisignificante,   la dulce melancol\u00eda y, sobre todo,  el culto a la palabra.<\/p>\n<p>Es sin duda esa pasi\u00f3n por el lenguaje po\u00e9tico, insistentemente requerido,  lo que distingue la obra. Compuesta en versos blancos y libres, casi todos de arte mayor, se inicia y acaba con sendos apuntes en prosa . Tanto en estos como en los poemas todos Olalla consigue hermosas im\u00e1genes, dada su bien perceptible capacidad para las met\u00e1foras: \u201cse despeina la noche con su azote de viento\u201d  (p. 22); \u201c\u2026 un preciso enjambre de abejas\/me acorrala el tiempo en su secreto\u201d (p. 27); \u201ccansadas hojas\/yacen en el umbral de un viejo lienzo\u201d (p. 30); \u201cherida la palabra\/bajo redes de miedo que mutilan los labios\u201d (p. 36) podr\u00edan ser algunos ejemplos.<\/p>\n<p>En ocasiones, el vendaval ling\u00fc\u00edstico resulta abrumador y a uno se le ocurre, como a Mairena, recordar que, por encima de los eventos consuetudinarios que suceden en la r\u00faa, ser\u00eda preferible optar por el simple lo que sucede en la calle.<\/p>\n<p>Olalla Olwid abraza con ternura los trasgos que le han tocado en suerte, d\u00e1ndole amoroso cobijo  a tantas fugitivas sombras, seg\u00fan cantara el cl\u00e1sico en inolvidable soneto. Comparti\u00e9ndolas, el lector agradece que se le facilite as\u00ed identificar, acaso dar el nombre exacto, a los de cada uno.<\/p>\n<p>Laura Olalla, Fugitivas del mar. Madrid, Pigmali\u00f3n\/Beturia, 2013.<\/p>\n","protected":false},"excerpt":{"rendered":"<p>Natural de Garlitos (1953) y residente en Madrid desde temprana edad, a Laura Olalla, que ya hab\u00eda obtenido otros premios literarios notables, se le concedi\u00f3 el Ciudad de M\u00e9rida 2000 por su poemario Laberinto de agua. Suyos son tambi\u00e9n Estirpe de gacela y En un rinc\u00f3n cualquiera de la casa. Con Fugitivas del mar, libro [&hellip;]<\/p>\n","protected":false},"author":9,"featured_media":0,"comment_status":"open","ping_status":"closed","sticky":false,"template":"","format":"standard","meta":[],"categories":[3],"tags":[],"_links":{"self":[{"href":"https:\/\/blogs.hoy.es\/libreconlibros\/wp-json\/wp\/v2\/posts\/346"}],"collection":[{"href":"https:\/\/blogs.hoy.es\/libreconlibros\/wp-json\/wp\/v2\/posts"}],"about":[{"href":"https:\/\/blogs.hoy.es\/libreconlibros\/wp-json\/wp\/v2\/types\/post"}],"author":[{"embeddable":true,"href":"https:\/\/blogs.hoy.es\/libreconlibros\/wp-json\/wp\/v2\/users\/9"}],"replies":[{"embeddable":true,"href":"https:\/\/blogs.hoy.es\/libreconlibros\/wp-json\/wp\/v2\/comments?post=346"}],"version-history":[{"count":0,"href":"https:\/\/blogs.hoy.es\/libreconlibros\/wp-json\/wp\/v2\/posts\/346\/revisions"}],"wp:attachment":[{"href":"https:\/\/blogs.hoy.es\/libreconlibros\/wp-json\/wp\/v2\/media?parent=346"}],"wp:term":[{"taxonomy":"category","embeddable":true,"href":"https:\/\/blogs.hoy.es\/libreconlibros\/wp-json\/wp\/v2\/categories?post=346"},{"taxonomy":"post_tag","embeddable":true,"href":"https:\/\/blogs.hoy.es\/libreconlibros\/wp-json\/wp\/v2\/tags?post=346"}],"curies":[{"name":"wp","href":"https:\/\/api.w.org\/{rel}","templated":true}]}}