{"id":37,"date":"2008-07-14T19:27:17","date_gmt":"2008-07-14T19:27:17","guid":{"rendered":"http:\/\/blogs.hoy.es\/libreconlibros\/?p=37"},"modified":"2008-07-14T19:27:17","modified_gmt":"2008-07-14T19:27:17","slug":"pinto-maquis-extremeno","status":"publish","type":"post","link":"https:\/\/blogs.hoy.es\/libreconlibros\/2008\/07\/14\/pinto-maquis-extremeno\/","title":{"rendered":"Pinto, el maquis extreme\u00f1o"},"content":{"rendered":"<p><SPAN style=\"FONT-SIZE: 10pt; COLOR: #333333; FONT-FAMILY: Arial; mso-fareast-font-family: 'Times New Roman'; mso-ansi-language: ES; mso-fareast-language: ES; mso-bidi-language: AR-SA\"><IMG class=imgizqda id=img_0 src=\"\/libreconlibros\/wp-content\/uploads\/sites\/7\">Gerardo Ant\u00f3n Garrido, &#8220;Pinto&#8221; de sobrenombre, fue uno de los guerrilleros antifranquistas que, a caballo entre la necesidad de sobrevivir a la represi\u00f3n y el entusiasmo por mantener los ideales de la derrotada II Rep\u00fablica, mantuvo la resistencia armada durante los a\u00f1os cuarenta en condiciones ciertamente de absoluta precariedad. Este hombre del maquis extreme\u00f1o, que al fin pudo salvarse refugi\u00e1ndose en Francia, es el protagonista de la obra, una novela basada en hechos reales, seg\u00fan declara el autor.<br \/>\n<\/SPAN><\/p>\n<p><SPAN style=\"FONT-SIZE: 10pt; COLOR: #333333; FONT-FAMILY: Arial; mso-fareast-font-family: 'Times New Roman'; mso-ansi-language: ES; mso-fareast-language: ES; mso-bidi-language: AR-SA\">Aureliano Mart\u00edn, nacido en Montehermoso, pueblo de donde ha sido alcalde, ense\u00f1a en el IES &#8220;Gabriel y Gal\u00e1n&#8221; de dicha poblaci\u00f3n. El a\u00f1o 2005 realizaba el documental &#8221; Pinto, el joven guerrillero&#8221;, que bien puede considerarse origen de este relato. Como la pel\u00edcula, el libro se centra en las operaciones realizadas por el partisano y sus compa\u00f1eros huidos a los montes de C\u00e1ceres, fundamentalmente Las Hurdes y la Sierra de Gata , bajo la direcci\u00f3n de un personaje m\u00edtico, El Franc\u00e9s.<br \/>\n<\/SPAN><\/p>\n<p><SPAN style=\"FONT-SIZE: 10pt; COLOR: #333333; FONT-FAMILY: Arial; mso-fareast-font-family: 'Times New Roman'; mso-ansi-language: ES; mso-fareast-language: ES; mso-bidi-language: AR-SA\">Dolores Cabra, secretaria general de AGE (Archivo Guerra Civil y Exilio) , suscribe el pr\u00f3logo, donde se pide un trato m\u00e1s justo para aquellos luchadores y se adelanta muy sucintamente la biograf\u00eda del personaje, que acaba de cumplir noventa a\u00f1os., aunque con salud convaleciente por un ictus cerebral. Tampoco el texto literario, escrito en primera persona, como si fuese autobiogr\u00e1fico, despeja las dudas todas que sobre la vida del personaje se nos suscitan, centr\u00e1ndose en las actuaciones guerrilleras por \u00e9l realizadas ( de escasa entidad, ante la rotunda carencia de medios en que \u00e9l y los suyos se mov\u00edan, acosados implacablemente por la Guardia Civil y teniendo que afrontar los temores y desesperanzas de las clases populares tras las tragedias de 1936-39).<br \/>\n<\/SPAN><\/p>\n<p><SPAN style=\"FONT-SIZE: 10pt; COLOR: #333333; FONT-FAMILY: Arial; mso-fareast-font-family: 'Times New Roman'; mso-ansi-language: ES; mso-fareast-language: ES; mso-bidi-language: AR-SA\">Pinto nace ( abril 1917) y se cr\u00eda en Aceituna, municipio norcacere\u00f1o pr\u00f3ximo a Plasencia. Pertenece a una familia humilde, aunque con las necesidades b\u00e1sicas cubiertas, por lo que no hubo de sufrir el hambre que asolaba tantos hogares coet\u00e1neos. Recibe clases de un maestro que parece educado en los met\u00f3dos de la Instituci\u00f3n Libre de Ense\u00f1anza y se incorpora bien joven a la vida laboral.Llegada la Rep\u00fablica, se afili\u00f3 al Partido Comunista, pero hace la guerra junto al ej\u00e9rcito de los &#8220;nacionales&#8221;, regresando a su pueblo al fin de la contienda. Son avatares que la obra dirime en un primer cap\u00edtulo, que, como todos los siguientes, va alternando con recortes del ABC de los a\u00f1os cuarenta sobre la situaci\u00f3n espa\u00f1ola. Tras dedicarse alg\u00fan tiempo al estraperlo y al contrabando con Portugal, Pinto, buen conocedor de la sierra, sinti\u00e9ndose amenazado por la gente de Falange, decide ingresar en la guerrilla. Entre ilusiones y contratiempos discurren aquellas aventuras, donde no faltar\u00edan actuaciones dram\u00e1ticas, que la novela refiere a un ritmo lento y prosa eficaz, hasta el desenlace no por previsible menos doloroso : la muerte de los m\u00e1s y el exilio de los escasos supervivientes. A Pinto le sonr\u00ede esa fortuna amiga de los audaces y consigue escapar a Francia, donde vivir\u00e1 fiel a sus ideas. En Mart\u00edn Alc\u00f3n ha encontrado al leal cronista su odisea. <\/SPAN><\/p>\n","protected":false},"excerpt":{"rendered":"<p>Gerardo Ant\u00f3n Garrido, &#8220;Pinto&#8221; de sobrenombre, fue uno de los guerrilleros antifranquistas que, a caballo entre la necesidad de sobrevivir a la represi\u00f3n y el entusiasmo por mantener los ideales de la derrotada II Rep\u00fablica, mantuvo la resistencia armada durante los a\u00f1os cuarenta en condiciones ciertamente de absoluta precariedad. Este hombre del maquis extreme\u00f1o, que [&hellip;]<\/p>\n","protected":false},"author":5,"featured_media":0,"comment_status":"open","ping_status":"closed","sticky":false,"template":"","format":"standard","meta":[],"categories":[3],"tags":[],"_links":{"self":[{"href":"https:\/\/blogs.hoy.es\/libreconlibros\/wp-json\/wp\/v2\/posts\/37"}],"collection":[{"href":"https:\/\/blogs.hoy.es\/libreconlibros\/wp-json\/wp\/v2\/posts"}],"about":[{"href":"https:\/\/blogs.hoy.es\/libreconlibros\/wp-json\/wp\/v2\/types\/post"}],"author":[{"embeddable":true,"href":"https:\/\/blogs.hoy.es\/libreconlibros\/wp-json\/wp\/v2\/users\/5"}],"replies":[{"embeddable":true,"href":"https:\/\/blogs.hoy.es\/libreconlibros\/wp-json\/wp\/v2\/comments?post=37"}],"version-history":[{"count":0,"href":"https:\/\/blogs.hoy.es\/libreconlibros\/wp-json\/wp\/v2\/posts\/37\/revisions"}],"wp:attachment":[{"href":"https:\/\/blogs.hoy.es\/libreconlibros\/wp-json\/wp\/v2\/media?parent=37"}],"wp:term":[{"taxonomy":"category","embeddable":true,"href":"https:\/\/blogs.hoy.es\/libreconlibros\/wp-json\/wp\/v2\/categories?post=37"},{"taxonomy":"post_tag","embeddable":true,"href":"https:\/\/blogs.hoy.es\/libreconlibros\/wp-json\/wp\/v2\/tags?post=37"}],"curies":[{"name":"wp","href":"https:\/\/api.w.org\/{rel}","templated":true}]}}