{"id":48,"date":"2008-11-03T12:03:37","date_gmt":"2008-11-03T12:03:37","guid":{"rendered":"http:\/\/blogs.hoy.es\/libreconlibros\/?p=48"},"modified":"2008-11-03T12:03:37","modified_gmt":"2008-11-03T12:03:37","slug":"literatura-militante","status":"publish","type":"post","link":"https:\/\/blogs.hoy.es\/libreconlibros\/2008\/11\/03\/literatura-militante\/","title":{"rendered":"Literatura militante"},"content":{"rendered":"<p><IMG src=\"\/libreconlibros\/wp-content\/uploads\/sites\/7\" id=\"img_0\" class=\"imgizqda\">La obra, con Rebeca como protagonista, es un relato comprometido con determinados ideales y cumple bien su prop\u00f3sito.<\/p>\n<p>Guerra ha de haber\u2019, que quedase finalista en el Felipe Trigo 2007, es el segundo t\u00edtulo de la colecci\u00f3n de narrativa publicada por una editorial, Tiempo de Cerezas, con clara vocaci\u00f3n militante. Como la primera obra, \u2018Nada es lo que parece\u2019, escrita por Enriqueta de la Cruz, es un relato comprometido con determinados ideales. Su autor es natural de Madrid (1976), pero ha vivido su infancia en Fuente del Maestre (Badajoz). Diplomado en Biblioteconom\u00eda por la Universidad de Extremadura y licenciado en Documentaci\u00f3n por la Carlos III de Madrid, ha trabajado como documentalista para Antena 3 Televisi\u00f3n en Sevilla y Madrid, como administrativo en el Ayuntamiento de Guadalajara y como bibliotecario en Dubl\u00edn y actualmente en Madrid, donde reside. Coautor del libro \u2018P\u00e1zsalo: multitud en rebeli\u00f3n\u2019, sobre los atentados del 11-M ( Editorial Fundamentos), colabora habitualmente con la revista literaria y cr\u00edtica \u2018Odradek\u2019, publicada en Badajoz por la librer\u00eda La Bohemia y su tertulia literaria. Como portavoz del Foro Social de Guadalajara particip\u00f3  en el Foro Social Europeo de Londres en 2004. Ese mismo a\u00f1o fue candidato al Senado por IU en Guadalajara. Un extracto de esta obra, en forma de relato breve, obtuvo el premio Juventud y Memoria Hist\u00f3rica 2006.<\/p>\n<p>Dedicada a Lino Bonilla y Bob Dyle (el \u00faltimo superviviente irland\u00e9s miembro de las Brigadas Internacionales), la novela abre con una larga cita de J.R.R. Tolkien en \u2018El se\u00f1or de los anillos. Libro II\u2019 : \u00abGuerra ha de haber mientras tengamos que defendernos de la maldad de un poder destructor que nos devorar\u00eda a todos; pero yo no amo la espada porque tiene filo, ni la flecha porque vuela, ni al guerrero porque ha ganado la gloria. S\u00f3lo amo lo que ellos defienden: la ciudad de los Hombres de N\u00famenor; y quisiera que otros la amasen por sus recuerdos, por su antig\u00fcedad, por su belleza y por la sabidur\u00eda que hoy posee. Que no la teman, sino como acaso temen los hombres la dignidad de un hombre, viejo y sabio\u00bb. La protagonista es Rebeca, joven historiadora, en torno a la cual se construye un doble discurso: de un lado, la narraci\u00f3n de sus vivencias, en Londres y Madrid, como okupa, miembro del Foro Social y manifestante  antiglobalizaci\u00f3n, contra  la cumbre del G-8 o la guerra de Irak; por otra parte, las evocaciones hist\u00f3ricas de la guerra 1936-39, la represi\u00f3n , la resistencia en Francia, y el movimiento guerrillero antifranquista, singularmente en el valle de Ar\u00e1n,  seg\u00fan se las relata un superviviente republicano, el poeta  y bibli\u00f3filo.<\/p>\n<p>Juan Donaire, vuelto a Espa\u00f1a tras el exilio. Hasta \u00e9l lo condujo la obsesi\u00f3n que aquella experimentase desde su ni\u00f1ez por la figura de Turai. Nacido y muerto en Budapest (1903-1996), fue un personaje real.<\/p>\n<p>Llamado realmente Dezvo Revais, lleg\u00f3 a Par\u00eds como reportero en 1935. Particip\u00f3 como soldado en las Brigadas Internacionales, de las que se convirti\u00f3 en el \u00abfot\u00f3grafo oficial\u00bb.  Suyos son varios \u00e1lbumes fotogr\u00e1ficos, que edit\u00f3 el comisario pol\u00edtico de las Brigadas. Rebeca busca obsesivamente uno de ellos, que ella contemplase siendo ni\u00f1a en la sede del Partido (Comunista). Pese a todo,  t\u00edtulo incluido,  como blogger infatigable, se declara una y otra vez contraria a todo g\u00e9nero de violencia; pr\u00f3xima a los ideales \u00e1cratas y abiertamente cr\u00edtica con el padrecito Stalin, a quien no se ahorran las m\u00e1s acerbas cr\u00edticas (ver, v.c., p\u00e1ginas 133 y 166). Por lo dem\u00e1s, es tambi\u00e9n una enamorada de la literatura, lo que le permite comentar las obras de sus autores preferidos, como Altolaguirre, Benedetti o Saramago.<\/p>\n<p>Aunque a veces incurre en claros defectos estil\u00edsticos  o gramaticales (mala utilizaci\u00f3n del gerundio: p\u00e1gs. 68 y 104: \u00abm\u00e1s mayor\u00bb : p\u00e1g. 84; libro \u00abin tonso\u00bb: p\u00e1g. 88), la prosa de la novela es \u00e1gil y limpia. Tal vez se resiente de tanto tour de force como se utiliza para introducir las situaciones interesadas, que se describen con un talante m\u00e1s period\u00edstico que literario. Tambi\u00e9n sobran, a mi entender, tantas referencias a cuestiones hist\u00f3ricas que ya son de dominio p\u00fablico. Sin embargo, la obra cumple bien sus prop\u00f3sitos y el autor no enga\u00f1a en sus planteamientos.<\/p>\n<p><strong>El Libro:<\/strong><\/p>\n<p><strong>&#8211; T\u00edtulo:<\/strong> \u2018Guerra ha de haber\u2019<\/p>\n<p><strong>&#8211; Autor: <\/strong>Agust\u00edn Lozano de la Cruz<\/p>\n<p><strong>&#8211; Editorial:<\/strong> Tiempo de cerezas. Madrid, 2008<\/p>\n","protected":false},"excerpt":{"rendered":"<p>La obra, con Rebeca como protagonista, es un relato comprometido con determinados ideales y cumple bien su prop\u00f3sito. Guerra ha de haber\u2019, que quedase finalista en el Felipe Trigo 2007, es el segundo t\u00edtulo de la colecci\u00f3n de narrativa publicada por una editorial, Tiempo de Cerezas, con clara vocaci\u00f3n militante. Como la primera obra, \u2018Nada [&hellip;]<\/p>\n","protected":false},"author":5,"featured_media":0,"comment_status":"open","ping_status":"closed","sticky":false,"template":"","format":"standard","meta":[],"categories":[3],"tags":[],"_links":{"self":[{"href":"https:\/\/blogs.hoy.es\/libreconlibros\/wp-json\/wp\/v2\/posts\/48"}],"collection":[{"href":"https:\/\/blogs.hoy.es\/libreconlibros\/wp-json\/wp\/v2\/posts"}],"about":[{"href":"https:\/\/blogs.hoy.es\/libreconlibros\/wp-json\/wp\/v2\/types\/post"}],"author":[{"embeddable":true,"href":"https:\/\/blogs.hoy.es\/libreconlibros\/wp-json\/wp\/v2\/users\/5"}],"replies":[{"embeddable":true,"href":"https:\/\/blogs.hoy.es\/libreconlibros\/wp-json\/wp\/v2\/comments?post=48"}],"version-history":[{"count":0,"href":"https:\/\/blogs.hoy.es\/libreconlibros\/wp-json\/wp\/v2\/posts\/48\/revisions"}],"wp:attachment":[{"href":"https:\/\/blogs.hoy.es\/libreconlibros\/wp-json\/wp\/v2\/media?parent=48"}],"wp:term":[{"taxonomy":"category","embeddable":true,"href":"https:\/\/blogs.hoy.es\/libreconlibros\/wp-json\/wp\/v2\/categories?post=48"},{"taxonomy":"post_tag","embeddable":true,"href":"https:\/\/blogs.hoy.es\/libreconlibros\/wp-json\/wp\/v2\/tags?post=48"}],"curies":[{"name":"wp","href":"https:\/\/api.w.org\/{rel}","templated":true}]}}