{"id":593,"date":"2015-12-25T19:26:28","date_gmt":"2015-12-25T18:26:28","guid":{"rendered":"http:\/\/blogs.hoy.es\/libreconlibros\/?p=593"},"modified":"2015-12-25T19:26:28","modified_gmt":"2015-12-25T18:26:28","slug":"manuel-neila","status":"publish","type":"post","link":"https:\/\/blogs.hoy.es\/libreconlibros\/2015\/12\/25\/manuel-neila\/","title":{"rendered":"MANUEL NEILA"},"content":{"rendered":"<p>&nbsp;<\/p>\n<p>Nacido en Herv\u00e1s (1950), criado en Asturias y residente en Madrid, licenciado en Filolog\u00eda Rom\u00e1nica, Neila ha ejercido como profesor, cr\u00edtico literario, director de colecciones, periodista, traductor y otros oficios relacionados con la escritura. Due\u00f1o de una voz personal y libre, que algunos tienen como cautelosa y casi secreta (a m\u00ed no me lo parece tanto), es verdad que ama la desnudez en poes\u00eda y la concisi\u00f3n de la prosa, con manifiesto gusto por los aforismos. Lector preferente\u00a0 de creadores como Vicente Aleixandre, Claudio Rodr\u00edguez, Eug\u00e9nio de Andrade y Crist\u00f3bal Serra, sin abandonar nunca a los grandes rom\u00e1nticos tipo H\u00f6lderlin o Novalis, Luis Alberto de Cuenca le reconoce en el pr\u00f3logo que puso al libro del cacere\u00f1o <em>El camino original <\/em>(Sevilla,\u00a0 Renacimiento, 2014):<\/p>\n<p>&#8220;Todo en \u00e9l est\u00e1 hecho de observaci\u00f3n de la naturaleza, de temblor delicado ante el paso del tiempo, de trazos y de signos sencill\u00edsimo que ocultan una rara sabidur\u00eda milenaria, de talento constructivo, de perfecci\u00f3n m\u00e9trica (sus haikus y sus tankas son, siempre, magistrales), del bisbiseo susurrante que caracteriza su dicci\u00f3n. Hay en \u00e9l una clara voluntad de versificar a partir de lo m\u00ednimo, de lo elemental. Pero del mont\u00f3n de nada pasajera sobre el que levanta sus versos se alza una brisa redentora que calma la sed, vivifica el alma y depura la mente. A modo de vacuna, la poes\u00eda de Neila nos inyecta la dosis de melancol\u00eda necesaria para superar la tristeza. Y lo hace de un modo tan sutil, tan et\u00e9reo, tan exquisito que nos hace flotar, como en deliquio hipn\u00f3tico, sobre las cosas de all\u00e1 abajo, felizmente eclipsadas por la belleza de sus versos.&#8221;<\/p>\n<p>Con dedicaci\u00f3n plena a la literatura, nuestro paisano nos regal\u00f3 este 2015 ya\u00a0 punto de desaparecer con tres obras que me place registrar aqu\u00ed.<\/p>\n<p><em>Pensamientos desmandados <\/em>(Sevilla, La Isla de Siltol\u00e1) viene a ser una prolongaci\u00f3n de otro libro suyo, que nosotros tuvimos el placer de rese\u00f1ar, <em>Pensamientos de intemperie <\/em>(2012). Son un enjambre de aforismos \u2013 \u201c<em>Breverdad<\/em> enunciado con donaire\u201d, en\u00a0 ingeniosa definici\u00f3n suya, &#8211; donde los neologismos alternan con apostillas a lugares comunes, frases encendidas compuestas\u00a0 en diferentes\u00a0 idiomas (latinas, inglesas, francesas, alemanas), dictados t\u00f3picos y comentarios a otros grandes del g\u00e9nero (Epicuro, Nietzsche, Chamfort, Baudelaire). Se rinde homenaje expl\u00edcito a Antonio Machado, \u201cuno de los pocos autores espa\u00f1oles cuya escritura sigue habl\u00e1ndonos sin dogmatismo y con provecho\u201d.<\/p>\n<p><em>Clima de riesgo <\/em>(Sevilla, Renacimiento) es una antolog\u00eda de anotaciones personales compuestas por el autor a lo largo de 2012. Ofrece apuntes de lecturas, comentarios a noticias de actualidad de fuerte car\u00e1cter cr\u00edtico, reflexiones filos\u00f3ficas, obituarios (Tabuchi, Mingote, Szymborska, Carlos Fuente, Agust\u00edn Garc\u00eda Calvo), descripciones paisaj\u00edsticas, efem\u00e9rides (1\u00aa huelga de Asturias en \u00e9poca franquista), viajes (Soria) y, claro est\u00e1, aforismos, siempre con la sombra de Machado como tel\u00f3n de fondo. Este profesor indignado, que detesta las contradicciones del hombre moderno y el sectarismo de las pol\u00edticas educativas, constata la disoluci\u00f3n del sujeto burgu\u00e9s sin que realmente se le haya sustituido con otro paradigma v\u00e1lido.<\/p>\n<p>Por \u00faltimo, <em>\u00a0El escritor y sus m\u00e1scaras <\/em>(Madrid, Pigmalion), que aparece en la colecci\u00f3n \u201cExtremadura\u201d, fundada por Ricardo Hern\u00e1ndez Basilio Rodr\u00edguez Ca\u00f1ada para los extreme\u00f1os de la di\u00e1spora poco atendidos por las editoras institucionales. La obra lleva pr\u00f3logo deRogelio Blanco Mart\u00ednez. Recoge un conjunto de ensayos que antes vieron la luz en diferentes medios de alcance nacional, desde el ya lejano 1999 hasta 2008. Casi todos son estudios incisivos de grandes autores, entre los cuales Neila suele elegir sus libros autobiogr\u00e1ficos (diarios, soliloquios, memorias). Se ocupa tanto de grandes maestros de la literatura universal , como de creadores contempor\u00e1neos, espa\u00f1oles muchos de \u00e9stos. Tales miradas poli\u00e9dricas conforman un caleidoscopio sumamente atractivo y enriquecedor.<\/p>\n<p>&nbsp;<\/p>\n<p>&nbsp;<\/p>\n<p>&nbsp;<\/p>\n","protected":false},"excerpt":{"rendered":"<p>&nbsp; Nacido en Herv\u00e1s (1950), criado en Asturias y residente en Madrid, licenciado en Filolog\u00eda Rom\u00e1nica, Neila ha ejercido como profesor, cr\u00edtico literario, director de colecciones, periodista, traductor y otros oficios relacionados con la escritura. Due\u00f1o de una voz personal y libre, que algunos tienen como cautelosa y casi secreta (a m\u00ed no me lo [&hellip;]<\/p>\n","protected":false},"author":9,"featured_media":0,"comment_status":"open","ping_status":"closed","sticky":false,"template":"","format":"standard","meta":[],"categories":[3],"tags":[],"_links":{"self":[{"href":"https:\/\/blogs.hoy.es\/libreconlibros\/wp-json\/wp\/v2\/posts\/593"}],"collection":[{"href":"https:\/\/blogs.hoy.es\/libreconlibros\/wp-json\/wp\/v2\/posts"}],"about":[{"href":"https:\/\/blogs.hoy.es\/libreconlibros\/wp-json\/wp\/v2\/types\/post"}],"author":[{"embeddable":true,"href":"https:\/\/blogs.hoy.es\/libreconlibros\/wp-json\/wp\/v2\/users\/9"}],"replies":[{"embeddable":true,"href":"https:\/\/blogs.hoy.es\/libreconlibros\/wp-json\/wp\/v2\/comments?post=593"}],"version-history":[{"count":0,"href":"https:\/\/blogs.hoy.es\/libreconlibros\/wp-json\/wp\/v2\/posts\/593\/revisions"}],"wp:attachment":[{"href":"https:\/\/blogs.hoy.es\/libreconlibros\/wp-json\/wp\/v2\/media?parent=593"}],"wp:term":[{"taxonomy":"category","embeddable":true,"href":"https:\/\/blogs.hoy.es\/libreconlibros\/wp-json\/wp\/v2\/categories?post=593"},{"taxonomy":"post_tag","embeddable":true,"href":"https:\/\/blogs.hoy.es\/libreconlibros\/wp-json\/wp\/v2\/tags?post=593"}],"curies":[{"name":"wp","href":"https:\/\/api.w.org\/{rel}","templated":true}]}}