{"id":745,"date":"2016-12-08T15:57:30","date_gmt":"2016-12-08T14:57:30","guid":{"rendered":"http:\/\/blogs.hoy.es\/libreconlibros\/?p=745"},"modified":"2016-12-08T15:57:30","modified_gmt":"2016-12-08T14:57:30","slug":"jose-agudo-poeta","status":"publish","type":"post","link":"https:\/\/blogs.hoy.es\/libreconlibros\/2016\/12\/08\/jose-agudo-poeta\/","title":{"rendered":"JOS\u00c9 AGUDO, POETA"},"content":{"rendered":"<p align=\"center\">\n<p align=\"center\">\u00a0La Editora Regional de Extremadura, que Eduardo Moga ha comenzado a dirigir con tan buen tino, nos\u00a0 acaba de sorprender con <em>Acordes de una antigua canci\u00f3n, <\/em>un excelente poemario, de cuyo autor no ten\u00edamos noticias. Nacido en Fregenal de la Sierra (1952), \u00a0la vida de Jos\u00e9 Agudo ha transcurrido en Mallorca y Barcelona, ciudad donde actualmente reside. En la red hemos encontrado la entrevista que le hizo (15-II-2015) Carmen Tom\u00e1s, \u00a0distingui\u00e9ndolo entre los \u00a0\u201cescriptors del baix Llobregat\u201d. Agudo le que confiesa sentirse herido por la \u201cnostalgia mediterr\u00e1nea\u201d, esa que Serrat cant\u00f3 de forma inolvidable.<\/p>\n<p align=\"center\">Manuel Rico lo llev\u00f3 a su Antolog\u00eda de Poetas Catalanes en Castellano, titulada\u00a0<em>Por Vivir Aqu\u00ed: Antolog\u00eda de Poetas Catalanes en Castellano <\/em>(2003), prologada por Manuel V\u00e1zquez Montalb\u00e1n. (Su caso me recuerda al grand\u00edsimo Jos\u00e9 Mar\u00eda Valverde, quien, aunque nacido e incluso criado en Valencia de Alc\u00e1ntara, siempre prefiri\u00f3 se incluido entre los escritores de Catalu\u00f1a, si bien,\u00a0 aun siendo\u00a0 pol\u00edglota, escrib\u00eda en castellano).<\/p>\n<p>Agudo, con apellido tan surextreme\u00f1o, \u00a0no es un novel en el mundo de las letras. Entre sus publicaciones se se\u00f1alan t\u00edtulos como \u00a0<em>Naufragios<\/em>\u00a0(1992), <em>Conciencia de m\u00ed mismo<\/em>\u00a0(1995), <em>Dibujando la Rosa de los Vientos<\/em>\u00a0(1996), <em>Hombre desnudo<\/em>\u00a0(2006) y <em>Esta fr\u00e1gil cadencia<\/em>\u00a0(2008), libro \u00e9ste con el que obtuvo el XXVIII Premio Hispanoamericano de Poes\u00eda Juan Ram\u00f3n Jim\u00e9nez. Que no es el \u00fanico de sus galardones..<\/p>\n<p>Entre los cl\u00e1sicos, se declara lector asiduo de \u00a0Manrique y Quevedo y de los contempor\u00e1neos admira sobre todo a Jaime Gil de Biedma, Jos\u00e9 Agust\u00edn y Caballero Bonald.<\/p>\n<p>\u201cMi pulso po\u00e9tico tiende a la reflexi\u00f3n acerca de la vida y sus contornos, de los m\u00ednimos hechos cotidianos que pueden pasar desapercibidos, pero que analizados convenientemente suponen una carga emocional lo suficientemente importante como para tenerlos en cuenta y tratarlos po\u00e9ticamente\u201d, manifestaba en la entrevista que antes se cit\u00f3.<\/p>\n<p>As\u00ed se percibe en este libro, tan urbanita, \u00a0cuyos versos blancos y libres, con preferencia por los endecas\u00edlabos, llegan a lo m\u00e1s hondo por su perfecci\u00f3n formal y las inquietudes que hacen compartir al lector. Escritos, real o figuradamente en octubre, se impregnan de\u00a0 melancol\u00eda oto\u00f1al. T\u00f3picos como la ca\u00edda de las hojas, el mar al sin los ruidosos turistas, el fr\u00edo que regresa, los charcos de la lluvia, la luz ya domesticada, las fantasmales neblinas, los p\u00e1jaros err\u00e1ticos del crep\u00fasculo\u2026 se elevan a s\u00edmbolos de la caducidad del existir, los\u00a0 ineludibles estragos del tiempo, la conciencia de un yo que se extingue. El poema \u201cSenectud\u201d (p\u00e1g. 45) lo resume perfectamente. Con todo, a pesar de los pasos fatigados, de las dudas que corroen a los dioses mismos (si es que existen), de que nos conducen como cantos rodados (Rolling Stones) rumbo a una orilla sin nada, reconforta la seguridad de que estuvimos aqu\u00ed, junto a los otros, siquiera por un instante.<\/p>\n<p>&nbsp;<\/p>\n<p>&nbsp;<\/p>\n<p>Jos\u00e9 Agudo, <em>Acordes de una antigua canci\u00f3n. <\/em>M\u00e9rida, ERE, 2016<\/p>\n","protected":false},"excerpt":{"rendered":"<p>\u00a0La Editora Regional de Extremadura, que Eduardo Moga ha comenzado a dirigir con tan buen tino, nos\u00a0 acaba de sorprender con Acordes de una antigua canci\u00f3n, un excelente poemario, de cuyo autor no ten\u00edamos noticias. Nacido en Fregenal de la Sierra (1952), \u00a0la vida de Jos\u00e9 Agudo ha transcurrido en Mallorca y Barcelona, ciudad donde [&hellip;]<\/p>\n","protected":false},"author":9,"featured_media":0,"comment_status":"open","ping_status":"closed","sticky":false,"template":"","format":"standard","meta":[],"categories":[3],"tags":[],"_links":{"self":[{"href":"https:\/\/blogs.hoy.es\/libreconlibros\/wp-json\/wp\/v2\/posts\/745"}],"collection":[{"href":"https:\/\/blogs.hoy.es\/libreconlibros\/wp-json\/wp\/v2\/posts"}],"about":[{"href":"https:\/\/blogs.hoy.es\/libreconlibros\/wp-json\/wp\/v2\/types\/post"}],"author":[{"embeddable":true,"href":"https:\/\/blogs.hoy.es\/libreconlibros\/wp-json\/wp\/v2\/users\/9"}],"replies":[{"embeddable":true,"href":"https:\/\/blogs.hoy.es\/libreconlibros\/wp-json\/wp\/v2\/comments?post=745"}],"version-history":[{"count":0,"href":"https:\/\/blogs.hoy.es\/libreconlibros\/wp-json\/wp\/v2\/posts\/745\/revisions"}],"wp:attachment":[{"href":"https:\/\/blogs.hoy.es\/libreconlibros\/wp-json\/wp\/v2\/media?parent=745"}],"wp:term":[{"taxonomy":"category","embeddable":true,"href":"https:\/\/blogs.hoy.es\/libreconlibros\/wp-json\/wp\/v2\/categories?post=745"},{"taxonomy":"post_tag","embeddable":true,"href":"https:\/\/blogs.hoy.es\/libreconlibros\/wp-json\/wp\/v2\/tags?post=745"}],"curies":[{"name":"wp","href":"https:\/\/api.w.org\/{rel}","templated":true}]}}