{"id":867,"date":"2017-09-28T12:32:52","date_gmt":"2017-09-28T11:32:52","guid":{"rendered":"http:\/\/blogs.hoy.es\/libreconlibros\/?p=867"},"modified":"2017-09-28T12:32:52","modified_gmt":"2017-09-28T11:32:52","slug":"jovenes-ninis","status":"publish","type":"post","link":"https:\/\/blogs.hoy.es\/libreconlibros\/2017\/09\/28\/jovenes-ninis\/","title":{"rendered":"J\u00d3VENES &#8220;NINIS&#8221;"},"content":{"rendered":"<p>&nbsp;<\/p>\n<p>&nbsp;<\/p>\n<p>Una voz nueva, joven y prometedora, se suma a la bien nutrida pl\u00e9yade de narradores extreme\u00f1os (Luis Landero, Javier Cercas, Gonzalo Hidalgo, Ram\u00edrez Lozano, Pilar Gal\u00e1n, Juli\u00e1n y Javier Rodr\u00edguez, Susana y Mart\u00edn Gij\u00f3n, m\u00e1s un largo etc.). Nos referimos a Miguel Blanco, que acaba de publicar su primera obra, En la calle, t\u00edtulo que da pistas sobre el drama sufrido por parte de los protagonistas aqu\u00ed actuantes: el paro y los desahucios.<\/p>\n<p>Natural de Badajoz (1980), donde tuvo su infancia y primera juventud, Blanco es Doctor en F\u00edsica por la Universidad Pierre et Marie Curie de Par\u00eds, habiendo desarrollado labores profesionales en Suiza (CERN,\u00a0 Laboratorio Europeo de F\u00edsica de Part\u00edculas Elementales), Argentina y Francia. Ahora reside en Madrid, donde particip\u00f3 muy\u00a0 intensamente en las actividades\u00a0 de protesta del 15-M .\u00a0 Al mismo tiempo, tiene publicados dos discos con canciones propias, Preguntas\u00a0 y Ciudades. Son numerosas las referencias que se pueden localizar en el libro a estas\u00a0 pistas autobiogr\u00e1ficas.<\/p>\n<p>El personaje central de la novela es Isidro Mayoral, treinta\u00f1ero\u00a0 tambi\u00e9n afincado en Madrid con ra\u00edces rurales ya olvidadas. Indolente hasta la exasperaci\u00f3n, antih\u00e9roe protot\u00edpico, dej\u00f3 sin terminar\u00a0 Ingenier\u00eda de Telecomunicaciones (hace alguna intentona por concluirla), malviviendo de trabajos ocasionales, cada vez peores; de sablear a los amigos, que tampoco est\u00e1n para muchos trotes, y de los padres, hasta el divorcio de los\u00a0 c\u00f3nyuges. (El marido es un empresario corrupto; la madre,\u00a0 su ant\u00edtesis, una mujer valiente, laboriosa y solidaria,\u00a0 cada vez m\u00e1s comprometidas con asociaciones vecinales, que afrontar\u00e1 la p\u00e9rdida del hogar sin desmoronarse).<\/p>\n<p>Mayoral, un irredento \u201cnini\u201d (ni estudia, ni trabaja), perezoso y fr\u00edvol\u00f3n, debe ir recortando salidas nocturnas, alcohol, caf\u00e9s, pel\u00edculas y otros gastos superfluos a medida que su situaci\u00f3n econ\u00f3mica se agrava, hasta la caer en la pura indigencia. Sobrevive, como otros muchos, esforz\u00e1ndose por mantener alg\u00fan rescoldo de las movidas nocturnas por ese Madrid\u00a0 de la crisis econ\u00f3mica y social, convertido en urbe implacable, tan bien descrito en estas p\u00e1ginas.<\/p>\n<p>Otras figuras, si secundarias, a\u00f1aden atractivas teselas a esta mosaico sociol\u00f3gico, tal la polifac\u00e9tica Luisa, cuya juventud no impide que tenga ya recorrido medio mundo, o\u00a0 Pedro Jos\u00e9, el mejor amigo, un todoterreno impagable.<\/p>\n<p>Aparte de su valor como\u00a0 retrato de \u00e9poca, la obra se distingue por la soltura del lenguaje en que se maneja el novelista, a modo de narrador omnisciente, y la frescura de los di\u00e1logos. Muy bien construido el relato, en el que van cruz\u00e1ndose historias m\u00faltiples, todas las cuales nos parecen m\u00e1s o menos comunes estos a\u00f1os \u00faltimos, la prosa decae ocasionalmente (cacofon\u00edas y t\u00e9rminos repetidos con excesiva proximidad).\u00a0 Miguel Blanco volver\u00e1 a sorprendernos con futuras entregas, acaso no lejanas.<\/p>\n<p>&nbsp;<\/p>\n<p>Miguel Blanco, <em>En la calle.<\/em> C\u00e1ceres, Tau Ediciones, 2017<\/p>\n","protected":false},"excerpt":{"rendered":"<p>&nbsp; &nbsp; Una voz nueva, joven y prometedora, se suma a la bien nutrida pl\u00e9yade de narradores extreme\u00f1os (Luis Landero, Javier Cercas, Gonzalo Hidalgo, Ram\u00edrez Lozano, Pilar Gal\u00e1n, Juli\u00e1n y Javier Rodr\u00edguez, Susana y Mart\u00edn Gij\u00f3n, m\u00e1s un largo etc.). Nos referimos a Miguel Blanco, que acaba de publicar su primera obra, En la calle, [&hellip;]<\/p>\n","protected":false},"author":9,"featured_media":0,"comment_status":"open","ping_status":"closed","sticky":false,"template":"","format":"standard","meta":[],"categories":[1],"tags":[],"_links":{"self":[{"href":"https:\/\/blogs.hoy.es\/libreconlibros\/wp-json\/wp\/v2\/posts\/867"}],"collection":[{"href":"https:\/\/blogs.hoy.es\/libreconlibros\/wp-json\/wp\/v2\/posts"}],"about":[{"href":"https:\/\/blogs.hoy.es\/libreconlibros\/wp-json\/wp\/v2\/types\/post"}],"author":[{"embeddable":true,"href":"https:\/\/blogs.hoy.es\/libreconlibros\/wp-json\/wp\/v2\/users\/9"}],"replies":[{"embeddable":true,"href":"https:\/\/blogs.hoy.es\/libreconlibros\/wp-json\/wp\/v2\/comments?post=867"}],"version-history":[{"count":1,"href":"https:\/\/blogs.hoy.es\/libreconlibros\/wp-json\/wp\/v2\/posts\/867\/revisions"}],"predecessor-version":[{"id":868,"href":"https:\/\/blogs.hoy.es\/libreconlibros\/wp-json\/wp\/v2\/posts\/867\/revisions\/868"}],"wp:attachment":[{"href":"https:\/\/blogs.hoy.es\/libreconlibros\/wp-json\/wp\/v2\/media?parent=867"}],"wp:term":[{"taxonomy":"category","embeddable":true,"href":"https:\/\/blogs.hoy.es\/libreconlibros\/wp-json\/wp\/v2\/categories?post=867"},{"taxonomy":"post_tag","embeddable":true,"href":"https:\/\/blogs.hoy.es\/libreconlibros\/wp-json\/wp\/v2\/tags?post=867"}],"curies":[{"name":"wp","href":"https:\/\/api.w.org\/{rel}","templated":true}]}}