{"id":885,"date":"2017-10-28T11:19:54","date_gmt":"2017-10-28T10:19:54","guid":{"rendered":"http:\/\/blogs.hoy.es\/libreconlibros\/?p=885"},"modified":"2017-10-28T11:19:54","modified_gmt":"2017-10-28T10:19:54","slug":"martin-cortes","status":"publish","type":"post","link":"https:\/\/blogs.hoy.es\/libreconlibros\/2017\/10\/28\/martin-cortes\/","title":{"rendered":"MART\u00cdN CORT\u00c9S"},"content":{"rendered":"<p>Hern\u00e1n Cort\u00e9s engendr\u00f3 una numerosa prole. Tuvo descendencia con una de\u00a0 sus mujeres leg\u00edtimas y varias amantes indias. Curiosamente, llevar\u00edan el mismo nombre dos \u201cMart\u00edn Cort\u00e9s\u201d, heredero del t\u00edtulo de Marqu\u00e9s de Oaxaca uno habido con la segunda esposa, la arist\u00f3crata castellana D\u00aa Juana Ram\u00edrez de Arellano (Juana de Z\u00fa\u00f1iga), y el que antes le diese D\u00aa Marina (Malintzin), \u201cLa Lengua\u201d. Esta homonimia, generadora de f\u00e1ciles equ\u00edvocos, volvi\u00f3 a repetirse con varias de las hijas: dos Mar\u00eda Cort\u00e9s, la nacida de una princesa azteca, y la que tuvo con D\u00aa Juana. A\u00fan pudieron complicarse las denominaciones si la Catalina que tuvo con D\u00aa Mar\u00eda Leonor Pizarro hubiese llevado el apellido del padre, seg\u00fan lo hizo Catalina Cort\u00e9s (tambi\u00e9n nombrada como Catalina de Arellano).<\/p>\n<p>La autora del libro decide llamar al Mart\u00edn leg\u00edtimo como el \u201ccriollo\u201d, distinguiendo al bastardo (pero muy querido\u00a0 por el de Medell\u00edn) como \u201cmestizo\u201d. Sobre ambos versa la obra, durante el periodo que estuvieron en Espa\u00f1a, aunque el aut\u00e9ntico protagonista sea el segundo. Otros descendientes del Conquistador aparecer\u00e1n tambi\u00e9n en estas p\u00e1ginas. Todas est\u00e1n compuestas tras rigurosas pesquisas por los oportunos archivos y bibliotecas: el de Indias (Sevilla), General de la Naci\u00f3n (M\u00e9xico), General de Simancas, Provincias y Real Chanciller\u00eda de Valladolidad, Stato di Napoli, Real Biblioteca y Biblioteca de la\u00a0 Academia\u00a0 de la Historia (Madrid). El estudio, basado en fuentes in\u00e9ditas, se hizo para el\u00a0 proyecto de investigaci\u00f3n\u00a0 en torno al Humanismo hispanoamericano, que tan diligentemente\u00a0 dirige Jes\u00fas Paniagua, catedr\u00e1tico de la Universidad de Le\u00f3n.<\/p>\n<p>Entre las muchas publicaciones realizadas por Mar\u00eda del Carmen Mart\u00ednez, profesora titular de Historia de Am\u00e9rica en la Universidad de Valladolid,\u00a0 cabe recordar las centradas en la figura del gran conquistador extreme\u00f1o: <em>Cartas y Memoriales <\/em>(2003), <em>En el nombre del hijo. Cartas de Mart\u00edn Cort\u00e9s y Catalina Pizarro <\/em>(2006), <em>Veracruz 1519. Los hombres de Cort\u00e9s <\/em>(2013) o <em>Miradas sobre Hern\u00e1n Cort\u00e9s <\/em>(2016).\u00a0 Su autoridad\u00a0 en la materia est\u00e1 plenamente reconocida.<\/p>\n<p>Mart\u00edn Cort\u00e9s <em>criollo <\/em>vino muy joven a Espa\u00f1a, por voluntad del Marqu\u00e9s, que, muerto pronto, apenas pudo atenderlo. Eso s\u00ed, le impuso condiciones testamentarias suficientes para condicionarle la existencia. Tambi\u00e9n le pesar\u00edan como losas los grav\u00e1menes de un matrimonio casi infantil; el ansia de triunfar en la costosa corte de Felipe II (a quien acompa\u00f1\u00f3 por Inglaterra, Pa\u00edses Bajos y Francia);\u00a0 las obligaciones familiares; su car\u00e1cter presuntuoso; alg\u00fan leve roce con la Inquisici\u00f3n, que le encontr\u00f3 libros prohibidos\u00a0 y, m\u00e1s que nada, la permanente falta de liquidez, sometida su lejana hacienda a la llegada azarosa de los galeones de India, obligado por ello a pr\u00e9stamos, altos intereses, embargos\u00a0 y pleitos continuos. (No fueron pocos los que, por razones cremat\u00edsticas le entablar\u00e1n la propia madre, casi todos los hermanos y, especialmente, el ambicioso suegro, uno de los \u201ccuradores\u201d que hubo de sufrir hasta alcanzar la mayor\u00eda de edad).\u00a0 Los nobles se enga\u00f1an, presionan al l\u00edmite, litigan ruinosamente cuando hay rico patrimonio que compartir, m\u00e1s a\u00fan si las cuentas nunca est\u00e1n del todo claras.<\/p>\n<p>No extra\u00f1e si finalmente decide dejar al primog\u00e9nito en la Pen\u00ednsula\u00a0 y volver\u00a0 con su esposa a Nueva Espa\u00f1a (1562), para mejor controlar los ricos bienes y eludir enojosos deudores. Por desgracia, las cosas se le complicar\u00edan y se le encausar\u00e1 acus\u00e1ndole de rebeld\u00eda contra el Soberano, lo que le\u00a0 atrajo graves castigos, entre otros el destierro perpetuo de las Indias. \u201cSon bien conocidas las cr\u00edticas que se le hicieron por ir precedido en sus salidas de un paje, por hacer un sello de plata que recordaba al real, vestirse adornarse a bautizar a sus hijos con maneras propias de un rey\u201d (p\u00e1g. 192).<\/p>\n<p>Pero esa es ya otra parte de la historia, aqu\u00ed no atendida, por atenerse al periodo acotado en el t\u00edtulo.<\/p>\n<p>Un rico ap\u00e9ndice bibliogr\u00e1fico y el util\u00edsimo \u00edndice onom\u00e1stico cierran el volumen.<\/p>\n<p>&nbsp;<\/p>\n<p>Mar\u00eda del Carmen Mart\u00ednez Mart\u00ednez, <em>Mart\u00edn Cort\u00e9s. Pasos recuperados (1532-1562). <\/em>Le\u00f3n, Ediciones El Forastero, 2017.<\/p>\n","protected":false},"excerpt":{"rendered":"<p>Hern\u00e1n Cort\u00e9s engendr\u00f3 una numerosa prole. Tuvo descendencia con una de\u00a0 sus mujeres leg\u00edtimas y varias amantes indias. Curiosamente, llevar\u00edan el mismo nombre dos \u201cMart\u00edn Cort\u00e9s\u201d, heredero del t\u00edtulo de Marqu\u00e9s de Oaxaca uno habido con la segunda esposa, la arist\u00f3crata castellana D\u00aa Juana Ram\u00edrez de Arellano (Juana de Z\u00fa\u00f1iga), y el que antes le [&hellip;]<\/p>\n","protected":false},"author":9,"featured_media":0,"comment_status":"open","ping_status":"closed","sticky":false,"template":"","format":"standard","meta":[],"categories":[1],"tags":[],"_links":{"self":[{"href":"https:\/\/blogs.hoy.es\/libreconlibros\/wp-json\/wp\/v2\/posts\/885"}],"collection":[{"href":"https:\/\/blogs.hoy.es\/libreconlibros\/wp-json\/wp\/v2\/posts"}],"about":[{"href":"https:\/\/blogs.hoy.es\/libreconlibros\/wp-json\/wp\/v2\/types\/post"}],"author":[{"embeddable":true,"href":"https:\/\/blogs.hoy.es\/libreconlibros\/wp-json\/wp\/v2\/users\/9"}],"replies":[{"embeddable":true,"href":"https:\/\/blogs.hoy.es\/libreconlibros\/wp-json\/wp\/v2\/comments?post=885"}],"version-history":[{"count":1,"href":"https:\/\/blogs.hoy.es\/libreconlibros\/wp-json\/wp\/v2\/posts\/885\/revisions"}],"predecessor-version":[{"id":886,"href":"https:\/\/blogs.hoy.es\/libreconlibros\/wp-json\/wp\/v2\/posts\/885\/revisions\/886"}],"wp:attachment":[{"href":"https:\/\/blogs.hoy.es\/libreconlibros\/wp-json\/wp\/v2\/media?parent=885"}],"wp:term":[{"taxonomy":"category","embeddable":true,"href":"https:\/\/blogs.hoy.es\/libreconlibros\/wp-json\/wp\/v2\/categories?post=885"},{"taxonomy":"post_tag","embeddable":true,"href":"https:\/\/blogs.hoy.es\/libreconlibros\/wp-json\/wp\/v2\/tags?post=885"}],"curies":[{"name":"wp","href":"https:\/\/api.w.org\/{rel}","templated":true}]}}