{"id":485,"date":"2006-10-02T13:27:35","date_gmt":"2006-10-02T13:27:35","guid":{"rendered":"http:\/\/blogs.hoy.es\/lineaconsumo\/?p=485"},"modified":"2006-10-02T13:27:35","modified_gmt":"2006-10-02T13:27:35","slug":"haz-brille-tu-pelo-despues-del-verano","status":"publish","type":"post","link":"https:\/\/blogs.hoy.es\/lineaconsumo\/2006\/10\/02\/haz-brille-tu-pelo-despues-del-verano\/","title":{"rendered":"Haz que brille tu pelo despu\u00e9s del verano"},"content":{"rendered":"<p>El pelo se resiente durante el verano por las agresiones del sol, el cloro o la humedad. Ahora, que la playa comienza a estar algo m\u00e1s lejos y que los chapuzones en las piscinas han terminado, hay que comenzar una carrera contrarreloj para recuperar la suavidad y el brillo en el cabello. Schwarzkopf ha lanzado al mercado la gama Gliss Reparaci\u00f3n Total, cuyos productos regeneran y protegen el cabello de las agresiones externas. Los investigadores han creado esta l\u00ednea para nutrir y reestructurar los cabellos secos o da\u00f1ados, as\u00ed como aportar resistencia a la fibra capilar. La gama se compone de cinco productos: champ\u00fa, acondicionador, mascarilla nutritiva reparaci\u00f3n total, mascarilla extra brillo reparaci\u00f3n total, que no necesita aclarado, y un tratamiento para reparar puntas da\u00f1adas. Su precio oscila entre 3,79 y 6,29 euros.<\/p>\n<!-- AddThis Advanced Settings generic via filter on the_content --><!-- AddThis Share Buttons generic via filter on the_content -->","protected":false},"excerpt":{"rendered":"<p>El pelo se resiente durante el verano por las agresiones del sol, el cloro o la humedad. Ahora, que la playa comienza a estar algo m\u00e1s lejos y que los chapuzones en las piscinas han terminado, hay que comenzar una carrera contrarreloj para recuperar la suavidad y el brillo en el cabello. Schwarzkopf ha lanzado [&hellip;]<!-- AddThis Advanced Settings generic via filter on get_the_excerpt --><!-- AddThis Share Buttons generic via filter on get_the_excerpt --><\/p>\n","protected":false},"author":6,"featured_media":0,"comment_status":"open","ping_status":"closed","sticky":false,"template":"","format":"standard","meta":[],"categories":[5],"tags":[82,557,579,797,1612,2272],"_links":{"self":[{"href":"https:\/\/blogs.hoy.es\/lineaconsumo\/wp-json\/wp\/v2\/posts\/485"}],"collection":[{"href":"https:\/\/blogs.hoy.es\/lineaconsumo\/wp-json\/wp\/v2\/posts"}],"about":[{"href":"https:\/\/blogs.hoy.es\/lineaconsumo\/wp-json\/wp\/v2\/types\/post"}],"author":[{"embeddable":true,"href":"https:\/\/blogs.hoy.es\/lineaconsumo\/wp-json\/wp\/v2\/users\/6"}],"replies":[{"embeddable":true,"href":"https:\/\/blogs.hoy.es\/lineaconsumo\/wp-json\/wp\/v2\/comments?post=485"}],"version-history":[{"count":0,"href":"https:\/\/blogs.hoy.es\/lineaconsumo\/wp-json\/wp\/v2\/posts\/485\/revisions"}],"wp:attachment":[{"href":"https:\/\/blogs.hoy.es\/lineaconsumo\/wp-json\/wp\/v2\/media?parent=485"}],"wp:term":[{"taxonomy":"category","embeddable":true,"href":"https:\/\/blogs.hoy.es\/lineaconsumo\/wp-json\/wp\/v2\/categories?post=485"},{"taxonomy":"post_tag","embeddable":true,"href":"https:\/\/blogs.hoy.es\/lineaconsumo\/wp-json\/wp\/v2\/tags?post=485"}],"curies":[{"name":"wp","href":"https:\/\/api.w.org\/{rel}","templated":true}]}}