{"id":491,"date":"2006-10-02T13:31:54","date_gmt":"2006-10-02T13:31:54","guid":{"rendered":"http:\/\/blogs.hoy.es\/lineaconsumo\/?p=491"},"modified":"2006-10-02T13:31:54","modified_gmt":"2006-10-02T13:31:54","slug":"la-generacion-la-quinta-cuchilla","status":"publish","type":"post","link":"https:\/\/blogs.hoy.es\/lineaconsumo\/2006\/10\/02\/la-generacion-la-quinta-cuchilla\/","title":{"rendered":"La generaci\u00f3n de la quinta cuchilla"},"content":{"rendered":"<p>Las maquinillas de afeitar son cada vez m\u00e1s completas. Gillete ha lanzado ahora, en Estados Unidos, la l\u00ednea Fusion, que dispone de hojas por delante y por detr\u00e1s. Las maquinillas con tres cuchillas comienzan a quedarse atr\u00e1s y la revoluci\u00f3n est\u00e1 marcada por el n\u00famero cinco para apurar al m\u00e1ximo el afeitado. As\u00ed, la parte delantera cuenta con cinco cuchillas entre las que se ha reducido el espacio de separaci\u00f3n para reducir la presi\u00f3n que ejercen por separado y que provoca cortes en la cara en los peque\u00f1os huecos que queda entre cuchilla y cuchilla. Pero la verdadera novedad de esta l\u00ednea reside en la parte trasera, donde se ha instalado una cuchilla pensada para apurar los lugares m\u00e1s sensibles de las caras masculinas, como las patillas, debajo de la nariz o el pelo que nace en los p\u00f3mulos.<\/p>\n<!-- AddThis Advanced Settings generic via filter on the_content --><!-- AddThis Share Buttons generic via filter on the_content -->","protected":false},"excerpt":{"rendered":"<p>Las maquinillas de afeitar son cada vez m\u00e1s completas. Gillete ha lanzado ahora, en Estados Unidos, la l\u00ednea Fusion, que dispone de hojas por delante y por detr\u00e1s. Las maquinillas con tres cuchillas comienzan a quedarse atr\u00e1s y la revoluci\u00f3n est\u00e1 marcada por el n\u00famero cinco para apurar al m\u00e1ximo el afeitado. As\u00ed, la parte [&hellip;]<!-- AddThis Advanced Settings generic via filter on get_the_excerpt --><!-- AddThis Share Buttons generic via filter on get_the_excerpt --><\/p>\n","protected":false},"author":6,"featured_media":0,"comment_status":"open","ping_status":"closed","sticky":false,"template":"","format":"standard","meta":[],"categories":[15],"tags":[1357,1605,2094,2237],"_links":{"self":[{"href":"https:\/\/blogs.hoy.es\/lineaconsumo\/wp-json\/wp\/v2\/posts\/491"}],"collection":[{"href":"https:\/\/blogs.hoy.es\/lineaconsumo\/wp-json\/wp\/v2\/posts"}],"about":[{"href":"https:\/\/blogs.hoy.es\/lineaconsumo\/wp-json\/wp\/v2\/types\/post"}],"author":[{"embeddable":true,"href":"https:\/\/blogs.hoy.es\/lineaconsumo\/wp-json\/wp\/v2\/users\/6"}],"replies":[{"embeddable":true,"href":"https:\/\/blogs.hoy.es\/lineaconsumo\/wp-json\/wp\/v2\/comments?post=491"}],"version-history":[{"count":0,"href":"https:\/\/blogs.hoy.es\/lineaconsumo\/wp-json\/wp\/v2\/posts\/491\/revisions"}],"wp:attachment":[{"href":"https:\/\/blogs.hoy.es\/lineaconsumo\/wp-json\/wp\/v2\/media?parent=491"}],"wp:term":[{"taxonomy":"category","embeddable":true,"href":"https:\/\/blogs.hoy.es\/lineaconsumo\/wp-json\/wp\/v2\/categories?post=491"},{"taxonomy":"post_tag","embeddable":true,"href":"https:\/\/blogs.hoy.es\/lineaconsumo\/wp-json\/wp\/v2\/tags?post=491"}],"curies":[{"name":"wp","href":"https:\/\/api.w.org\/{rel}","templated":true}]}}