{"id":634,"date":"2006-12-09T12:48:57","date_gmt":"2006-12-09T12:48:57","guid":{"rendered":"http:\/\/blogs.hoy.es\/lineaconsumo\/?p=634"},"modified":"2006-12-09T12:48:57","modified_gmt":"2006-12-09T12:48:57","slug":"donde-me-pruebo-base-maquillaje","status":"publish","type":"post","link":"https:\/\/blogs.hoy.es\/lineaconsumo\/2006\/12\/09\/donde-me-pruebo-base-maquillaje\/","title":{"rendered":"\u00bfD\u00f3nde me pruebo la base de maquillaje?"},"content":{"rendered":"<p>\u00bfD\u00f3nde resulta m\u00e1s efectivo probar el maquillaje: en el dorso de la mu\u00f1eca o en la mano? Seg\u00fan los expertos, en ninguno de los dos sitios. Para elegir el color de la base de maquillaje que mejor resulte, la clave reside en probar varios tonos sobre la zona de la mand\u00edbula del rostro a la luz natural. Acertar\u00e1s si te decantas por aquel que desaparece y se funde con el color de tu tez. En cuanto al color que usar\u00e1s de base para la sombra de ojos, elige uno que no tengas que difuminar demasiado. Si tienes que estar un rato difuminando el color es seguro que te has equivocado. Ten en cuenta que el tono acertado es el que no hay que borrar excesivamente. Y si quieres acertar con la m\u00e1scaras de pesta\u00f1as, elige negro cuando quieras un toque de &#8216;sofisticaci\u00f3n&#8217;, para las noches, pero durante el d\u00eda la m\u00e1scara marr\u00f3n aporta un toque m\u00e1s natural.<\/p>\n<!-- AddThis Advanced Settings generic via filter on the_content --><!-- AddThis Share Buttons generic via filter on the_content -->","protected":false},"excerpt":{"rendered":"<p>\u00bfD\u00f3nde resulta m\u00e1s efectivo probar el maquillaje: en el dorso de la mu\u00f1eca o en la mano? Seg\u00fan los expertos, en ninguno de los dos sitios. Para elegir el color de la base de maquillaje que mejor resulte, la clave reside en probar varios tonos sobre la zona de la mand\u00edbula del rostro a la [&hellip;]<!-- AddThis Advanced Settings generic via filter on get_the_excerpt --><!-- AddThis Share Buttons generic via filter on get_the_excerpt --><\/p>\n","protected":false},"author":6,"featured_media":0,"comment_status":"open","ping_status":"closed","sticky":false,"template":"","format":"standard","meta":[],"categories":[5],"tags":[415,905,3240,3394],"_links":{"self":[{"href":"https:\/\/blogs.hoy.es\/lineaconsumo\/wp-json\/wp\/v2\/posts\/634"}],"collection":[{"href":"https:\/\/blogs.hoy.es\/lineaconsumo\/wp-json\/wp\/v2\/posts"}],"about":[{"href":"https:\/\/blogs.hoy.es\/lineaconsumo\/wp-json\/wp\/v2\/types\/post"}],"author":[{"embeddable":true,"href":"https:\/\/blogs.hoy.es\/lineaconsumo\/wp-json\/wp\/v2\/users\/6"}],"replies":[{"embeddable":true,"href":"https:\/\/blogs.hoy.es\/lineaconsumo\/wp-json\/wp\/v2\/comments?post=634"}],"version-history":[{"count":0,"href":"https:\/\/blogs.hoy.es\/lineaconsumo\/wp-json\/wp\/v2\/posts\/634\/revisions"}],"wp:attachment":[{"href":"https:\/\/blogs.hoy.es\/lineaconsumo\/wp-json\/wp\/v2\/media?parent=634"}],"wp:term":[{"taxonomy":"category","embeddable":true,"href":"https:\/\/blogs.hoy.es\/lineaconsumo\/wp-json\/wp\/v2\/categories?post=634"},{"taxonomy":"post_tag","embeddable":true,"href":"https:\/\/blogs.hoy.es\/lineaconsumo\/wp-json\/wp\/v2\/tags?post=634"}],"curies":[{"name":"wp","href":"https:\/\/api.w.org\/{rel}","templated":true}]}}