{"id":100,"date":"2010-09-03T01:05:00","date_gmt":"2010-09-03T01:05:00","guid":{"rendered":"http:\/\/blogs.hoy.es\/loch-lomond\/?p=99"},"modified":"2010-09-03T01:05:00","modified_gmt":"2010-09-03T01:05:00","slug":"buddy-holly","status":"publish","type":"post","link":"https:\/\/blogs.hoy.es\/loch-lomond\/2010\/09\/03\/buddy-holly\/","title":{"rendered":"BUDDY HOLLY"},"content":{"rendered":"<p class=MsoNormal style=\"MARGIN: 0cm 0cm 0pt; TEXT-ALIGN: justify\"><span style=\"FONT-SIZE: 10pt; COLOR: navy; FONT-FAMILY: Verdana\"><\/span><font color=#000080 size=2><\/font><\/p>\n<p class=MsoNormal style=\"MARGIN: 0cm 0cm 0pt; TEXT-ALIGN: justify\"><span style=\"FONT-SIZE: 10pt; COLOR: navy; FONT-FAMILY: Verdana\"><\/span><\/p>\n<p class=MsoNormal style=\"MARGIN: 0cm 0cm 0pt; TEXT-ALIGN: justify\"><span style=\"FONT-SIZE: 10pt; COLOR: navy; FONT-FAMILY: Verdana\"><\/span><\/p>\n<p class=MsoNormal style=\"MARGIN: 0cm 0cm 0pt; TEXT-ALIGN: justify\">\n<p class=MsoNormal style=\"MARGIN: 0cm 0cm 0pt; TEXT-ALIGN: justify\"><span style=\"FONT-SIZE: 10pt; COLOR: navy; FONT-FAMILY: Verdana\"><img id=img_0 src=\"\/\/www.jcrf.cl\/wp-content\/uploads\/2010\/05\/weezer.jpg\"\/><\/span><\/p>\n<p><span style=\"FONT-SIZE: 10pt; COLOR: navy; FONT-FAMILY: Verdana\"><\/span><\/p>\n<p class=MsoNormal style=\"MARGIN: 0cm 0cm 0pt; TEXT-ALIGN: justify\">\n<p class=MsoNormal style=\"MARGIN: 0cm 0cm 0pt; TEXT-ALIGN: justify\"><span style=\"FONT-SIZE: 10pt; COLOR: navy; FONT-FAMILY: Verdana\">Hoy viernes, como saben, d\u00eda de canciones en Don de LOCH LOMOND, quiero hablarles de un gran \u00e9xito de un excelente grupo, <font color=#ff0000>Weezer<\/font>, que en mi humilde opini\u00f3n siempre ha estado infravalorado. La verdad es que afirmar tal cosa de una formaci\u00f3n que ha vendido decenas de millones de discos parece decir mucho, pero es cierto. Creo que a\u00fan a d\u00eda de hoy, <font color=#ff0000>Weezer<\/font> no goza de la importancia y fama que debiera por su brillante carrera y calidad de sus temas. Estoy casi seguro, que aunque muchos de ustedes no los conozcan, es bastante probable que hayan escuchado m\u00e1s de una canci\u00f3n suya. Pues del grupo <font color=#ff0000>Weezer<\/font> por ejemplo es la famosa canci\u00f3n <font color=#ff0000>Island in the Sun<\/font> radiada y visionada hasta la saciedad cuando en 2001 protagoniz\u00f3 la campa\u00f1a de \u201cMovistar\u201d.<\/span><\/p>\n<p><span style=\"FONT-SIZE: 10pt; COLOR: navy; FONT-FAMILY: Verdana\"><\/span><\/p>\n<p><span style=\"FONT-SIZE: 10pt; COLOR: navy; FONT-FAMILY: Verdana\"><\/span><\/p>\n<p><span style=\"FONT-SIZE: 10pt; COLOR: navy; FONT-FAMILY: Verdana\"><\/span><\/p>\n<p><span style=\"FONT-SIZE: 10pt; COLOR: navy; FONT-FAMILY: Verdana\"><\/span><\/p>\n<p><span style=\"FONT-SIZE: 10pt; COLOR: navy; FONT-FAMILY: Verdana\"><\/span><\/p>\n<p><span style=\"FONT-SIZE: 10pt; COLOR: navy; FONT-FAMILY: Verdana\"><\/span><\/p>\n<p><span style=\"FONT-SIZE: 10pt; COLOR: navy; FONT-FAMILY: Verdana\"><\/span><\/p>\n<p><span style=\"FONT-SIZE: 10pt; COLOR: navy; FONT-FAMILY: Verdana\"><\/span><\/p>\n<p><span style=\"FONT-SIZE: 10pt; COLOR: navy; FONT-FAMILY: Verdana\"><\/span><\/p>\n<p><span style=\"FONT-SIZE: 10pt; COLOR: navy; FONT-FAMILY: Verdana\"><\/span><\/p>\n<p><span style=\"FONT-SIZE: 10pt; COLOR: navy; FONT-FAMILY: Verdana\"><\/span><\/p>\n<p><span style=\"FONT-SIZE: 10pt; COLOR: navy; FONT-FAMILY: Verdana\"><\/span><\/p>\n<p><span style=\"FONT-SIZE: 10pt; COLOR: navy; FONT-FAMILY: Verdana\"><\/span><\/p>\n<p><span style=\"FONT-SIZE: 10pt; COLOR: navy; FONT-FAMILY: Verdana\"><\/span><\/p>\n<p><span style=\"FONT-SIZE: 10pt; COLOR: navy; FONT-FAMILY: Verdana\"><\/span><\/p>\n<p><span style=\"FONT-SIZE: 10pt; COLOR: navy; FONT-FAMILY: Verdana\"><\/span><\/p>\n<p><span style=\"FONT-SIZE: 10pt; COLOR: navy; FONT-FAMILY: Verdana\"><\/span><\/p>\n<p class=MsoNormal style=\"MARGIN: 0cm 0cm 0pt; TEXT-ALIGN: justify\">\n<p class=MsoNormal style=\"MARGIN: 0cm 0cm 0pt; TEXT-ALIGN: justify\"><span style=\"FONT-SIZE: 10pt; COLOR: navy; FONT-FAMILY: Verdana\">< ?xml:namespace prefix = o ns = \"urn:schemas-microsoft-com:office:office\" \/><o:p><\/o:p><\/span><\/p>\n<p class=MsoNormal style=\"MARGIN: 0cm 0cm 0pt; TEXT-ALIGN: justify\"><span style=\"FONT-SIZE: 10pt; COLOR: navy; FONT-FAMILY: Verdana\"><font color=#ff0000>Weezer<\/font> es una gran banda formada en 1992 en Los \u00c1ngeles, en la que brilla y destaca sin lugar a dudas el gran <font color=#ff0000>Rivers Cuomo<\/font>, cantante, guitarra solista, compositor y verdadero art\u00edfice de <font color=#ff0000>Weezer<\/font>.<\/span><\/p>\n<p><span style=\"FONT-SIZE: 10pt; COLOR: navy; FONT-FAMILY: Verdana\"><\/span><\/p>\n<p><span style=\"FONT-SIZE: 10pt; COLOR: navy; FONT-FAMILY: Verdana\"><\/span><\/p>\n<p><span style=\"FONT-SIZE: 10pt; COLOR: navy; FONT-FAMILY: Verdana\"><\/span><\/p>\n<p><span style=\"FONT-SIZE: 10pt; COLOR: navy; FONT-FAMILY: Verdana\"><\/span><\/p>\n<p><span style=\"FONT-SIZE: 10pt; COLOR: navy; FONT-FAMILY: Verdana\"><\/span><\/p>\n<p><span style=\"FONT-SIZE: 10pt; COLOR: navy; FONT-FAMILY: Verdana\"><\/span><\/p>\n<p><span style=\"FONT-SIZE: 10pt; COLOR: navy; FONT-FAMILY: Verdana\"><\/span><\/p>\n<p><span style=\"FONT-SIZE: 10pt; COLOR: navy; FONT-FAMILY: Verdana\"><\/span><\/p>\n<p><span style=\"FONT-SIZE: 10pt; COLOR: navy; FONT-FAMILY: Verdana\"><\/span><\/p>\n<p><span style=\"FONT-SIZE: 10pt; COLOR: navy; FONT-FAMILY: Verdana\"><\/span><\/p>\n<p><span style=\"FONT-SIZE: 10pt; COLOR: navy; FONT-FAMILY: Verdana\"><\/span><\/p>\n<p><span style=\"FONT-SIZE: 10pt; COLOR: navy; FONT-FAMILY: Verdana\"><\/span><\/p>\n<p><span style=\"FONT-SIZE: 10pt; COLOR: navy; FONT-FAMILY: Verdana\"><o:p><img id=img_1 src=\"\/\/aestheticoctopus.files.wordpress.com\/2009\/12\/rivers-cuomo.jpg\"\/><\/o:p><\/span><\/p>\n<p class=MsoNormal style=\"MARGIN: 0cm 0cm 0pt; TEXT-ALIGN: justify\">\n<p><span style=\"FONT-SIZE: 10pt; COLOR: navy; FONT-FAMILY: Verdana\"><o:p><\/o:p><\/span> <\/p>\n<p class=MsoNormal style=\"MARGIN: 0cm 0cm 0pt; TEXT-ALIGN: justify\">\n<p class=MsoNormal style=\"MARGIN: 0cm 0cm 0pt; TEXT-ALIGN: justify\">\n<p class=MsoNormal style=\"MARGIN: 0cm 0cm 0pt; TEXT-ALIGN: justify\">\n<p class=MsoNormal style=\"MARGIN: 0cm 0cm 0pt; TEXT-ALIGN: justify\">\n<p class=MsoNormal style=\"MARGIN: 0cm 0cm 0pt; TEXT-ALIGN: justify\">\n<p class=MsoNormal style=\"MARGIN: 0cm 0cm 0pt; TEXT-ALIGN: justify\">\n<p class=MsoNormal style=\"MARGIN: 0cm 0cm 0pt; TEXT-ALIGN: justify\">\n<p class=MsoNormal style=\"MARGIN: 0cm 0cm 0pt; TEXT-ALIGN: justify\">\n<p class=MsoNormal style=\"MARGIN: 0cm 0cm 0pt; TEXT-ALIGN: justify\">\n<p class=MsoNormal style=\"MARGIN: 0cm 0cm 0pt; TEXT-ALIGN: justify\">\n<p class=MsoNormal style=\"MARGIN: 0cm 0cm 0pt; TEXT-ALIGN: justify\">\n<p class=MsoNormal style=\"MARGIN: 0cm 0cm 0pt; TEXT-ALIGN: justify\">\n<p class=MsoNormal style=\"MARGIN: 0cm 0cm 0pt; TEXT-ALIGN: justify\">\n<p class=MsoNormal style=\"MARGIN: 0cm 0cm 0pt; TEXT-ALIGN: justify\">\n<p class=MsoNormal style=\"MARGIN: 0cm 0cm 0pt; TEXT-ALIGN: justify\">\n<p class=MsoNormal style=\"MARGIN: 0cm 0cm 0pt; TEXT-ALIGN: justify\">\n<p class=MsoNormal style=\"MARGIN: 0cm 0cm 0pt; TEXT-ALIGN: justify\">\n<p class=MsoNormal style=\"MARGIN: 0cm 0cm 0pt; TEXT-ALIGN: justify\">\n<p class=MsoNormal style=\"MARGIN: 0cm 0cm 0pt; TEXT-ALIGN: justify\"><span style=\"FONT-SIZE: 10pt; COLOR: navy; FONT-FAMILY: Verdana\">La canci\u00f3n que nos ocupa hoy es ni m\u00e1s ni menos que <font color=#ff0000>Buddy Holly<\/font>, segundo single de su primer disco <font color=#ff0000>The Blue album<\/font> grabada en 1994. A\u00fan recuerdo la primera vez que vi el video clip en casa de mi amigo Ricardo Larios, Guitarrista de Darksound. \u00c9l fue quien me descubri\u00f3 a este gran grupo (y a otros como U2) y quien se molestaba en grabar los videos para que los pudi\u00e9semos ver sus amigos. La primera vez que tuve constancia de ellos fue con este video clip. Me gust\u00f3 especialmente su sonido, entre Beach Boys y quiz\u00e1s Pixies. Y sobre todo la contundencia de las guitarras frente a la dulzura de las melod\u00edas.<\/span><\/p>\n<p><span style=\"FONT-SIZE: 10pt; COLOR: navy; FONT-FAMILY: Verdana\"><\/span><\/p>\n<p><span style=\"FONT-SIZE: 10pt; COLOR: navy; FONT-FAMILY: Verdana\"><\/span><\/p>\n<p><span style=\"FONT-SIZE: 10pt; COLOR: navy; FONT-FAMILY: Verdana\"><\/span><\/p>\n<p><span style=\"FONT-SIZE: 10pt; COLOR: navy; FONT-FAMILY: Verdana\"><\/span><\/p>\n<p><span style=\"FONT-SIZE: 10pt; COLOR: navy; FONT-FAMILY: Verdana\"><\/span><\/p>\n<p><span style=\"FONT-SIZE: 10pt; COLOR: navy; FONT-FAMILY: Verdana\"><\/span><\/p>\n<p><span style=\"FONT-SIZE: 10pt; COLOR: navy; FONT-FAMILY: Verdana\"><\/span><\/p>\n<p><span style=\"FONT-SIZE: 10pt; COLOR: navy; FONT-FAMILY: Verdana\"><\/span><\/p>\n<p><span style=\"FONT-SIZE: 10pt; COLOR: navy; FONT-FAMILY: Verdana\"><\/span><\/p>\n<p><span style=\"FONT-SIZE: 10pt; COLOR: navy; FONT-FAMILY: Verdana\"><\/span><\/p>\n<p><span style=\"FONT-SIZE: 10pt; COLOR: navy; FONT-FAMILY: Verdana\"><\/span><\/p>\n<p><span style=\"FONT-SIZE: 10pt; COLOR: navy; FONT-FAMILY: Verdana\"><\/span><\/p>\n<p><span style=\"FONT-SIZE: 10pt; COLOR: navy; FONT-FAMILY: Verdana\"><\/span><\/p>\n<p><span style=\"FONT-SIZE: 10pt; COLOR: navy; FONT-FAMILY: Verdana\"><o:p><\/o:p><\/span><\/p>\n<p class=MsoNormal style=\"MARGIN: 0cm 0cm 0pt; TEXT-ALIGN: justify\">\n<p class=MsoNormal style=\"MARGIN: 0cm 0cm 0pt; TEXT-ALIGN: justify\"><span style=\"FONT-SIZE: 10pt; COLOR: navy; FONT-FAMILY: Verdana\"><o:p><\/o:p><\/span><\/p>\n<p class=MsoNormal style=\"MARGIN: 0cm 0cm 0pt; TEXT-ALIGN: justify\"><span style=\"FONT-SIZE: 10pt; COLOR: navy; FONT-FAMILY: Verdana\">Como curiosidad y para acabar, decirles que <\/span><span lang=ES style=\"FONT-SIZE: 10pt; COLOR: navy; FONT-FAMILY: Verdana; mso-ansi-language: ES\">el videoclip de <font color=#ff0000>Buddy Holly<\/font> est\u00e1 grabado como si fuera parte de una vieja serie americana y ambientado como el bar donde se reun\u00edan sus protagonistas. Adem\u00e1s del due\u00f1o del local salen muchos personajes y existen varias tomas donde los <font color=#ff0000>Weezer<\/font> se mezclan con los personajes televisivos. El video fue dirigido nada menos que por Spike Jonze, director entre otras pel\u00edculas de la genial comedia negra \u201ccomo ser John Malkovich\u201d.<\/span><\/p>\n<p><span lang=ES style=\"FONT-SIZE: 10pt; COLOR: navy; FONT-FAMILY: Verdana; mso-ansi-language: ES\"><\/span><\/p>\n<p><span lang=ES style=\"FONT-SIZE: 10pt; COLOR: navy; FONT-FAMILY: Verdana; mso-ansi-language: ES\"><\/span><\/p>\n<p><span lang=ES style=\"FONT-SIZE: 10pt; COLOR: navy; FONT-FAMILY: Verdana; mso-ansi-language: ES\"><\/span><\/p>\n<p><span lang=ES style=\"FONT-SIZE: 10pt; COLOR: navy; FONT-FAMILY: Verdana; mso-ansi-language: ES\"><\/span><\/p>\n<p><span lang=ES style=\"FONT-SIZE: 10pt; COLOR: navy; FONT-FAMILY: Verdana; mso-ansi-language: ES\"><\/span><\/p>\n<p><span lang=ES style=\"FONT-SIZE: 10pt; COLOR: navy; FONT-FAMILY: Verdana; mso-ansi-language: ES\"><\/span><\/p>\n<p><span lang=ES style=\"FONT-SIZE: 10pt; COLOR: navy; FONT-FAMILY: Verdana; mso-ansi-language: ES\"><\/span><\/p>\n<p><span lang=ES style=\"FONT-SIZE: 10pt; COLOR: navy; FONT-FAMILY: Verdana; mso-ansi-language: ES\"><\/span><\/p>\n<p><span lang=ES style=\"FONT-SIZE: 10pt; COLOR: navy; FONT-FAMILY: Verdana; mso-ansi-language: ES\"><\/span><\/p>\n<p><span lang=ES style=\"FONT-SIZE: 10pt; COLOR: navy; FONT-FAMILY: Verdana; mso-ansi-language: ES\"><o:p><\/o:p><\/span><\/p>\n<p class=MsoNormal style=\"MARGIN: 0cm 0cm 0pt; TEXT-ALIGN: justify\">\n<p class=MsoNormal style=\"MARGIN: 0cm 0cm 0pt; TEXT-ALIGN: justify\"><span lang=ES style=\"FONT-SIZE: 10pt; COLOR: navy; FONT-FAMILY: Verdana; mso-ansi-language: ES\"><o:p><\/o:p><\/span><\/p>\n<p class=MsoNormal style=\"MARGIN: 0cm 0cm 0pt; TEXT-ALIGN: justify\"><span lang=ES style=\"FONT-SIZE: 10pt; COLOR: navy; FONT-FAMILY: Verdana; mso-ansi-language: ES\">A mi desde luego es un grupo que me vuelve loco, y la verdad, me llama la atenci\u00f3n que tras casi cuatro meses de vida de este Blog no haya procedido a mostrarles nada de ellos. Nunca es tarde si la dicha es buena. Con todos ustedes <font color=#ff0000>Weezer<\/font>, espero que desde hoy, uno de sus grupos favoritos, y por supuesto, uno de sus primeros \u00e9xitos, <font color=#ff0000>Buddy Holly<\/font>.<\/span><\/p>\n<p><span lang=ES style=\"FONT-SIZE: 10pt; COLOR: navy; FONT-FAMILY: Verdana; mso-ansi-language: ES\"><\/span><\/p>\n<p><span lang=ES style=\"FONT-SIZE: 10pt; COLOR: navy; FONT-FAMILY: Verdana; mso-ansi-language: ES\"><\/span><\/p>\n<p><span lang=ES style=\"FONT-SIZE: 10pt; COLOR: navy; FONT-FAMILY: Verdana; mso-ansi-language: ES\"><o:p><\/o:p><\/span><\/p>\n<p class=MsoNormal style=\"MARGIN: 0cm 0cm 0pt; TEXT-ALIGN: justify\">\n<p class=MsoNormal style=\"MARGIN: 0cm 0cm 0pt; TEXT-ALIGN: justify\">\n<p><a href=\"http:\/\/www.youtube.com\/watch?v=kemivUKb4f4&#038;ob=av2e\">http:\/\/www.youtube.com\/watch?v=kemivUKb4f4&#038;ob=av2e<\/a>  <\/p>\n<p class=MsoNormal style=\"MARGIN: 0cm 0cm 0pt; TEXT-ALIGN: justify\">\n<!-- AddThis Advanced Settings generic via filter on the_content --><!-- AddThis Share Buttons generic via filter on the_content -->","protected":false},"excerpt":{"rendered":"<p>Hoy viernes, como saben, d\u00eda de canciones en Don de LOCH LOMOND, quiero hablarles de un gran \u00e9xito de un excelente grupo, Weezer, que en mi humilde opini\u00f3n siempre ha estado infravalorado. La verdad es que afirmar tal cosa de una formaci\u00f3n que ha vendido decenas de millones de discos parece decir mucho, pero es [&hellip;]<!-- AddThis Advanced Settings generic via filter on get_the_excerpt --><!-- AddThis Share Buttons generic via filter on get_the_excerpt --><\/p>\n","protected":false},"author":14,"featured_media":0,"comment_status":"open","ping_status":"closed","sticky":false,"template":"","format":"standard","meta":[],"categories":[6],"tags":[1315,3570,4472,5119,5313],"_links":{"self":[{"href":"https:\/\/blogs.hoy.es\/loch-lomond\/wp-json\/wp\/v2\/posts\/100"}],"collection":[{"href":"https:\/\/blogs.hoy.es\/loch-lomond\/wp-json\/wp\/v2\/posts"}],"about":[{"href":"https:\/\/blogs.hoy.es\/loch-lomond\/wp-json\/wp\/v2\/types\/post"}],"author":[{"embeddable":true,"href":"https:\/\/blogs.hoy.es\/loch-lomond\/wp-json\/wp\/v2\/users\/14"}],"replies":[{"embeddable":true,"href":"https:\/\/blogs.hoy.es\/loch-lomond\/wp-json\/wp\/v2\/comments?post=100"}],"version-history":[{"count":0,"href":"https:\/\/blogs.hoy.es\/loch-lomond\/wp-json\/wp\/v2\/posts\/100\/revisions"}],"wp:attachment":[{"href":"https:\/\/blogs.hoy.es\/loch-lomond\/wp-json\/wp\/v2\/media?parent=100"}],"wp:term":[{"taxonomy":"category","embeddable":true,"href":"https:\/\/blogs.hoy.es\/loch-lomond\/wp-json\/wp\/v2\/categories?post=100"},{"taxonomy":"post_tag","embeddable":true,"href":"https:\/\/blogs.hoy.es\/loch-lomond\/wp-json\/wp\/v2\/tags?post=100"}],"curies":[{"name":"wp","href":"https:\/\/api.w.org\/{rel}","templated":true}]}}