{"id":1001,"date":"2012-06-06T13:39:48","date_gmt":"2012-06-06T12:39:48","guid":{"rendered":"http:\/\/blogs.hoy.es\/loch-lomond\/?p=1001"},"modified":"2012-06-06T13:39:48","modified_gmt":"2012-06-06T12:39:48","slug":"mariano-media-roja","status":"publish","type":"post","link":"https:\/\/blogs.hoy.es\/loch-lomond\/2012\/06\/06\/mariano-media-roja\/","title":{"rendered":"\u00a1Mariano&#8230; media roja!"},"content":{"rendered":"<p>&nbsp;<\/p>\n<p align=\"JUSTIFY\"><span style=\"color: #000080; font-size: medium;\">No he podido evitar una sonrisa nost\u00e1lgica al leer el art\u00edculo en Plaza Alta de HOY de Pedro del Pino sobre <a title=\"La Pajarera (Pedro del Pino en Plaza Alta)\" href=\"http:\/\/hoy.kioskoymas.com\/epaper\/viewer.aspx\" target=\"_blank\">La Pajarera<\/a>.<\/span><\/p>\n<p align=\"JUSTIFY\"><a href=\"\/loch-lomond\/wp-content\/uploads\/sites\/10\/2012\/06\/Homer-y-su-pajarera-particular.jpg\"><img loading=\"lazy\" class=\"alignnone size-medium wp-image-1003\" title=\"Homer y su pajarera particular\" src=\"\/loch-lomond\/wp-content\/uploads\/sites\/10\/2012\/06\/Homer-y-su-pajarera-particular.jpg\" alt=\"\" width=\"300\" height=\"226\" srcset=\"https:\/\/static-blogs.hoy.es\/wp-content\/uploads\/sites\/10\/2012\/06\/Homer-y-su-pajarera-particular.jpg 477w, https:\/\/static-blogs.hoy.es\/wp-content\/uploads\/sites\/10\/2012\/06\/Homer-y-su-pajarera-particular-300x226.jpg 300w\" sizes=\"(max-width: 300px) 100vw, 300px\" \/><\/a><\/p>\n<p align=\"JUSTIFY\"><span style=\"color: #000080; font-size: medium;\">La Pajarera me trae grandes recuerdos, en especial de desayunos furtivos por la ventanilla de atr\u00e1s, con la que evit\u00e1bamos las miradas reprobatorias de los profesores que se encontraban desayunando en sus horas libres. No recuerdo cuanto costaba una tostada en mis tiempos del <a title=\"Adi\u00f3s muchachos\" href=\"https:\/\/blogs.hoy.es\/loch-lomond\/2011\/04\/07\/adios-muchachos\/\" target=\"_blank\">Instituto Zurbar\u00e1n<\/a>, pero a\u00fan as\u00ed era bastante m\u00e1s barato que en cualquier bar. La blanca estaba deliciosa, la catalana (<a title=\"una extreme\u00f1a y un caf\u00e9\" href=\"https:\/\/blogs.hoy.es\/loch-lomond\/2010\/10\/14\/una-extremena-y-cafe\/\" target=\"_blank\">extreme\u00f1a<\/a>) muy rica, pero destacaba especialmente la cachuela, la roja como le dec\u00edamos, a pesar de que consiguiera quedarte un aliento que te acompa\u00f1aba en toda la jornada, y que no era precisamente del agrado de las ni\u00f1as del Instituto. Pero daba igual. \u00a1Qu\u00e9 ricas que estaban! Las tostadas tambi\u00e9n, claro. El caf\u00e9 de La Pajarera lo prob\u00e9 en muy pocas ocasiones, ya que la visita a la ventanilla de atr\u00e1s no entend\u00eda de tranquilidad ni comodidades. &#8220;\u00a1Mariano, media roja!&#8221;- Era el grito de guerra. Mariano te serv\u00eda diligente y r\u00e1pido, haciendo gala de una discreci\u00f3n y complicidad a toda prueba. Y encima te fiaba si no llevabas dinero. <\/span><\/p>\n<div id=\"attachment_1005\" style=\"width: 263px\" class=\"wp-caption alignnone\"><a href=\"\/loch-lomond\/wp-content\/uploads\/sites\/10\/2012\/06\/Nuria-Cabanillas.jpg\"><img aria-describedby=\"caption-attachment-1005\" loading=\"lazy\" class=\"size-full wp-image-1005\" title=\"Nuria Cabanillas\" src=\"\/loch-lomond\/wp-content\/uploads\/sites\/10\/2012\/06\/Nuria-Cabanillas.jpg\" alt=\"La gran campeona Nuria Cabanillas en una vieja foto de archivo. A\u00fan recuerdo el cartel que espero siga figurando en La Pajarera\" width=\"253\" height=\"349\" srcset=\"https:\/\/static-blogs.hoy.es\/wp-content\/uploads\/sites\/10\/2012\/06\/Nuria-Cabanillas.jpg 253w, https:\/\/static-blogs.hoy.es\/wp-content\/uploads\/sites\/10\/2012\/06\/Nuria-Cabanillas-217x300.jpg 217w\" sizes=\"(max-width: 253px) 100vw, 253px\" \/><\/a><p id=\"caption-attachment-1005\" class=\"wp-caption-text\">La gran campeona Nuria Cabanillas en una vieja foto de archivo. A\u00fan recuerdo el cartel que espero siga figurando en La Pajarera<\/p><\/div>\n<p align=\"JUSTIFY\"><span style=\"color: #000080; font-size: medium;\">Tengo que dejarme caer un d\u00eda de estos, a ver si todo sigue igual. Nunca se me olvidar\u00e1 esa foto dedicada de una Nuria Cabanillas muy ni\u00f1a, antes de ser campeona Ol\u00edmpica, dedicada a los amigos de La Pajarera. Menudo cach\u00e9 que le otorgaba al sitio. Si es que los grandes campeones desayunan en los mejores templos. Bien por La Pajarera. Me uno al homenaje de don Pedro del Pino. Y acabo con una an\u00e9cdota que demostrar\u00e1 lo que significaba La Pajarera para mis compa\u00f1eros del Zurbar\u00e1n.<\/span><\/p>\n<div id=\"attachment_1004\" style=\"width: 303px\" class=\"wp-caption alignnone\"><a href=\"\/loch-lomond\/wp-content\/uploads\/sites\/10\/2012\/06\/cachuela.jpg\"><img aria-describedby=\"caption-attachment-1004\" loading=\"lazy\" class=\"size-full wp-image-1004\" title=\"cachuela\" src=\"\/loch-lomond\/wp-content\/uploads\/sites\/10\/2012\/06\/cachuela.jpg\" alt=\"La cachuela de La Pajarera, la roja, es de las mejores de Badajoz\" width=\"293\" height=\"216\" \/><\/a><p id=\"caption-attachment-1004\" class=\"wp-caption-text\">La cachuela de La Pajarera, la roja, es de las mejores de Badajoz<\/p><\/div>\n<p><span style=\"color: #000080; font-size: medium;\">Cuando a finales del curso del 95, nos desplaz\u00e1bamos en avi\u00f3n a Mallorca para el viaje de fin de curso, la mayor\u00eda est\u00e1bamos emocionados. Especialmente como para muchos de mis compa\u00f1eros, era la primera vez que viaj\u00e1bamos en avi\u00f3n. Nos encant\u00f3 la maniobra de despegue. Todos aplaudimos y jaleamos al piloto (imag\u00ednense cientos de adolescentes con las hormonas revueltas y un pavo curioso). Cuando poco despu\u00e9s comprobamos que las azafatas, tan monas como eficientes, se dispon\u00edan a servirnos el desayuno, mi compa\u00f1ero Curro, que siempre fue un cachondo mental, grit\u00f3 bien alto y claro. \u00a1Mariano&#8230; media roja! Y todos nos partimos de risa mientras, y a la vez dese\u00e1bamos que el desayuno del avi\u00f3n se pareciera en algo a esa Pajarera que tan bien nos daba a diario de desayunar. Ya lo saben mis queridos y desocupados lectores, hubo una \u00e9poca en la que la roja era algo m\u00e1s que el nombre de guerra de la selecci\u00f3n. En ese sentido, La Pajarera gana por goleada.<\/span><\/p>\n<!-- AddThis Advanced Settings generic via filter on the_content --><!-- AddThis Share Buttons generic via filter on the_content -->","protected":false},"excerpt":{"rendered":"<p>&nbsp; No he podido evitar una sonrisa nost\u00e1lgica al leer el art\u00edculo en Plaza Alta de HOY de Pedro del Pino sobre La Pajarera. La Pajarera me trae grandes recuerdos, en especial de desayunos furtivos por la ventanilla de atr\u00e1s, con la que evit\u00e1bamos las miradas reprobatorias de los profesores que se encontraban desayunando en [&hellip;]<!-- AddThis Advanced Settings generic via filter on get_the_excerpt --><!-- AddThis Share Buttons generic via filter on get_the_excerpt --><\/p>\n","protected":false},"author":14,"featured_media":0,"comment_status":"open","ping_status":"closed","sticky":false,"template":"","format":"standard","meta":[],"categories":[2],"tags":[478,570,678,689,864,1106,1382,1383,1439,1515,1806,1987,2611,2900,3103,3269,3295,3337,3338,3743,3959,4103,4240,4505,5219],"_links":{"self":[{"href":"https:\/\/blogs.hoy.es\/loch-lomond\/wp-json\/wp\/v2\/posts\/1001"}],"collection":[{"href":"https:\/\/blogs.hoy.es\/loch-lomond\/wp-json\/wp\/v2\/posts"}],"about":[{"href":"https:\/\/blogs.hoy.es\/loch-lomond\/wp-json\/wp\/v2\/types\/post"}],"author":[{"embeddable":true,"href":"https:\/\/blogs.hoy.es\/loch-lomond\/wp-json\/wp\/v2\/users\/14"}],"replies":[{"embeddable":true,"href":"https:\/\/blogs.hoy.es\/loch-lomond\/wp-json\/wp\/v2\/comments?post=1001"}],"version-history":[{"count":0,"href":"https:\/\/blogs.hoy.es\/loch-lomond\/wp-json\/wp\/v2\/posts\/1001\/revisions"}],"wp:attachment":[{"href":"https:\/\/blogs.hoy.es\/loch-lomond\/wp-json\/wp\/v2\/media?parent=1001"}],"wp:term":[{"taxonomy":"category","embeddable":true,"href":"https:\/\/blogs.hoy.es\/loch-lomond\/wp-json\/wp\/v2\/categories?post=1001"},{"taxonomy":"post_tag","embeddable":true,"href":"https:\/\/blogs.hoy.es\/loch-lomond\/wp-json\/wp\/v2\/tags?post=1001"}],"curies":[{"name":"wp","href":"https:\/\/api.w.org\/{rel}","templated":true}]}}