{"id":101,"date":"2010-09-04T00:05:00","date_gmt":"2010-09-04T00:05:00","guid":{"rendered":"http:\/\/blogs.hoy.es\/loch-lomond\/?p=100"},"modified":"2010-09-04T00:05:00","modified_gmt":"2010-09-04T00:05:00","slug":"mi-hermano-pequeno","status":"publish","type":"post","link":"https:\/\/blogs.hoy.es\/loch-lomond\/2010\/09\/04\/mi-hermano-pequeno\/","title":{"rendered":"Mi hermano peque\u00f1o"},"content":{"rendered":"<p><img id=\"img_0\" src=\"\/\/www.librosalfaguarajuvenil.com\/uploads\/imagenes\/libro\/portada\/200403\/portada-yo-imbecil_grande.jpg\" alt=\"\" \/><\/p>\n<p class=\"MsoNormal\" style=\"margin: 0cm 0cm 0pt; text-align: justify;\"><span style=\"font-size: 10pt; color: #003366; font-family: Verdana;\">Hoy hace exactamente 25 a\u00f1os que naci\u00f3 Gonzalo, mi hermano peque\u00f1o, aunque ya he contado en varias ocasiones que me saca dos cabezas.<\/span><\/p>\n<p class=\"MsoNormal\" style=\"margin: 0cm 0cm 0pt; text-align: justify;\">\u00a0<\/p>\n<p class=\"MsoNormal\" style=\"margin: 0cm 0cm 0pt; text-align: justify;\"><span style=\"font-size: 10pt; color: #003366; font-family: Verdana;\">Recuerdo como si fuera ayer el d\u00eda que naci\u00f3. Yo tendr\u00eda unos siete a\u00f1os y medio, y la verdad es que tras la noticia de que iba a tener un hermanito y durante todo el embarazo de mi pobre madre, se advert\u00eda en m\u00ed una pasividad y una total falta de inter\u00e9s por el futuro miembro de la familia. Mis padres y hermanos siempre me recuerdan que eso eran celos, pero les aseguro que yo en el fondo no sent\u00eda celos para nada, la verdad es que me daba exactamente igual. Creo que lo que me ocurr\u00eda es que no era consciente de lo que supon\u00eda tener un hermano. A pesar de todo, cuando se iba acercando la hora, cada vez crec\u00eda m\u00e1s mi inter\u00e9s por conocerlo, saber como era y esa cosas. Parece que estoy ahora mismo delante de mi abuela mientras sosteni\u00e9ndole en brazos me lo muestra por primera vez. Me pareci\u00f3 sencillamente horroroso, y encima se puso a berrear. Esa noche nos ri\u00f1eron a mi prima Coro y a mi dos o tres veces mientras jug\u00e1bamos por hacer ruido y despertar al hermanito. \u201cEmpezamos bien\u201d pensaba yo.<\/span><\/p>\n<p class=\"MsoNormal\" style=\"margin: 0cm 0cm 0pt; text-align: justify;\">\u00a0<\/p>\n<p class=\"MsoNormal\" style=\"margin: 0cm 0cm 0pt; text-align: justify;\"><span style=\"font-size: 10pt; color: #003366; font-family: Verdana;\">Cuando leo los divertidos libros de \u201cManolito Gafotas\u201d de la gran Elvira Lindo (Libros que les recomiendo si quieren re\u00edrse y pasar un buen rato) me fijo en que hay mucha similitud entre Manolito, su hermano peque\u00f1o, \u201cel imb\u00e9cil\u201d y mi hermano Gonzalo y yo. Manolito no deja de quejarse de su hermano pero en el fondo lo adora. A esa edad a mi me ocurr\u00eda lo mismo. Me molestaba su sola presencia, pero no pod\u00eda ni imaginarme que algo malo le pudiera ocurrir.<\/span><\/p>\n<p class=\"MsoNormal\" style=\"margin: 0cm 0cm 0pt; text-align: justify;\">\u00a0<\/p>\n<p class=\"MsoNormal\" style=\"margin: 0cm 0cm 0pt; text-align: justify;\"><span style=\"font-size: 10pt; color: #003366; font-family: Verdana;\"><img id=\"img_1\" src=\"\/\/blogs.ya.com\/syldavia\/files\/mafaldacard.gif\" alt=\"\" \/><\/span><\/p>\n<p class=\"MsoNormal\" style=\"margin: 0cm 0cm 0pt; text-align: justify;\"><span style=\"font-size: 10pt; color: #003366; font-family: Verdana;\">Tras 25 a\u00f1os s\u00f3lo puedo decir que no pasa ni un solo d\u00eda sin que agradezca la llegada de mi hermano al mundo. Que voy a hacerle, lo quiero con locura, como a mis hermanas y a mis padres. Me da mucha pena pensar en las futuras familias que se nos presentan a los j\u00f3venes de hoy, en la que si acaso podemos tener un hijo o ninguno. Quien no tiene hermanos no sabe lo que es bueno ni lo mucho que se pierde. No aprender\u00e1 nunca a compartir juegos, confidencias, risas y travesuras. La verdad es que quien no tiene hermanos nunca comprender\u00e1 muchas cosas. No pasen la oportunidad si pueden y se deciden a tener hijos de agraciarles con un hermano. Quien tiene un amigo tiene un tesoro, pero quien tiene un hermano posee un tesoro de piedras preciosas enterrado en su coraz\u00f3n. \u00a1Felicidades Gonza!<\/span><\/p>\n<!-- AddThis Advanced Settings generic via filter on the_content --><!-- AddThis Share Buttons generic via filter on the_content -->","protected":false},"excerpt":{"rendered":"<p>Hoy hace exactamente 25 a\u00f1os que naci\u00f3 Gonzalo, mi hermano peque\u00f1o, aunque ya he contado en varias ocasiones que me saca dos cabezas. \u00a0 Recuerdo como si fuera ayer el d\u00eda que naci\u00f3. Yo tendr\u00eda unos siete a\u00f1os y medio, y la verdad es que tras la noticia de que iba a tener un hermanito [&hellip;]<!-- AddThis Advanced Settings generic via filter on get_the_excerpt --><!-- AddThis Share Buttons generic via filter on get_the_excerpt --><\/p>\n","protected":false},"author":14,"featured_media":0,"comment_status":"open","ping_status":"closed","sticky":false,"template":"","format":"standard","meta":[],"categories":[4],"tags":[1187,1515,1806,2035,2301,2302,2303,2404,3103,4940],"_links":{"self":[{"href":"https:\/\/blogs.hoy.es\/loch-lomond\/wp-json\/wp\/v2\/posts\/101"}],"collection":[{"href":"https:\/\/blogs.hoy.es\/loch-lomond\/wp-json\/wp\/v2\/posts"}],"about":[{"href":"https:\/\/blogs.hoy.es\/loch-lomond\/wp-json\/wp\/v2\/types\/post"}],"author":[{"embeddable":true,"href":"https:\/\/blogs.hoy.es\/loch-lomond\/wp-json\/wp\/v2\/users\/14"}],"replies":[{"embeddable":true,"href":"https:\/\/blogs.hoy.es\/loch-lomond\/wp-json\/wp\/v2\/comments?post=101"}],"version-history":[{"count":0,"href":"https:\/\/blogs.hoy.es\/loch-lomond\/wp-json\/wp\/v2\/posts\/101\/revisions"}],"wp:attachment":[{"href":"https:\/\/blogs.hoy.es\/loch-lomond\/wp-json\/wp\/v2\/media?parent=101"}],"wp:term":[{"taxonomy":"category","embeddable":true,"href":"https:\/\/blogs.hoy.es\/loch-lomond\/wp-json\/wp\/v2\/categories?post=101"},{"taxonomy":"post_tag","embeddable":true,"href":"https:\/\/blogs.hoy.es\/loch-lomond\/wp-json\/wp\/v2\/tags?post=101"}],"curies":[{"name":"wp","href":"https:\/\/api.w.org\/{rel}","templated":true}]}}