{"id":103,"date":"2010-09-06T00:01:00","date_gmt":"2010-09-05T23:01:00","guid":{"rendered":"http:\/\/blogs.hoy.es\/loch-lomond\/?p=102"},"modified":"2010-09-06T00:01:00","modified_gmt":"2010-09-05T23:01:00","slug":"noches-blanco-saten","status":"publish","type":"post","link":"https:\/\/blogs.hoy.es\/loch-lomond\/2010\/09\/06\/noches-blanco-saten\/","title":{"rendered":"NOCHES DE BLANCO SAT\u00c9N"},"content":{"rendered":"<p><img src=\"\/\/www.hoy.es\/noticias\/201009\/05\/Media\/SILUETA.jpg\" alt=\"\" \/> Foto: \u00c1ngela Murillo<\/p>\n<p class=\"MsoNormal\" style=\"margin: 0cm 0cm 0pt;text-align: justify\"><span style=\"font-size: 10pt;color: #003366;font-family: Verdana\">No hay vuelta de hoja, la noche en blanco puede calificarse definitivamente como un \u00e9xito. Ayer no se hablaba de otra cosa en las tertulias de amigos y familiares. No es mi prop\u00f3sito narrarles las diversas actividades de las que pudimos disfrutar los pacenses en la noche del 4 de Septiembre. Para eso ya disponen del diario HOY y su Web digital, p<\/span><span style=\"font-size: 10pt;color: #003366;font-family: Verdana\">ero s\u00ed cuanto menos constatar que desde luego la idea y la ejecuci\u00f3n han sido un gran acierto.<\/span><\/p>\n<p class=\"MsoNormal\" style=\"margin: 0cm 0cm 0pt;text-align: justify\">\u00a0<\/p>\n<p class=\"MsoNormal\" style=\"margin: 0cm 0cm 0pt;text-align: justify\">\u00a0<\/p>\n<p class=\"MsoNormal\" style=\"margin: 0cm 0cm 0pt;text-align: justify\">\u00a0<\/p>\n<p class=\"MsoNormal\" style=\"margin: 0cm 0cm 0pt;text-align: justify\">\u00a0<\/p>\n<p class=\"MsoNormal\" style=\"margin: 0cm 0cm 0pt;text-align: justify\"><span style=\"font-size: 10pt;color: #003366;font-family: Verdana\"><span style=\"font-size: 10pt;color: #003366;font-family: Verdana\">(No dejen de contemplar las deliciosas <span style=\"color: #ff0000\">fotograf\u00edas<\/span> de <span style=\"color: #ff0000\">\u00c1ngela Murillo<\/span> que honran y dignifican hoy este humilde Blog)<\/span><\/span><\/p>\n<p>&nbsp;<\/p>\n<p>&nbsp;<\/p>\n<p>&nbsp;<\/p>\n<p>&nbsp;<\/p>\n<p class=\"MsoNormal\" style=\"margin: 0cm 0cm 0pt;text-align: justify\">\u00a0<\/p>\n<p class=\"MsoNormal\" style=\"margin: 0cm 0cm 0pt;text-align: justify\"><span style=\"font-size: 10pt;color: #003366;font-family: Verdana\">Mi inmediata pregunta y la de muchos ustedes no puede ser m\u00e1s concisa \u00bfCu\u00e1ndo ser\u00e1 la siguiente? Badajoz quiere m\u00e1s noches en blanco, y a mi me parece muy bien. Continuamente estamos ech\u00e1ndonos en cara entre los propios ciudadanos que los pacenses no acudimos a actividades culturales en detrimento de otras a priori menos ilustradas, como botellones o fiestas de \u201cchunga chunga\u201d.<\/span><\/p>\n<p>&nbsp;<\/p>\n<p>&nbsp;<\/p>\n<p>&nbsp;<\/p>\n<p>&nbsp;<\/p>\n<p>&nbsp;<\/p>\n<p class=\"MsoNormal\" style=\"margin: 0cm 0cm 0pt;text-align: justify\">\u00a0<\/p>\n<p class=\"MsoNormal\" style=\"margin: 0cm 0cm 0pt;text-align: justify\"><span style=\"font-size: 10pt;color: #003366;font-family: Verdana\">Esta actividad ha sido un \u00e9xito, aunque por supuesto y como siempre no faltan las cr\u00edticas. Es cierto que quiz\u00e1s algunas de las actividades se han podido ver desbordadas debido a la masiva afluencia de p\u00fablico. El tema de la limpieza ha sido tambi\u00e9n objeto de cr\u00edticas. Pero todo esto no ha de servir sino para mejorar en la pr\u00f3xima ocasi\u00f3n. Tambi\u00e9n muchos locales y bares de la ciudad han conseguido de la noche en blanco una peque\u00f1a inyecci\u00f3n econ\u00f3mica que viene muy bien para paliar los dif\u00edciles momentos por los que est\u00e1n pasando. Por lo tanto s\u00f3lo veo ventajas a la hora de planificar m\u00e1s actividades de este tipo.<\/span><\/p>\n<p>&nbsp;<\/p>\n<p>&nbsp;<\/p>\n<p>&nbsp;<\/p>\n<p>&nbsp;<\/p>\n<p class=\"MsoNormal\" style=\"margin: 0cm 0cm 0pt;text-align: justify\">\u00a0<\/p>\n<p class=\"MsoNormal\" style=\"margin: 0cm 0cm 0pt;text-align: justify\">\u00a0<\/p>\n<p class=\"MsoNormal\" style=\"margin: 0cm 0cm 0pt;text-align: justify\">\u00a0<\/p>\n<p class=\"MsoNormal\" style=\"margin: 0cm 0cm 0pt;text-align: justify\">\u00a0<\/p>\n<p class=\"MsoNormal\" style=\"margin: 0cm 0cm 0pt;text-align: justify\">\u00a0<\/p>\n<p class=\"MsoNormal\" style=\"margin: 0cm 0cm 0pt;text-align: justify\">\u00a0<\/p>\n<p class=\"MsoNormal\" style=\"margin: 0cm 0cm 0pt;text-align: justify\">\u00a0<\/p>\n<p class=\"MsoNormal\" style=\"margin: 0cm 0cm 0pt;text-align: justify\">\u00a0<\/p>\n<p class=\"MsoNormal\" style=\"margin: 0cm 0cm 0pt;text-align: justify\"><span style=\"font-size: 10pt;color: #003366;font-family: Verdana\"><img src=\"\/\/www.hoy.es\/noticias\/201009\/05\/Media\/nochoess-.jpg\" alt=\"\" \/><\/span><\/p>\n<p>&nbsp;<\/p>\n<p class=\"MsoNormal\" style=\"margin: 0cm 0cm 0pt;text-align: justify\"><span style=\"font-size: 10pt;color: #003366;font-family: Verdana\">No han de faltar, como no, a la cita, los angustiosos y pesimistas que tratan de tirar por tierra todo el esfuerzo realizado, e insisten en que las actividades de la noche del d\u00eda 4 no sirvieron para que muchos j\u00f3venes de la ciudad abandonaran el botell\u00f3n. Se\u00f1ores m\u00edos \u00a1que no se trata s\u00f3lo de eso! Que cada cual haga lo que le venga en gana o lo que m\u00e1s le apetezca, pero desde luego, estas actividades son un compromiso para con la cultura, al que una ciudad como Badajoz no debe dar la espalda.<\/span><\/p>\n<p class=\"MsoNormal\" style=\"margin: 0cm 0cm 0pt;text-align: justify\">\u00a0<\/p>\n<p class=\"MsoNormal\" style=\"margin: 0cm 0cm 0pt;text-align: justify\">\u00a0<\/p>\n<p class=\"MsoNormal\" style=\"margin: 0cm 0cm 0pt;text-align: justify\">\u00a0<\/p>\n<p class=\"MsoNormal\" style=\"margin: 0cm 0cm 0pt;text-align: justify\">\u00a0<\/p>\n<p class=\"MsoNormal\" style=\"margin: 0cm 0cm 0pt;text-align: justify\">\u00a0<\/p>\n<p class=\"MsoNormal\" style=\"margin: 0cm 0cm 0pt;text-align: justify\">\u00a0<\/p>\n<p class=\"MsoNormal\" style=\"margin: 0cm 0cm 0pt;text-align: justify\">\u00a0<\/p>\n<p class=\"MsoNormal\" style=\"margin: 0cm 0cm 0pt;text-align: justify\"><span style=\"font-size: 10pt;color: #003366;font-family: Verdana\">Apoyemos todos los ciudadanos comprometidos con la cultura el brillante \u00e9xito de esta iniciativa y colaboremos en todo lo posible con nuestras sugerencias e ideas para la pr\u00f3xima cita.<\/span><\/p>\n<p>&nbsp;<\/p>\n<p>&nbsp;<\/p>\n<p>&nbsp;<\/p>\n<p>&nbsp;<\/p>\n<p>&nbsp;<\/p>\n<p>&nbsp;<\/p>\n<p>&nbsp;<\/p>\n<p>&nbsp;<\/p>\n<p class=\"MsoNormal\" style=\"margin: 0cm 0cm 0pt;text-align: justify\"><span style=\"font-size: 10pt;color: #003366;font-family: Verdana\">Badajoz quiere m\u00e1s noches en blanco. Como dice la canci\u00f3n, \u201cNoches tan blancas, como blanco sat\u00e9n\u201d. \u00a1Pues que se las den, que demonios!<\/span><\/p>\n<!-- AddThis Advanced Settings generic via filter on the_content --><!-- AddThis Share Buttons generic via filter on the_content -->","protected":false},"excerpt":{"rendered":"<p>Foto: \u00c1ngela Murillo No hay vuelta de hoja, la noche en blanco puede calificarse definitivamente como un \u00e9xito. Ayer no se hablaba de otra cosa en las tertulias de amigos y familiares. No es mi prop\u00f3sito narrarles las diversas actividades de las que pudimos disfrutar los pacenses en la noche del 4 de Septiembre. Para [&hellip;]<!-- AddThis Advanced Settings generic via filter on get_the_excerpt --><!-- AddThis Share Buttons generic via filter on get_the_excerpt --><\/p>\n","protected":false},"author":14,"featured_media":0,"comment_status":"open","ping_status":"closed","sticky":false,"template":"","format":"standard","meta":[],"categories":[5],"tags":[102,109,267,437,487,620,1004,1242,1281,1439,1515,1806,1973,3071,3103,3699,3700,3846,4809],"_links":{"self":[{"href":"https:\/\/blogs.hoy.es\/loch-lomond\/wp-json\/wp\/v2\/posts\/103"}],"collection":[{"href":"https:\/\/blogs.hoy.es\/loch-lomond\/wp-json\/wp\/v2\/posts"}],"about":[{"href":"https:\/\/blogs.hoy.es\/loch-lomond\/wp-json\/wp\/v2\/types\/post"}],"author":[{"embeddable":true,"href":"https:\/\/blogs.hoy.es\/loch-lomond\/wp-json\/wp\/v2\/users\/14"}],"replies":[{"embeddable":true,"href":"https:\/\/blogs.hoy.es\/loch-lomond\/wp-json\/wp\/v2\/comments?post=103"}],"version-history":[{"count":0,"href":"https:\/\/blogs.hoy.es\/loch-lomond\/wp-json\/wp\/v2\/posts\/103\/revisions"}],"wp:attachment":[{"href":"https:\/\/blogs.hoy.es\/loch-lomond\/wp-json\/wp\/v2\/media?parent=103"}],"wp:term":[{"taxonomy":"category","embeddable":true,"href":"https:\/\/blogs.hoy.es\/loch-lomond\/wp-json\/wp\/v2\/categories?post=103"},{"taxonomy":"post_tag","embeddable":true,"href":"https:\/\/blogs.hoy.es\/loch-lomond\/wp-json\/wp\/v2\/tags?post=103"}],"curies":[{"name":"wp","href":"https:\/\/api.w.org\/{rel}","templated":true}]}}