{"id":1030,"date":"2012-06-20T00:55:16","date_gmt":"2012-06-19T23:55:16","guid":{"rendered":"http:\/\/blogs.hoy.es\/loch-lomond\/?p=1030"},"modified":"2012-06-20T00:55:16","modified_gmt":"2012-06-19T23:55:16","slug":"fin-de-la-primera-parte","status":"publish","type":"post","link":"https:\/\/blogs.hoy.es\/loch-lomond\/2012\/06\/20\/fin-de-la-primera-parte\/","title":{"rendered":"Fin de la primera parte"},"content":{"rendered":"<div id=\"attachment_1032\" style=\"width: 492px\" class=\"wp-caption alignnone\"><a href=\"\/loch-lomond\/wp-content\/uploads\/sites\/10\/2012\/06\/02-1992-pozo-celebra-gol.jpg\"><img aria-describedby=\"caption-attachment-1032\" loading=\"lazy\" class=\"size-full wp-image-1032\" title=\"02-1992-pozo-celebra-gol\" src=\"\/loch-lomond\/wp-content\/uploads\/sites\/10\/2012\/06\/02-1992-pozo-celebra-gol.jpg\" alt=\"Si nadie lo remedia, ya no volveremos a disfrutar de grandes campeones como Rafa Pozo, que tanto hicieron por nuestro Club.\" width=\"482\" height=\"351\" srcset=\"https:\/\/static-blogs.hoy.es\/wp-content\/uploads\/sites\/10\/2012\/06\/02-1992-pozo-celebra-gol.jpg 482w, https:\/\/static-blogs.hoy.es\/wp-content\/uploads\/sites\/10\/2012\/06\/02-1992-pozo-celebra-gol-300x218.jpg 300w\" sizes=\"(max-width: 482px) 100vw, 482px\" \/><\/a><p id=\"caption-attachment-1032\" class=\"wp-caption-text\">Si nadie lo remedia, ya no volveremos a disfrutar de grandes campeones como Rafa Pozo, que tanto hicieron por nuestro Club.<\/p><\/div>\n<p>&nbsp;<\/p>\n<p align=\"JUSTIFY\"><span style=\"color: #000080; font-size: medium;\">Ayer fue un d\u00eda triste, a pesar de que ninguna desgracia personal se produjera, y no hubiera que lamentar m\u00e1s da\u00f1os que <a title=\"El Badajoz se apaga\" href=\"http:\/\/www.hoy.es\/v\/20120620\/deportes\/segunda-b\/badajoz-apaga-20120620.html\" target=\"_blank\">una peque\u00f1a sombra de tristeza instalada en mi\u00a0 blanquinegro coraz\u00f3n<\/a>.<\/span><\/p>\n<p align=\"JUSTIFY\"><span style=\"color: #000080; font-size: medium;\">En numerosas ocasiones, en este, su blog, y en mis art\u00edculos de opini\u00f3n en Diario HOY, he hecho referencias al f\u00fatbol.\u00a0 Algunas veces llamando a la cordura, para recordar que en el fondo no es m\u00e1s que eso, un simple deporte, un juego, y otras sin embargo, ir\u00f3nicamente y de la manera m\u00e1s contradictoria, reafirm\u00e1ndome en la idea de que el f\u00fatbol es algo m\u00e1s que un deporte.<\/span><\/p>\n<p align=\"JUSTIFY\"><span style=\"color: #000080; font-size: medium;\"><a title=\"Medalla de Extremadura para el Club Deportivo Badajoz\" href=\"https:\/\/blogs.hoy.es\/loch-lomond\/2010\/06\/10\/medalla-extremadura-el-c-d-badajoz\/\" target=\"_blank\">El Club Deportivo Badajoz<\/a>, tras 107 a\u00f1os de historia, ha significado para nuestra ciudad\u00a0bastante m\u00e1s que un pu\u00f1ado de goles, tardes gloriosas o un ir y venir de excelentes jugadores que hicieron las delicias de sus aficionados. Mucho <a title=\"M\u00e1s que un Club\" href=\"https:\/\/blogs.hoy.es\/loch-lomond\/2011\/05\/16\/mas-un-club\/\" target=\"_blank\">m\u00e1s que un Club<\/a>, el Club Deportivo Badajoz ha jugado un papel protagonista en la historia de la ciudad durante los siglos XX\u00a0y XXI, representando <a title=\"Avenida Club Deportivo Badajoz\" href=\"https:\/\/blogs.hoy.es\/loch-lomond\/2010\/11\/17\/avenida-club-deportivo-badajoz\/\" target=\"_blank\">el buen nombre de Badajoz<\/a> y sus gentes por buena parte de la regi\u00f3n y del resto del pa\u00eds.<\/span><\/p>\n<div id=\"attachment_1033\" style=\"width: 443px\" class=\"wp-caption alignnone\"><a href=\"\/loch-lomond\/wp-content\/uploads\/sites\/10\/2012\/06\/Club-Deportivo-Badajoz.jpg\"><img aria-describedby=\"caption-attachment-1033\" loading=\"lazy\" class=\"size-full wp-image-1033\" title=\"Club Deportivo Badajoz\" src=\"\/loch-lomond\/wp-content\/uploads\/sites\/10\/2012\/06\/Club-Deportivo-Badajoz.jpg\" alt=\"Sin el Club Deportivo Badajoz la ciudad pierde aquello que hace bueno a los vinos generosos, la solera\" width=\"433\" height=\"317\" srcset=\"https:\/\/static-blogs.hoy.es\/wp-content\/uploads\/sites\/10\/2012\/06\/Club-Deportivo-Badajoz.jpg 433w, https:\/\/static-blogs.hoy.es\/wp-content\/uploads\/sites\/10\/2012\/06\/Club-Deportivo-Badajoz-300x220.jpg 300w\" sizes=\"(max-width: 433px) 100vw, 433px\" \/><\/a><p id=\"caption-attachment-1033\" class=\"wp-caption-text\">Sin el Club Deportivo Badajoz la ciudad pierde aquello que hace bueno a los vinos generosos, la solera<\/p><\/div>\n<p align=\"JUSTIFY\"><span style=\"color: #000080;\">S<span style=\"font-size: medium;\">in el Club Deportivo Badajoz, los pacenses perdemos una peque\u00f1a parte de nuestra historia, de nuestra identidad, de nuestros recuerdos, y en especial, la ciudad tendr\u00e1 que renunciar a la solera, aquello que hace bueno a los vinos generosos. No pretendo se\u00f1alar culpables, proclamar que todo ha sido una injusticia o lamentar la mala suerte de nuestro Club. Tampoco fomentar una desaforada ilusi\u00f3n\u00a0a la que los propietarios del\u00a0Club se aferran ante esa supuesta laguna legal para evitar lo que parece inevitable. Simplemente procuro\u00a0intentar que cada ciudadano sea consciente de lo mucho que perdemos sin haber luchado todo lo posible para evitarlo. Al menda le queda un atisbo de esperanza, ya que no ser\u00eda la primera vez que <a title=\"El regreso del muerto\" href=\"http:\/\/www.hoy.es\/v\/20100530\/opinion\/regreso-muerto-20100530.html\" target=\"_blank\">nos dan por muerto y regresamos<\/a>.<\/span><\/span><\/p>\n<p><span style=\"color: #000080; font-size: medium;\">No s\u00e9 si alg\u00fan d\u00eda tendr\u00e9 un hijo, pero si as\u00ed fuera, y le gusta el f\u00fatbol, a lo peor ya no puedo imitar a mi padre y llevarlo al Vivero para que me devuelva en sus ojos la ilusi\u00f3n y\u00a0alegr\u00eda que yo sent\u00ed tan dichoso\u00a0anta\u00f1o. Lo dicho, perdemos, por goleada, y bastante m\u00e1s de lo que algunos piensan. Hoy, m\u00e1s que nunca LOCH LOMOND por el Club Deportivo Badajoz. Toda la botella&#8230; y las que hagan falta, para\u00a0arrinconar las penas hasta\u00a0 advertir en el fondo de nuestro coraz\u00f3n que todo ha sido un mal sue\u00f1o. Aunque por mucho que bebamos y finjamos ignorar, algunos nunca olvidaremos que <a title=\"Badajoz, Badajoz es mi equipo\" href=\"http:\/\/www.hoy.es\/v\/20100418\/opinion\/badajoz-badajoz-equipo-20100418.html\" target=\"_blank\">Badajoz, Badajoz es mi equipo<\/a>. Fin de la primera parte. \u00bfContinuar\u00e1?<\/span><\/p>\n<!-- AddThis Advanced Settings generic via filter on the_content --><!-- AddThis Share Buttons generic via filter on the_content -->","protected":false},"excerpt":{"rendered":"<p>&nbsp; Ayer fue un d\u00eda triste, a pesar de que ninguna desgracia personal se produjera, y no hubiera que lamentar m\u00e1s da\u00f1os que una peque\u00f1a sombra de tristeza instalada en mi\u00a0 blanquinegro coraz\u00f3n. En numerosas ocasiones, en este, su blog, y en mis art\u00edculos de opini\u00f3n en Diario HOY, he hecho referencias al f\u00fatbol.\u00a0 Algunas [&hellip;]<!-- AddThis Advanced Settings generic via filter on get_the_excerpt --><!-- AddThis Share Buttons generic via filter on get_the_excerpt --><\/p>\n","protected":false},"author":14,"featured_media":0,"comment_status":"open","ping_status":"closed","sticky":false,"template":"","format":"standard","meta":[],"categories":[2],"tags":[20,184,437,438,439,1029,1188,1377,1515,1733,1806,1891,1970,2107,2211,2537,2591,3103,3255,3365,3846,3995,3996,4289,4335,4694,4735,4803,4874,5268],"_links":{"self":[{"href":"https:\/\/blogs.hoy.es\/loch-lomond\/wp-json\/wp\/v2\/posts\/1030"}],"collection":[{"href":"https:\/\/blogs.hoy.es\/loch-lomond\/wp-json\/wp\/v2\/posts"}],"about":[{"href":"https:\/\/blogs.hoy.es\/loch-lomond\/wp-json\/wp\/v2\/types\/post"}],"author":[{"embeddable":true,"href":"https:\/\/blogs.hoy.es\/loch-lomond\/wp-json\/wp\/v2\/users\/14"}],"replies":[{"embeddable":true,"href":"https:\/\/blogs.hoy.es\/loch-lomond\/wp-json\/wp\/v2\/comments?post=1030"}],"version-history":[{"count":0,"href":"https:\/\/blogs.hoy.es\/loch-lomond\/wp-json\/wp\/v2\/posts\/1030\/revisions"}],"wp:attachment":[{"href":"https:\/\/blogs.hoy.es\/loch-lomond\/wp-json\/wp\/v2\/media?parent=1030"}],"wp:term":[{"taxonomy":"category","embeddable":true,"href":"https:\/\/blogs.hoy.es\/loch-lomond\/wp-json\/wp\/v2\/categories?post=1030"},{"taxonomy":"post_tag","embeddable":true,"href":"https:\/\/blogs.hoy.es\/loch-lomond\/wp-json\/wp\/v2\/tags?post=1030"}],"curies":[{"name":"wp","href":"https:\/\/api.w.org\/{rel}","templated":true}]}}