{"id":1035,"date":"2012-06-24T18:23:51","date_gmt":"2012-06-24T17:23:51","guid":{"rendered":"http:\/\/blogs.hoy.es\/loch-lomond\/?p=1035"},"modified":"2012-06-24T18:23:51","modified_gmt":"2012-06-24T17:23:51","slug":"asi-en-el-cielo-como-en-la-tierra","status":"publish","type":"post","link":"https:\/\/blogs.hoy.es\/loch-lomond\/2012\/06\/24\/asi-en-el-cielo-como-en-la-tierra\/","title":{"rendered":"As\u00ed en el Cielo como en la Tierra"},"content":{"rendered":"<p>&nbsp;<\/p>\n<p>Enrique Falc\u00f3. Mit\u00f3mano<\/p>\n<p>&nbsp;<\/p>\n<a href=\"\/loch-lomond\/wp-content\/uploads\/sites\/10\/2012\/06\/Juan-Luis-Galiardo.jpg\"><img loading=\"lazy\" class=\"size-full wp-image-1036\" title=\"Juan Luis Galiardo\" src=\"\/loch-lomond\/wp-content\/uploads\/sites\/10\/2012\/06\/Juan-Luis-Galiardo.jpg\" alt=\"Juan Luis Galiardo \"El Chepa\" de la inolvidable \"Turno de Oficio\"\" width=\"332\" height=\"426\" srcset=\"https:\/\/static-blogs.hoy.es\/wp-content\/uploads\/sites\/10\/2012\/06\/Juan-Luis-Galiardo.jpg 332w, https:\/\/static-blogs.hoy.es\/wp-content\/uploads\/sites\/10\/2012\/06\/Juan-Luis-Galiardo-234x300.jpg 234w\" sizes=\"(max-width: 332px) 100vw, 332px\" \/><\/a>\n<p>&nbsp;<\/p>\n<p align=\"JUSTIFY\"><span style=\"color: #000080; font-size: medium;\">Ayer me sorprendi\u00f3 la triste noticia de la muerte del actor Juan Luis Galiardo a los 72 a\u00f1os de edad. En todas las cr\u00f3nicas de peri\u00f3dicos y portales digitales hemos podido leer que ha fallecido a causa de una &#8220;r\u00e1pida y devastadora enfermedad&#8221; (curiosa definici\u00f3n para referirse a un c\u00e1ncer de pulm\u00f3n), as\u00ed como rememorar un peque\u00f1o repaso de su vida y extensa obra como actor, recordando especialmente aquel papel de debut de gal\u00e1n, que tanta fama ocasion\u00f3 y le permiti\u00f3 trabajar incluso a nivel internacional. Sin embargo me sorprende y enerva que se obvie la especial relaci\u00f3n con Extremadura que manten\u00eda el genial actor gaditano, ya que es sabido por muchos que pas\u00f3 una buena parte de su infancia y juventud en la ciudad de Badajoz. No obstante no es ese especial recelo regional el que me impulsa a dirigirme hoy en HOY a ustedes, mis queridos y desocupados lectores, sino una espont\u00e1nea reflexi\u00f3n sobre la muerte. Una vez m\u00e1s la desaparici\u00f3n de un rostro conocido, que forma parte de mi vida, se esfuma implacable como el polvo o arena fina en la lluvia. En mi cabeza, Galiardo siempre permanecer\u00e1 como &#8220;El Chepa&#8221;, ese gran amigo que todos querr\u00edamos y deber\u00edamos tener, y no s\u00f3lo por su brillantez y honestidad cotidiana y laboral, sino por ser un amigo de aquellos que apenas puedes contar con un par de dedos de una sola de tus manos. Todo ello lo aprend\u00ed con apenas 12 a\u00f1os de edad, cuando cada viernes por la tarde esperaba impaciente para ver el &#8220;Turno de Oficio&#8221; del gran Antonio Mercero, una de las mejores series de la historia de la televisi\u00f3n, que una vez m\u00e1s, y gracias a Internet, hemos podido recuperar y volver a revisar y disfrutar en la edad adulta.<\/span><\/p>\n<div id=\"attachment_1037\" style=\"width: 435px\" class=\"wp-caption alignnone\"><a href=\"\/loch-lomond\/wp-content\/uploads\/sites\/10\/2012\/06\/felix-rodriguez-de-la-fuente.jpg\"><img aria-describedby=\"caption-attachment-1037\" loading=\"lazy\" class=\"size-full wp-image-1037\" title=\"felix rodriguez de la fuente\" src=\"\/loch-lomond\/wp-content\/uploads\/sites\/10\/2012\/06\/felix-rodriguez-de-la-fuente.jpg\" alt=\"Felix Rodr\u00edguez de la Fuente, el amigo de los animales\" width=\"425\" height=\"339\" srcset=\"https:\/\/static-blogs.hoy.es\/wp-content\/uploads\/sites\/10\/2012\/06\/felix-rodriguez-de-la-fuente.jpg 425w, https:\/\/static-blogs.hoy.es\/wp-content\/uploads\/sites\/10\/2012\/06\/felix-rodriguez-de-la-fuente-300x239.jpg 300w\" sizes=\"(max-width: 425px) 100vw, 425px\" \/><\/a><p id=\"caption-attachment-1037\" class=\"wp-caption-text\">Felix Rodr\u00edguez de la Fuente, el amigo de los animales<\/p><\/div>\n<p align=\"JUSTIFY\"><span style=\"color: #000080; font-size: medium;\">Para los que se aproximan a los 40, quiz\u00e1s la primera muerte traum\u00e1tica fuera la de F\u00e9lix Rodr\u00edguez de la Fuente, que tambi\u00e9n sent\u00edamos como nuestra los m\u00e1s peque\u00f1os al escuchar una y otra vez la famosa canci\u00f3n que le dedicaron Enrique y Ana, aquel emocionante &#8220;Amigo F\u00e9lix&#8221; que a riesgo de parecer \u00f1o\u00f1o no puedo dejar de reconocer ante ustedes que aun me sigue poniendo la piel de gallina. Personalmente fue la muerte del a\u00f1orado Fernando Mart\u00edn la que m\u00e1s me impresion\u00f3. Creo que fue la primera vez en mi vida que tom\u00e9 consciencia de que la Parca, esa pu\u00f1etera mal nacida, estaba tan cerca y era algo tan evidente y tangible como el viejo bal\u00f3n Spalding que botaba cada tarde en la canasta del General Navarro. La televisi\u00f3n, el mejor invento del siglo XX, ha ocasionado desde su aparici\u00f3n, la innegable sensaci\u00f3n de sentir como nuestras, como personas cercanas, a aquellos que se asoman por nuestras pantallas desde que somos ni\u00f1os. Cuando \u00e9stos desaparecen, se llevan junto con la l\u00f3gica pena y tristeza, una peque\u00f1a parte de nuestras vidas. Mi amigo, el periodista de HOY, <a title=\"Antonio Jos\u00e9 Armero\" href=\"https:\/\/blogs.hoy.es\/loch-lomond\/2010\/07\/14\/antonio-jose-armero\/\" target=\"_blank\">Antonio Jos\u00e9 Armero <\/a>(Un monstruo del periodismo quien alg\u00fan d\u00eda ser\u00e1 el director de HOY y yo mismo me presentar\u00e9 voluntario para llevarle los caf\u00e9s) escribi\u00f3 un sentido art\u00edculo en 2008 sobre <a title=\"Ha muerto Chema\" href=\"http:\/\/www.hoy.es\/20080416\/caceres\/muerto-chema-20080416.html\" target=\"_blank\">la muerte de Chema<\/a>, el panadero de <a title=\"Barrio S\u00e9samo\" href=\"https:\/\/blogs.hoy.es\/loch-lomond\/2011\/04\/03\/barrio-sesamo\/\" target=\"_blank\">Barrio S\u00e9samo<\/a>. Armero reflexionaba en aquella columna sobre la suerte de los ni\u00f1os de hoy, quienes se entretienen con personajes inmortales, \u00eddolos del videojuego o mu\u00f1ecos a pilas, que no mueren por c\u00e1ncer ni por accidentes de coche, porque como bien a\u00f1ade, la infancia nunca muere, y lo que ocurre en aquellos a\u00f1os te acompa\u00f1a para siempre.<\/span><\/p>\n<p align=\"JUSTIFY\"><span style=\"color: #000080; font-size: medium;\"><img src=\"\/\/www.leyendasbaloncestorealmadrid.es\/multimedia\/fotos\/image?format=raw&#038;type=img&#038;id=60\" alt=\"\" \/><\/span><\/p>\n<p align=\"JUSTIFY\"><span style=\"color: #000080; font-size: medium;\">Recuerdo con especial cari\u00f1o un par de visitas al Caf\u00e9 Gij\u00f3n de Madrid, en donde tropec\u00e9 ni m\u00e1s ni menos que con el ya desaparecido Francisco Umbral, al que me qued\u00e9 con las ganas de preguntarle en plan de broma si hab\u00eda venido a hablar de su libro. A\u00f1os m\u00e1s tarde, de nuevo en tan famoso caf\u00e9 y pocos meses antes de su lamentable muerte, una voz especialmente reconocible me hizo girar r\u00e1pidamente el cuello para encontrarme nada m\u00e1s y nada menos que con el bueno de don <a title=\"Don Mati\" href=\"https:\/\/blogs.hoy.es\/loch-lomond\/2010\/10\/13\/don-mati\/\" target=\"_blank\">Manuel Alexandre<\/a>, el entra\u00f1able &#8220;Don Mati&#8221; de las pel\u00edculas de los m\u00edticos Parch\u00eds que tanto nos privaban cuando \u00e9ramos cr\u00edos. Se encontraba charlando animadamente con dos j\u00f3venes, y el menda no pudo dejar pasar la ocasi\u00f3n de saludarle con un &#8220;Buenas tardes Don Mati&#8221; al que don Manuel respondi\u00f3 con una carcajada y una sonrisa maravillosa. Mientras, les interpelaba a sus j\u00f3venes interlocutores: &#8220;Mirad, ah\u00ed va otro de los ni\u00f1os de mi \u00e9poca&#8221;.<\/span><\/p>\n<a href=\"\/loch-lomond\/wp-content\/uploads\/sites\/10\/2012\/06\/Manuel-Alexandre.jpg\"><img loading=\"lazy\" class=\"size-full wp-image-1038\" title=\"Manuel Alexandre\" src=\"\/loch-lomond\/wp-content\/uploads\/sites\/10\/2012\/06\/Manuel-Alexandre.jpg\" alt=\"Don Manuel Alexandre, el entra\u00f1able \"Don Mati\"\" width=\"363\" height=\"473\" srcset=\"https:\/\/static-blogs.hoy.es\/wp-content\/uploads\/sites\/10\/2012\/06\/Manuel-Alexandre.jpg 363w, https:\/\/static-blogs.hoy.es\/wp-content\/uploads\/sites\/10\/2012\/06\/Manuel-Alexandre-230x300.jpg 230w\" sizes=\"(max-width: 363px) 100vw, 363px\" \/><\/a>\n<p><span style=\"color: #000080; font-size: medium;\">La de Drazen Petrovic fue otra de aquellas muertes que me afect\u00f3 muy especialmente, ya que es indudable que el desconsuelo y la angustia se intensifican cuando &#8220;La Imp\u00eda&#8221; viene a segar una vida que derrocha juventud, ganas de vivir por los cuatro costados y en especial la sensaci\u00f3n de la de cosas que quedaban por hacer. \u00bfQui\u00e9n no se acuerda de Agust\u00edn Gonz\u00e1lez (Maravilloso su papel en &#8220;Las bicicletas son para el verano&#8221;) o del inolvidable Fernando Fern\u00e1n G\u00f3mez, a quien siempre recuerdo con una sonrisa en &#8220;El viaje a ninguna parte&#8221; diciendo aquello de &#8220;Estaba deseando que llegara&#8230;Se\u00f1oriiiiito&#8230;. para decirle una cosa un tanto&#8230;.delic\u00e1&#8221;. La muerte de Michael Jackson, de la que precisamente ma\u00f1ana se cumplen 3 a\u00f1os, ha sido sin duda la de mayor repercusi\u00f3n mundial de varias generaciones, comparable quiz\u00e1s con la del asesinato de Lennon. Por mucho que pretendamos negarlo, estas muertes nos afectan de una u otra manera, aunque no nos unan lazos familiares ni afectivos. \u00a1Maldita seas muerte, que en vez de llevarte a nosotros nos robas a aquellos a quien m\u00e1s amamos! Aunque bien pensado, al llev\u00e1rtelos no nos los robas, sino que nos los guardas a buen recaudo en el tiempo y en el recuerdo. El extraterrestre Leonardo Da Vinci manten\u00eda la m\u00e1xima que aseguraba: &#8220;As\u00ed como una jornada bien empleada produce un dulce sue\u00f1o, as\u00ed una vida bien usada causa una dulce muerte&#8221;. Para acabar de nuevo con Juan Luis Galiardo , no puedo dejar de recordar con especial cari\u00f1o aquel breve papel del empresario Ruiz del R\u00edo en la imprescindible &#8220;As\u00ed en el cielo como en la tierra&#8221; del genial Jos\u00e9 Luis Cuerda, donde maravilla al mismo Dios con su incontenible verborrea. En aquella inolvidable secuencia, Galiardo, locuaz, algo demagogo pero brillante al fin y al cabo, consigue evitar el por otro lado desastroso Apocalipsis, montado al alim\u00f3n por Dios (Fern\u00e1n G\u00f3mez), Jesucristo (Jes\u00fas Bonilla) y un palomo cualquiera como Esp\u00edritu Santo. Adem\u00e1s, no contento con evitar su muerte y la del peque\u00f1o grupo de apresados, se lleva de vuelta a la Tierra a un ligue del Cielo que se ha camelado previamente para ponerle un piso. Genial como siempre el bravo actor. Canalla, gal\u00e1n, irresistible como no puede serlo quien quiere sino quien puede y adem\u00e1s le dejan. Brindo con mi mejor Loch Lomond por usted, paisano. Pues siempre ser\u00e1 grande, as\u00ed en el Cielo como en la Tierra.<\/span><\/p>\n<p>&nbsp;<\/p>\n<p><span style=\"color: #000080; font-size: medium;\"><em>Publicado en Diario HOY el 24\/06\/2012<\/em><\/span><\/p>\n<p><span style=\"color: #000080; font-size: medium;\"><a href=\"http:\/\/hoy.kioskoymas.com\/epaper\/showlink.aspx?bookmarkid=IY48BV98FD48&#038;preview=magnifier&#038;linkid=0706212b-b65f-4f37-a308-c1e0a91c1c0a&#038;pdaffid=1NEHCXDv4QZRFanP7KJR9A%3d%3d\"><span style=\"color: #000080;\"><img src=\"\/\/cache2-thumb1.pressdisplay.com\/pressdisplay\/docserver\/getimage.aspx?file=22012012062400000000001001&#038;page=32&#038;scale=23\" alt=\"\" \/><\/span><\/a><\/span><\/p>\n<!-- AddThis Advanced Settings generic via filter on the_content --><!-- AddThis Share Buttons generic via filter on the_content -->","protected":false},"excerpt":{"rendered":"<p>&nbsp; Enrique Falc\u00f3. Mit\u00f3mano &nbsp; &nbsp; Ayer me sorprendi\u00f3 la triste noticia de la muerte del actor Juan Luis Galiardo a los 72 a\u00f1os de edad. En todas las cr\u00f3nicas de peri\u00f3dicos y portales digitales hemos podido leer que ha fallecido a causa de una &#8220;r\u00e1pida y devastadora enfermedad&#8221; (curiosa definici\u00f3n para referirse a un [&hellip;]<!-- AddThis Advanced Settings generic via filter on get_the_excerpt --><!-- AddThis Share Buttons generic via filter on get_the_excerpt --><\/p>\n","protected":false},"author":14,"featured_media":0,"comment_status":"open","ping_status":"closed","sticky":false,"template":"","format":"standard","meta":[],"categories":[8],"tags":[10,111,157,237,292,301,370,437,495,691,760,941,1412,1439,1515,1523,1547,1674,1730,1774,1806,1816,2042,2072,2074,2166,2225,2263,2318,2629,2707,2708,2730,2753,2789,2883,2901,2961,3020,3103,3297,3463,3577,4769,4909,5109,5231],"_links":{"self":[{"href":"https:\/\/blogs.hoy.es\/loch-lomond\/wp-json\/wp\/v2\/posts\/1035"}],"collection":[{"href":"https:\/\/blogs.hoy.es\/loch-lomond\/wp-json\/wp\/v2\/posts"}],"about":[{"href":"https:\/\/blogs.hoy.es\/loch-lomond\/wp-json\/wp\/v2\/types\/post"}],"author":[{"embeddable":true,"href":"https:\/\/blogs.hoy.es\/loch-lomond\/wp-json\/wp\/v2\/users\/14"}],"replies":[{"embeddable":true,"href":"https:\/\/blogs.hoy.es\/loch-lomond\/wp-json\/wp\/v2\/comments?post=1035"}],"version-history":[{"count":0,"href":"https:\/\/blogs.hoy.es\/loch-lomond\/wp-json\/wp\/v2\/posts\/1035\/revisions"}],"wp:attachment":[{"href":"https:\/\/blogs.hoy.es\/loch-lomond\/wp-json\/wp\/v2\/media?parent=1035"}],"wp:term":[{"taxonomy":"category","embeddable":true,"href":"https:\/\/blogs.hoy.es\/loch-lomond\/wp-json\/wp\/v2\/categories?post=1035"},{"taxonomy":"post_tag","embeddable":true,"href":"https:\/\/blogs.hoy.es\/loch-lomond\/wp-json\/wp\/v2\/tags?post=1035"}],"curies":[{"name":"wp","href":"https:\/\/api.w.org\/{rel}","templated":true}]}}