{"id":104,"date":"2010-09-07T00:01:00","date_gmt":"2010-09-07T00:01:00","guid":{"rendered":"http:\/\/blogs.hoy.es\/loch-lomond\/?p=103"},"modified":"2010-09-07T00:01:00","modified_gmt":"2010-09-07T00:01:00","slug":"extremadura","status":"publish","type":"post","link":"https:\/\/blogs.hoy.es\/loch-lomond\/2010\/09\/07\/extremadura\/","title":{"rendered":"EXTREMADURA"},"content":{"rendered":"<p><span style=\"COLOR: #003366\"><font size=3><\/font><font face=\"Times New Roman\"> <\/p>\n<p class=MsoNormal style=\"MARGIN: 0cm 0cm 0pt; TEXT-ALIGN: justify\"><span style=\"FONT-SIZE: 10pt; COLOR: #003366; FONT-FAMILY: Verdana\"><img id=img_0 src=\"\/\/banderas-himnos.com\/media\/flags\/bandera-extremadura.gif\"\/><\/span><\/p>\n<p class=MsoNormal style=\"MARGIN: 0cm 0cm 0pt; TEXT-ALIGN: justify\"><span style=\"FONT-SIZE: 10pt; COLOR: #003366; FONT-FAMILY: Verdana\"><\/span><\/p>\n<p><span style=\"FONT-SIZE: 10pt; COLOR: #003366; FONT-FAMILY: Verdana\"><\/span> <\/p>\n<p class=MsoNormal style=\"MARGIN: 0cm 0cm 0pt; TEXT-ALIGN: justify\">\n<p class=MsoNormal style=\"MARGIN: 0cm 0cm 0pt; TEXT-ALIGN: justify\">\n<p class=MsoNormal style=\"MARGIN: 0cm 0cm 0pt; TEXT-ALIGN: justify\">\n<p class=MsoNormal style=\"MARGIN: 0cm 0cm 0pt; TEXT-ALIGN: justify\">\n<p class=MsoNormal style=\"MARGIN: 0cm 0cm 0pt; TEXT-ALIGN: justify\">\n<p class=MsoNormal style=\"MARGIN: 0cm 0cm 0pt; TEXT-ALIGN: justify\">\n<p class=MsoNormal style=\"MARGIN: 0cm 0cm 0pt; TEXT-ALIGN: justify\">\n<p class=MsoNormal style=\"MARGIN: 0cm 0cm 0pt; TEXT-ALIGN: justify\"><span style=\"FONT-SIZE: 10pt; COLOR: #003366; FONT-FAMILY: Verdana\">Ma\u00f1ana es el d\u00eda de Extremadura. Parece mentira la de compa\u00f1eros, amigos y conocidos, extreme\u00f1os todos, que a\u00fan lo desconocen. La mayor\u00eda sabe que ma\u00f1ana es fiesta y punto, y el motivo por el que no van a trabajar se las trae al fresco. (Eso los que descansan, pues muchos, como el menda, curran el d\u00eda 8 sin posibilidad de amnist\u00eda) No me parece mal del todo que la gente desee un d\u00eda de fiesta como agua de mayo, pues quien m\u00e1s y quien menos siempre necesita descansar y un d\u00eda de asueto nunca viene mal, pero hay fechas que los extreme\u00f1os deber\u00edamos llevar grabadas en el disco duro de nuestra sesera. Un extreme\u00f1o decente, como Dios manda, no puede ir por la vida sin saber que d\u00eda es ma\u00f1ana, 8 de Septiembre, d\u00eda de Extremadura. Si no estoy mal informado (cosa bastante dif\u00edcil leyendo el Diario HOY, nobleza obliga) ma\u00f1ana se cumplen 25 a\u00f1os de la celebraci\u00f3n del d\u00eda de nuestra Comunidad. Es un buen momento para escuchar nuestro himno y emocionarse con mi estrofa favorita, la \u00faltima, aquella que reza: \u201cExtremadura alma, Extremadura Tierra, Extremadura de vida llena\u201d.<\/span><\/p>\n<p><span style=\"FONT-SIZE: 10pt; COLOR: #003366; FONT-FAMILY: Verdana\"><\/span><\/p>\n<p><span style=\"FONT-SIZE: 10pt; COLOR: #003366; FONT-FAMILY: Verdana\"><\/span><\/p>\n<p><span style=\"FONT-SIZE: 10pt; COLOR: #003366; FONT-FAMILY: Verdana\"><\/span><\/p>\n<p><span style=\"FONT-SIZE: 10pt; COLOR: #003366; FONT-FAMILY: Verdana\"><\/span><\/p>\n<p><span style=\"FONT-SIZE: 10pt; COLOR: #003366; FONT-FAMILY: Verdana\"><\/span><\/p>\n<p><span style=\"FONT-SIZE: 10pt; COLOR: #003366; FONT-FAMILY: Verdana\"><\/span><\/p>\n<p><span style=\"FONT-SIZE: 10pt; COLOR: #003366; FONT-FAMILY: Verdana\">< ?xml:namespace prefix = o ns = \"urn:schemas-microsoft-com:office:office\" \/><o:p><img id=img_1 src=\"\/\/1.bp.blogspot.com\/_sgvhE6dWra8\/R4s81KLvEAI\/AAAAAAAAAhU\/U2pCeug1T5o\/s320\/himno.gif\"\/><\/o:p><\/span><\/p>\n<p class=MsoNormal style=\"MARGIN: 0cm 0cm 0pt; TEXT-ALIGN: justify\">\n<p><span style=\"FONT-SIZE: 10pt; COLOR: #003366; FONT-FAMILY: Verdana\"><o:p><\/o:p><\/span> <\/p>\n<p class=MsoNormal style=\"MARGIN: 0cm 0cm 0pt; TEXT-ALIGN: justify\">\n<p class=MsoNormal style=\"MARGIN: 0cm 0cm 0pt; TEXT-ALIGN: justify\">\n<p class=MsoNormal style=\"MARGIN: 0cm 0cm 0pt; TEXT-ALIGN: justify\">\n<p class=MsoNormal style=\"MARGIN: 0cm 0cm 0pt; TEXT-ALIGN: justify\">\n<p class=MsoNormal style=\"MARGIN: 0cm 0cm 0pt; TEXT-ALIGN: justify\">\n<p class=MsoNormal style=\"MARGIN: 0cm 0cm 0pt; TEXT-ALIGN: justify\">\n<p class=MsoNormal style=\"MARGIN: 0cm 0cm 0pt; TEXT-ALIGN: justify\">\n<p class=MsoNormal style=\"MARGIN: 0cm 0cm 0pt; TEXT-ALIGN: justify\">\n<p class=MsoNormal style=\"MARGIN: 0cm 0cm 0pt; TEXT-ALIGN: justify\">\n<p class=MsoNormal style=\"MARGIN: 0cm 0cm 0pt; TEXT-ALIGN: justify\"><span style=\"FONT-SIZE: 10pt; COLOR: #003366; FONT-FAMILY: Verdana\">Yo no s\u00e9 ustedes, pero el himno de Extremadura me lo s\u00e9 de memoria. En tercero de EGB nuestro maestro Don Francisco Guerra se encarg\u00f3 personalmente de ello. Me acuerdo como si fuera ayer, parece que lo estoy contemplando sentado sobre mi pupitre mientras \u00e9l, fumando un cigarrillo rubio junto al encerado, no cesa de hablarnos de la importancia de nuestra tierra, de nuestros antepasados, de que hay que amar la tierra de donde uno ha nacido y vivido Porque especialmente la nuestra, Extremadura, era cuna de Conquistadores y deb\u00edamos de sentirnos muy orgullosos. Nos animaba a ir con la cabeza bien alta cuando acudi\u00e9ramos fuera de nuestra comunidad y a sentirnos orgullosos por ser extreme\u00f1os. Recuerdo que dedicamos en aquel curso varias semanas a escuchar el himno de Extremadura, a aprend\u00e9rnoslo y a cantarlo al un\u00edsono. Don Francisco siempre hac\u00eda hincapi\u00e9 en que la parte del estribillo que dice \u201cde banderas, de banderas\u2026\u201d Nuestro maestro nos insist\u00eda en que hab\u00eda que cantarla m\u00e1s suave, muy bajito, para subir el volumen de nuevo en \u201cverde, blanca y negra\u201d. Pero a nosotros por un o\u00eddo nos entraba y por otro nos sal\u00eda. Cuando escuch\u00e1bamos nuestro himno y empez\u00e1bamos a cantarlo era tal la pasi\u00f3n que sent\u00edamos que no hab\u00eda manera de bajar el volumen, y cada vez era m\u00e1s alta nuestra entonaci\u00f3n para enfado de don Francisco.<o:p><\/o:p><\/span><\/p>\n<p class=MsoNormal style=\"MARGIN: 0cm 0cm 0pt; TEXT-ALIGN: justify\"><span style=\"FONT-SIZE: 10pt; COLOR: #003366; FONT-FAMILY: Verdana\"><o:p><\/o:p><\/span><\/p>\n<p class=MsoNormal style=\"MARGIN: 0cm 0cm 0pt; TEXT-ALIGN: justify\"><span style=\"FONT-SIZE: 10pt; COLOR: #003366; FONT-FAMILY: Verdana\">Desde entonces, siempre que escucho el himno de Extremadura no puedo dejar de emocionarme, aunque solo sea un pel\u00edn, y acordarme del viejo don Francisco, y tambi\u00e9n de la madre de m\u00e1s de uno cuando me preguntan \u00bfqu\u00e9 pasa el 8 de septiembre, por qu\u00e9 es fiesta?<\/span><\/p>\n<p><span style=\"FONT-SIZE: 10pt; COLOR: #003366; FONT-FAMILY: Verdana\"><\/span><\/p>\n<p><span style=\"FONT-SIZE: 10pt; COLOR: #003366; FONT-FAMILY: Verdana\"><\/span><\/p>\n<p><span style=\"FONT-SIZE: 10pt; COLOR: #003366; FONT-FAMILY: Verdana\"><\/span><\/p>\n<p><span style=\"FONT-SIZE: 10pt; COLOR: #003366; FONT-FAMILY: Verdana\"><\/span><\/p>\n<p><span style=\"FONT-SIZE: 10pt; COLOR: #003366; FONT-FAMILY: Verdana\"><\/span><\/p>\n<p><span style=\"FONT-SIZE: 10pt; COLOR: #003366; FONT-FAMILY: Verdana\"><\/span><\/p>\n<p><span style=\"FONT-SIZE: 10pt; COLOR: #003366; FONT-FAMILY: Verdana\"><\/span><\/p>\n<p><span style=\"FONT-SIZE: 10pt; COLOR: #003366; FONT-FAMILY: Verdana\"><o:p><img id=img_2 src=\"\/\/www.llerena.org\/archivos\/fotos\/actualidad\/bandera_extremadura2.jpg\"\/><\/o:p><\/span><\/p>\n<p class=MsoNormal style=\"MARGIN: 0cm 0cm 0pt; TEXT-ALIGN: justify\">\n<p><span style=\"FONT-SIZE: 10pt; COLOR: #003366; FONT-FAMILY: Verdana\"><o:p><\/o:p><\/span> <\/p>\n<p class=MsoNormal style=\"MARGIN: 0cm 0cm 0pt; TEXT-ALIGN: justify\">\n<p class=MsoNormal style=\"MARGIN: 0cm 0cm 0pt; TEXT-ALIGN: justify\">\n<p class=MsoNormal style=\"MARGIN: 0cm 0cm 0pt; TEXT-ALIGN: justify\">\n<p class=MsoNormal style=\"MARGIN: 0cm 0cm 0pt; TEXT-ALIGN: justify\">\n<p class=MsoNormal style=\"MARGIN: 0cm 0cm 0pt; TEXT-ALIGN: justify\">\n<p class=MsoNormal style=\"MARGIN: 0cm 0cm 0pt; TEXT-ALIGN: justify\">\n<p class=MsoNormal style=\"MARGIN: 0cm 0cm 0pt; TEXT-ALIGN: justify\"><span style=\"FONT-SIZE: 10pt; COLOR: #003366; FONT-FAMILY: Verdana\">Alto, muy alto hoy mi copazo de LOCH LOMOND, por Extremadura, por los extreme\u00f1os, de cuna o de adopci\u00f3n, inmigrantes o emigrantes, por todos los que aman y se desviven por nuestra tierra, Extremadura.<o:p><\/o:p><\/span><\/p>\n<p class=MsoNormal style=\"MARGIN: 0cm 0cm 0pt; TEXT-ALIGN: justify\">\n<p><\/font><\/span><\/p>\n<!-- AddThis Advanced Settings generic via filter on the_content --><!-- AddThis Share Buttons generic via filter on the_content -->","protected":false},"excerpt":{"rendered":"<p>Ma\u00f1ana es el d\u00eda de Extremadura. Parece mentira la de compa\u00f1eros, amigos y conocidos, extreme\u00f1os todos, que a\u00fan lo desconocen. La mayor\u00eda sabe que ma\u00f1ana es fiesta y punto, y el motivo por el que no van a trabajar se las trae al fresco. (Eso los que descansan, pues muchos, como el menda, curran el [&hellip;]<!-- AddThis Advanced Settings generic via filter on get_the_excerpt --><!-- AddThis Share Buttons generic via filter on get_the_excerpt --><\/p>\n","protected":false},"author":14,"featured_media":0,"comment_status":"open","ping_status":"closed","sticky":false,"template":"","format":"standard","meta":[],"categories":[2],"tags":[467,1152,1757,1990,2593],"_links":{"self":[{"href":"https:\/\/blogs.hoy.es\/loch-lomond\/wp-json\/wp\/v2\/posts\/104"}],"collection":[{"href":"https:\/\/blogs.hoy.es\/loch-lomond\/wp-json\/wp\/v2\/posts"}],"about":[{"href":"https:\/\/blogs.hoy.es\/loch-lomond\/wp-json\/wp\/v2\/types\/post"}],"author":[{"embeddable":true,"href":"https:\/\/blogs.hoy.es\/loch-lomond\/wp-json\/wp\/v2\/users\/14"}],"replies":[{"embeddable":true,"href":"https:\/\/blogs.hoy.es\/loch-lomond\/wp-json\/wp\/v2\/comments?post=104"}],"version-history":[{"count":0,"href":"https:\/\/blogs.hoy.es\/loch-lomond\/wp-json\/wp\/v2\/posts\/104\/revisions"}],"wp:attachment":[{"href":"https:\/\/blogs.hoy.es\/loch-lomond\/wp-json\/wp\/v2\/media?parent=104"}],"wp:term":[{"taxonomy":"category","embeddable":true,"href":"https:\/\/blogs.hoy.es\/loch-lomond\/wp-json\/wp\/v2\/categories?post=104"},{"taxonomy":"post_tag","embeddable":true,"href":"https:\/\/blogs.hoy.es\/loch-lomond\/wp-json\/wp\/v2\/tags?post=104"}],"curies":[{"name":"wp","href":"https:\/\/api.w.org\/{rel}","templated":true}]}}