{"id":105,"date":"2010-09-08T01:07:00","date_gmt":"2010-09-08T01:07:00","guid":{"rendered":"http:\/\/blogs.hoy.es\/loch-lomond\/?p=104"},"modified":"2010-09-08T01:07:00","modified_gmt":"2010-09-08T01:07:00","slug":"al-colegio-andando","status":"publish","type":"post","link":"https:\/\/blogs.hoy.es\/loch-lomond\/2010\/09\/08\/al-colegio-andando\/","title":{"rendered":"AL COLEGIO&#8230; ANDANDO"},"content":{"rendered":"<p class=MsoNormal style=\"MARGIN: 0cm 0cm 0pt; TEXT-ALIGN: center\" align=center><b style=\"mso-bidi-font-weight: normal\"><u><span style=\"FONT-FAMILY: Arial\">< ?xml:namespace prefix = o ns = \"urn:schemas-microsoft-com:office:office\" \/><o:p><span style=\"TEXT-DECORATION: none\"><font size=3><img id=img_0 src=\"\/\/blogs.ideal.es\/blogfiles\/Participa\/vuelta-al-cole02.JPG\"\/><\/font><\/span><\/o:p><\/span><\/u><\/b><\/p>\n<p class=MsoNormal style=\"MARGIN: 0cm 0cm 0pt; TEXT-ALIGN: center\" align=center><b style=\"mso-bidi-font-weight: normal\"><u><span style=\"FONT-FAMILY: Arial\"><o:p><span style=\"TEXT-DECORATION: none\"><font size=3><\/font><\/span><\/o:p><\/span><\/u><\/b><\/p>\n<p class=MsoNormal style=\"MARGIN: 0cm 0cm 0pt; TEXT-ALIGN: center\" align=center><b style=\"mso-bidi-font-weight: normal\"><u><span style=\"FONT-FAMILY: Arial\"><o:p><span style=\"TEXT-DECORATION: none\"><font size=3><\/font><\/span><\/o:p><\/span><\/u><\/b><\/p>\n<p class=MsoNormal style=\"MARGIN: 0cm 0cm 0pt; TEXT-ALIGN: center\" align=center><b style=\"mso-bidi-font-weight: normal\"><u><span style=\"FONT-FAMILY: Arial\"><o:p><span style=\"TEXT-DECORATION: none\"><font size=3><\/font><\/span><\/o:p><\/span><\/u><\/b><\/p>\n<p class=MsoNormal style=\"MARGIN: 0cm 0cm 0pt; TEXT-ALIGN: center\" align=center><b style=\"mso-bidi-font-weight: normal\"><u><span style=\"FONT-FAMILY: Arial\"><o:p><span style=\"TEXT-DECORATION: none\"><font size=3><\/font><\/span><\/o:p><\/span><\/u><\/b><\/p>\n<p><b style=\"mso-bidi-font-weight: normal\"><u><span style=\"FONT-FAMILY: Arial\"><o:p><span style=\"TEXT-DECORATION: none\"><font size=3><\/font><\/span><\/o:p><\/span><\/u><\/b> <\/p>\n<p class=MsoNormal style=\"MARGIN: 0cm 0cm 0pt; TEXT-ALIGN: center\" align=center>\n<p class=MsoNormal style=\"MARGIN: 0cm 0cm 0pt; TEXT-ALIGN: center\" align=center>\n<p class=MsoNormal style=\"MARGIN: 0cm 0cm 0pt; TEXT-ALIGN: center\" align=center>\n<p class=MsoNormal style=\"MARGIN: 0cm 0cm 0pt; TEXT-ALIGN: center\" align=center>\n<p class=MsoNormal style=\"MARGIN: 0cm 0cm 0pt; TEXT-ALIGN: center\" align=center>\n<p class=MsoNormal style=\"MARGIN: 0cm 0cm 0pt; TEXT-ALIGN: center\" align=center>\n<p class=MsoNormal style=\"MARGIN: 0cm 0cm 0pt; TEXT-ALIGN: center\" align=center>\n<p class=MsoNormal style=\"MARGIN: 0cm 0cm 0pt; TEXT-ALIGN: justify\"><span style=\"FONT-FAMILY: Arial\"><span style=\"mso-tab-count: 1\"><font size=3><\/font><\/span><\/span><span style=\"FONT-SIZE: 10pt; COLOR: #003366; FONT-FAMILY: Verdana; mso-bidi-font-family: Arial\">Una de las muchas cosas malas que nos devuelve este agridulce mes de septiembre es la odiada vuelta al cole. El problema de este regreso al redil de los mocosos de turno se nos presenta a todos de una u otra manera. Desde el lunes se acab\u00f3 el circular tranquilamente y a seg\u00fan que horas por distintos puntos de la ciudad. Los coches de los pap\u00e1s de los escolares se har\u00e1n presentes hasta en tercera fila en algunas calles, iluminados con el parpadeo incansable de las luces de emergencia, lo que dificultar\u00e1 o har\u00e1 imposible la circulaci\u00f3n retrasando a todo quisque.<\/span><\/p>\n<p><span style=\"FONT-SIZE: 10pt; COLOR: #003366; FONT-FAMILY: Verdana; mso-bidi-font-family: Arial\"><\/span><\/p>\n<p><span style=\"FONT-SIZE: 10pt; COLOR: #003366; FONT-FAMILY: Verdana; mso-bidi-font-family: Arial\"><\/span><\/p>\n<p class=MsoNormal style=\"MARGIN: 0cm 0cm 0pt; TEXT-ALIGN: justify\">\n<p class=MsoNormal style=\"MARGIN: 0cm 0cm 0pt; TEXT-ALIGN: justify\">\n<p class=MsoNormal style=\"MARGIN: 0cm 0cm 0pt; TEXT-ALIGN: justify\">\n<p class=MsoNormal style=\"MARGIN: 0cm 0cm 0pt; TEXT-ALIGN: justify\">\n<p class=MsoNormal style=\"MARGIN: 0cm 0cm 0pt; TEXT-ALIGN: justify\">\n<p class=MsoNormal style=\"MARGIN: 0cm 0cm 0pt; TEXT-ALIGN: justify\">\n<p class=MsoNormal style=\"MARGIN: 0cm 0cm 0pt; TEXT-ALIGN: justify\">\n<span style=\"FONT-SIZE: 10pt; COLOR: #003366; FONT-FAMILY: Verdana; mso-bidi-font-family: Arial\"><\/span><\/p>\n<p><span style=\"FONT-SIZE: 10pt; COLOR: #003366; FONT-FAMILY: Verdana; mso-bidi-font-family: Arial\"><\/span><\/p>\n<p><span style=\"FONT-SIZE: 10pt; COLOR: #003366; FONT-FAMILY: Verdana; mso-bidi-font-family: Arial\"><o:p><img id=img_1 src=\"\/\/estaticos.20minutos.es\/img\/2007\/06\/13\/607286.jpg\"\/><\/o:p><\/span><\/p>\n<p class=MsoNormal style=\"MARGIN: 0cm 0cm 0pt; TEXT-ALIGN: justify\">\n<p><span style=\"FONT-SIZE: 10pt; COLOR: #003366; FONT-FAMILY: Verdana; mso-bidi-font-family: Arial\"><o:p><\/o:p><\/span> <\/p>\n<p class=MsoNormal style=\"MARGIN: 0cm 0cm 0pt; TEXT-ALIGN: justify\">\n<p class=MsoNormal style=\"MARGIN: 0cm 0cm 0pt; TEXT-ALIGN: justify\">\n<p class=MsoNormal style=\"MARGIN: 0cm 0cm 0pt; TEXT-ALIGN: justify\">\n<p class=MsoNormal style=\"MARGIN: 0cm 0cm 0pt; TEXT-ALIGN: justify\">\n<p class=MsoNormal style=\"MARGIN: 0cm 0cm 0pt; TEXT-ALIGN: justify\">\n<p class=MsoNormal style=\"MARGIN: 0cm 0cm 0pt; TEXT-ALIGN: justify\">\n<p class=MsoNormal style=\"MARGIN: 0cm 0cm 0pt; TEXT-ALIGN: justify\"><span style=\"FONT-SIZE: 10pt; COLOR: #003366; FONT-FAMILY: Verdana; mso-bidi-font-family: Arial\"><span style=\"mso-spacerun: yes\"><\/span>Lo de circular junto a los colegios es una causa perdida y de dif\u00edcil amnist\u00eda. A partir de este lunes volver\u00e1 a ser casi imposible transitar en auto por Santa Marina, Col\u00f3n, Juan Pereda Pila, Mar\u00eda Auxiliadora etc, a la hora de entrada \u00f3 salida de clase de los galopines de turno. <\/span><\/p>\n<p><span style=\"FONT-SIZE: 10pt; COLOR: #003366; FONT-FAMILY: Verdana; mso-bidi-font-family: Arial\"><\/span><\/p>\n<p><span style=\"FONT-SIZE: 10pt; COLOR: #003366; FONT-FAMILY: Verdana; mso-bidi-font-family: Arial\"><\/span><\/p>\n<p><span style=\"FONT-SIZE: 10pt; COLOR: #003366; FONT-FAMILY: Verdana; mso-bidi-font-family: Arial\"><o:p><\/o:p><\/span><\/p>\n<p class=MsoNormal style=\"MARGIN: 0cm 0cm 0pt; TEXT-ALIGN: justify\">\n<p class=MsoNormal style=\"MARGIN: 0cm 0cm 0pt; TEXT-ALIGN: justify\"><span style=\"FONT-SIZE: 10pt; COLOR: #003366; FONT-FAMILY: Verdana; mso-bidi-font-family: Arial\"><o:p><\/o:p><\/span><\/p>\n<p class=MsoNormal style=\"MARGIN: 0cm 0cm 0pt; TEXT-ALIGN: justify\"><span style=\"FONT-SIZE: 10pt; COLOR: #003366; FONT-FAMILY: Verdana; mso-bidi-font-family: Arial\">\u00a1Hay que fastidiarse! En toda mi vida escolar, jam\u00e1s vinieron mis padres a recogerme en coche al colegio. Y aunque evidentemente existen casos donde los alumnos viven muy lejos y es necesario, no lo es quiz\u00e1s en otros donde el ni\u00f1o habita a menos de una manzana de su centro escolar. Aunque es cierto que todos pecamos de falta de responsabilidad y de solidaridad en esto de pararnos &#8220;un momento&#8221; donde nos sale de las narices y de coger el coche para no andar < ?xml:namespace prefix = st1 ns = \"urn:schemas-microsoft-com:office:smarttags\" \/><st1:metricconverter ProductID=\"200 metros\" w:st=\"on\">200 metros<\/st1:metricconverter>, necesario es tambi\u00e9n concienciarnos y hacer un peque\u00f1o esfuerzo para el beneficio de todos.<\/span><\/p>\n<p><span style=\"FONT-SIZE: 10pt; COLOR: #003366; FONT-FAMILY: Verdana; mso-bidi-font-family: Arial\"><\/span><\/p>\n<p><span style=\"FONT-SIZE: 10pt; COLOR: #003366; FONT-FAMILY: Verdana; mso-bidi-font-family: Arial\"><\/span><\/p>\n<p><span style=\"FONT-SIZE: 10pt; COLOR: #003366; FONT-FAMILY: Verdana; mso-bidi-font-family: Arial\"><\/span><\/p>\n<p><span style=\"FONT-SIZE: 10pt; COLOR: #003366; FONT-FAMILY: Verdana; mso-bidi-font-family: Arial\"><\/span><\/p>\n<p><span style=\"FONT-SIZE: 10pt; COLOR: #003366; FONT-FAMILY: Verdana; mso-bidi-font-family: Arial\"><\/span><\/p>\n<p><span style=\"FONT-SIZE: 10pt; COLOR: #003366; FONT-FAMILY: Verdana; mso-bidi-font-family: Arial\"><\/span><\/p>\n<p class=MsoNormal style=\"MARGIN: 0cm 0cm 0pt; TEXT-ALIGN: justify\">\n<p class=MsoNormal style=\"MARGIN: 0cm 0cm 0pt; TEXT-ALIGN: justify\">\n<p class=MsoNormal style=\"MARGIN: 0cm 0cm 0pt; TEXT-ALIGN: justify\">\n<p class=MsoNormal style=\"MARGIN: 0cm 0cm 0pt; TEXT-ALIGN: justify\">\n<span style=\"FONT-SIZE: 10pt; COLOR: #003366; FONT-FAMILY: Verdana; mso-bidi-font-family: Arial\"><\/span><\/p>\n<p><img id=img_3 src=\"\/\/www.elboomeran.com\/upload\/fotos\/blogs_entradas\/los_prncipes_de_asturias_dejan_a_leonor_en_el_colegio_en_el_primer_da_en_las_aulas_de_la_infanta_med.jpg\"\/><\/p>\n<p class=MsoNormal style=\"MARGIN: 0cm 0cm 0pt; TEXT-ALIGN: justify\">\n<p><span style=\"FONT-SIZE: 10pt; COLOR: #003366; FONT-FAMILY: Verdana; mso-bidi-font-family: Arial\"><o:p><\/o:p><\/span> <\/p>\n<p class=MsoNormal style=\"MARGIN: 0cm 0cm 0pt; TEXT-ALIGN: justify\">\n<p class=MsoNormal style=\"MARGIN: 0cm 0cm 0pt; TEXT-ALIGN: justify\">\n<p class=MsoNormal style=\"MARGIN: 0cm 0cm 0pt; TEXT-ALIGN: justify\">\n<p class=MsoNormal style=\"MARGIN: 0cm 0cm 0pt; TEXT-ALIGN: justify\">\n<p class=MsoNormal style=\"MARGIN: 0cm 0cm 0pt; TEXT-ALIGN: justify\"><span style=\"FONT-SIZE: 10pt; COLOR: #003366; FONT-FAMILY: Verdana; mso-bidi-font-family: Arial\"><span style=\"mso-spacerun: yes\"><\/span>Antes del final de curso se habl\u00f3 de que se iban endurecer las multas en estos casos. Se ha publicado en varios medios que la cosa es bastante m\u00e1s seria de lo que parece, y que se va a perseguir con contundencia a quien infrinja la ley impidiendo la libre circulaci\u00f3n por parar donde no se debe, y por supuesto a quien <span style=\"mso-spacerun: yes\"><\/span>posteriormente no pague las multas. Por lo tanto mi menda aconseja a los sobreprotectores padres que cuando consideren que su larva tenga cierta capacidad y madurez para desplazarse por s\u00ed sola al colegio, la animen a hacer ejercicio y a dirigirse al cole dando un paseo, como hemos hecho todos de chico. Y si a\u00fan son muy peque\u00f1os y no se quedan tranquilos, ll\u00e9venlos personalmente de la mano, pero por Dios, caminando, que es bastante sano y necesario. Aprovechen para mostrar a sus hijos las calles de su ciudad, o para hablar con ellos. \u00a1Qu\u00e9 es eso de que los ni\u00f1os no puedan ni andar <st1:metricconverter ProductID=\"300 metros\" w:st=\"on\">300 metros<\/st1:metricconverter> por favor! Al colegio\u2026andando\u2026 \u00a1como siempre!<o:p><\/o:p><\/span><\/p>\n<!-- AddThis Advanced Settings generic via filter on the_content --><!-- AddThis Share Buttons generic via filter on the_content -->","protected":false},"excerpt":{"rendered":"<p>< ?xml:namespace prefix = o ns = \"urn:schemas-microsoft-com:office:office\" \/> Una de las muchas cosas malas que nos devuelve este agridulce mes de septiembre es la odiada vuelta al cole. El problema de este regreso al redil de los mocosos de turno se nos presenta a todos de una u otra manera. Desde el lunes se [&hellip;]<!-- AddThis Advanced Settings generic via filter on get_the_excerpt --><!-- AddThis Share Buttons generic via filter on get_the_excerpt --><\/p>\n","protected":false},"author":14,"featured_media":0,"comment_status":"open","ping_status":"closed","sticky":false,"template":"","format":"standard","meta":[],"categories":[7],"tags":[257,437,1036,1057,1062,2431,2954,3518,3674,3856,4651],"_links":{"self":[{"href":"https:\/\/blogs.hoy.es\/loch-lomond\/wp-json\/wp\/v2\/posts\/105"}],"collection":[{"href":"https:\/\/blogs.hoy.es\/loch-lomond\/wp-json\/wp\/v2\/posts"}],"about":[{"href":"https:\/\/blogs.hoy.es\/loch-lomond\/wp-json\/wp\/v2\/types\/post"}],"author":[{"embeddable":true,"href":"https:\/\/blogs.hoy.es\/loch-lomond\/wp-json\/wp\/v2\/users\/14"}],"replies":[{"embeddable":true,"href":"https:\/\/blogs.hoy.es\/loch-lomond\/wp-json\/wp\/v2\/comments?post=105"}],"version-history":[{"count":0,"href":"https:\/\/blogs.hoy.es\/loch-lomond\/wp-json\/wp\/v2\/posts\/105\/revisions"}],"wp:attachment":[{"href":"https:\/\/blogs.hoy.es\/loch-lomond\/wp-json\/wp\/v2\/media?parent=105"}],"wp:term":[{"taxonomy":"category","embeddable":true,"href":"https:\/\/blogs.hoy.es\/loch-lomond\/wp-json\/wp\/v2\/categories?post=105"},{"taxonomy":"post_tag","embeddable":true,"href":"https:\/\/blogs.hoy.es\/loch-lomond\/wp-json\/wp\/v2\/tags?post=105"}],"curies":[{"name":"wp","href":"https:\/\/api.w.org\/{rel}","templated":true}]}}