{"id":1053,"date":"2012-07-01T16:14:23","date_gmt":"2012-07-01T15:14:23","guid":{"rendered":"http:\/\/blogs.hoy.es\/loch-lomond\/?p=1053"},"modified":"2012-07-01T16:14:23","modified_gmt":"2012-07-01T15:14:23","slug":"la-fuerza-de-la-costumbre","status":"publish","type":"post","link":"https:\/\/blogs.hoy.es\/loch-lomond\/2012\/07\/01\/la-fuerza-de-la-costumbre\/","title":{"rendered":"La fuerza de la costumbre"},"content":{"rendered":"<p>&nbsp;<\/p>\n<p>Enrique Falc\u00f3. Telefutbolero<\/p>\n<div id=\"attachment_1055\" style=\"width: 410px\" class=\"wp-caption alignnone\"><a href=\"\/loch-lomond\/wp-content\/uploads\/sites\/10\/2012\/07\/Espa\u00f1a-Simpsons.jpg\"><img aria-describedby=\"caption-attachment-1055\" loading=\"lazy\" class=\"size-full wp-image-1055\" title=\"Espa\u00f1a Simpsons\" src=\"\/loch-lomond\/wp-content\/uploads\/sites\/10\/2012\/07\/Espa\u00f1a-Simpsons.jpg\" alt=\"Hoy todos, sin excepci\u00f3n, con la selecci\u00f3n espa\u00f1ola de f\u00fatbol\" width=\"400\" height=\"300\" srcset=\"https:\/\/static-blogs.hoy.es\/wp-content\/uploads\/sites\/10\/2012\/07\/Espa\u00f1a-Simpsons.jpg 400w, https:\/\/static-blogs.hoy.es\/wp-content\/uploads\/sites\/10\/2012\/07\/Espa\u00f1a-Simpsons-300x225.jpg 300w\" sizes=\"(max-width: 400px) 100vw, 400px\" \/><\/a><p id=\"caption-attachment-1055\" class=\"wp-caption-text\">Hoy todos, sin excepci\u00f3n, con la selecci\u00f3n espa\u00f1ola de f\u00fatbol<\/p><\/div>\n<p><span style=\"color: #000080; font-size: medium;\">Hac\u00eda mucho tiempo que no les hablaba de f\u00fatbol a ustedes, mis queridos y desocupados lectores de HOY, en esta tribuna dominguera y coquetona que siempre pretende ser entretenida, diferente, sarc\u00e1stica, cr\u00edtica en ocasiones, pero casi siempre simp\u00e1tica y amable. Por ello recurro en muy pocas ocasiones al noble deporte del balompi\u00e9 como tema central, ya que no alcanza a despertar el inter\u00e9s de todos los lectores. Aunque es innegable reconocer que el f\u00fatbol, aunque s\u00f3lo sea un deporte y llev\u00e1ndome a m\u00ed mismo la contraria, es mucho m\u00e1s que un deporte, y ostenta alto grado de inter\u00e9s en todo el mundo. Siempre se dicen muchas tonter\u00edas, cuanto m\u00e1s sobre f\u00fatbol, y concretamente en los medios (no s\u00f3lo deportivos) de este pa\u00eds. Aun recuerdo, pues ya saben de mi prodigiosa memoria (para lo que me interesa claro) la primera vez que el f\u00fatbol llam\u00f3 mi atenci\u00f3n. En pleno Mundial Espa\u00f1a 82, a mis cuatro a\u00f1os reci\u00e9n cumplidos, a mi padre, <a title=\"Enrique Garc\u00eda Calder\u00f3n\" href=\"https:\/\/blogs.hoy.es\/loch-lomond\/2012\/04\/25\/enrique-garcia-calderon\/\" target=\"_blank\">Enrique Garc\u00eda Calder\u00f3n<\/a>, periodista de HOY, le enviaron a Sevilla para cubrir los partidos de la selecci\u00f3n brasile\u00f1a de f\u00fatbol. Casualmente, en los proleg\u00f3menos del Brasil \u2013 URRS, mientras enfocaban las cabinas de prensa del S\u00e1nchez Pijuan, mi padre sali\u00f3 de casualidad asom\u00e1ndose a nuestra reci\u00e9n estrenada televisi\u00f3n &#8220;Sanyo Silverline&#8221; popularmente conocida como la tele del mundial 82. Yo me puse como loco, y creo que me tragu\u00e9 todos los partidos que televisaron porque estaba convencido de que &#8220;mi pap\u00e1&#8221; se encontraba entre el p\u00fablico. <\/span><\/p>\n<p>&nbsp;<\/p>\n<div id=\"attachment_1056\" style=\"width: 310px\" class=\"wp-caption alignnone\"><a href=\"\/loch-lomond\/wp-content\/uploads\/sites\/10\/2012\/07\/sanyo-82.jpg\"><img aria-describedby=\"caption-attachment-1056\" loading=\"lazy\" class=\"size-medium wp-image-1056\" title=\"sanyo 82\" src=\"\/loch-lomond\/wp-content\/uploads\/sites\/10\/2012\/07\/sanyo-82.jpg\" alt=\"La famosa Sanyo de los mundiales del 82. La primera tele en mi vida y en mi recuerdo\" width=\"300\" height=\"225\" srcset=\"https:\/\/static-blogs.hoy.es\/wp-content\/uploads\/sites\/10\/2012\/07\/sanyo-82.jpg 640w, https:\/\/static-blogs.hoy.es\/wp-content\/uploads\/sites\/10\/2012\/07\/sanyo-82-300x225.jpg 300w\" sizes=\"(max-width: 300px) 100vw, 300px\" \/><\/a><p id=\"caption-attachment-1056\" class=\"wp-caption-text\">La famosa Sanyo de los mundiales del 82. La primera tele en mi vida y en mi recuerdo<\/p><\/div>\n<p>&nbsp;<\/p>\n<p><span style=\"color: #000080; font-size: medium;\">Apenas un a\u00f1o despu\u00e9s lleg\u00f3 el 12-1 de Malta (que a d\u00eda de hoy no me creo que fuera tal gesta) y aquella final de la Eurocopa del 84 (en la que estoy convencido que Arconada se dej\u00f3 meter el gol aposta). El f\u00fatbol me entreten\u00eda, me fascinaba, y aunque no me enteraba muy bien de todo, siempre disfrutaba presenciando partidos. Poco a poco el inter\u00e9s fue en aumento. Lleg\u00f3 La Liga espa\u00f1ola, el Real Madrid, Emilio Butrague\u00f1o, Estudio Estadio, S\u00faperGarc\u00eda en radio por las noches, el As, el Marca, los \u00e1lbumes de cromos&#8230; en definitiva, el f\u00fatbol en toda su esencia. Lamentablemente en los \u00faltimos a\u00f1os se ha pasado de informar y entretener con el f\u00fatbol a ofrecer dudosos espect\u00e1culos m\u00e1s parecidos a programas &#8220;basurillas&#8221; de coraz\u00f3n, que envenenan el noble deporte que tantas horas de diversi\u00f3n y felicidad me ha procurado. Se rellenan telediarios y peri\u00f3dicos con t\u00f3picos, estupideces y las primeras chorradas sin fundamento que le vienen a la cabeza al fiebre de turno.\u00a0 Programas como Punto Pelota en el dudoso canal de Intereconom\u00eda as\u00ed lo refrendan. En los deportes del telediario de Antena 3 (no soporto a Ainhoa Arbizu)\u00a0 nos tuvimos que tragar toda la semana pasada la cantinela de que hab\u00edamos (La selecci\u00f3n espa\u00f1ola) descansado dos d\u00edas menos que la selecci\u00f3n portuguesa, ahora sin embargo insisten con la tonter\u00eda de que Italia est\u00e1 en la final gracias a nosotros, ya que Espa\u00f1a derrot\u00f3 a Croacia en la primera fase. \u00a1Vaya mont\u00f3n de chorradas! Como a\u00f1oro los tiempos en los que era una delicia ver Estudio Estadio los domingos por la noche, con Mat\u00edas Prats, o leer un Marca, o el especial deportes de HOY un lunes tranquilamente en casa cuando llegabas del colegio. En aquellos tiempos se hablaba de cuestiones deportivas sin lugar a temas triviales que poco o nada aportan hoy a un partido en cuesti\u00f3n. Ni siquiera los locutores actuales guardan las buenas costumbres de los periodistas de anta\u00f1o, como el gran Jos\u00e9 \u00c1ngel de la Casa, a quien ni en sue\u00f1os se le hubiera ocurrido tontear con la Carbonero en mitad de un partido o se\u00f1alar la presencia de Shakira en las gradas. Muchos de mis amigos insisten en que el inolvidable locutor de TVE era un sieso, y se decantan por los que yo denomino como &#8220;locutores de radio&#8221;. Habr\u00eda que ense\u00f1arles a diferenciar los medios. Una imagen vale m\u00e1s que mil palabras, y los locutores tan apasionados como Carlos Mart\u00ednez de Canal Plus personalmente me ponen nervioso. No comprendo como se puede a\u00f1adir tanto \u00e9nfasis a un bal\u00f3n que desde que sale de las botas de un futbolista se adivina que ni de lejos va a colarse entre los tres palos. <\/span><\/p>\n<p>&nbsp;<\/p>\n<div id=\"attachment_1057\" style=\"width: 310px\" class=\"wp-caption alignnone\"><a href=\"\/loch-lomond\/wp-content\/uploads\/sites\/10\/2012\/07\/Juan-Carlos-Rivero.jpg\"><img aria-describedby=\"caption-attachment-1057\" loading=\"lazy\" class=\"size-medium wp-image-1057\" title=\"Juan Carlos Rivero\" src=\"\/loch-lomond\/wp-content\/uploads\/sites\/10\/2012\/07\/Juan-Carlos-Rivero.jpg\" alt=\"El gran Juan Carlos Rivero. Uno de los m\u00e1s grandes periodistas deportivos\" width=\"300\" height=\"167\" srcset=\"https:\/\/static-blogs.hoy.es\/wp-content\/uploads\/sites\/10\/2012\/07\/Juan-Carlos-Rivero.jpg 614w, https:\/\/static-blogs.hoy.es\/wp-content\/uploads\/sites\/10\/2012\/07\/Juan-Carlos-Rivero-300x168.jpg 300w\" sizes=\"(max-width: 300px) 100vw, 300px\" \/><\/a><p id=\"caption-attachment-1057\" class=\"wp-caption-text\">El gran Juan Carlos Rivero. Uno de los m\u00e1s grandes periodistas deportivos<\/p><\/div>\n<p>&nbsp;<\/p>\n<p><span style=\"color: #000080; font-size: medium;\">Quiz\u00e1s todo esto venga por la costumbre tan hortera aquella de bajar el sonido de la tele y encender la radio, por aquello de &#8220;darle m\u00e1s emoci\u00f3n&#8221; al asunto. Nunca comprend\u00ed qu\u00e9 emoci\u00f3n pod\u00eda comprender escuchar el anuncio del &#8220;Purito Reig&#8221; en un momento real de peligro para alg\u00fan equipo. Si por m\u00ed fuera, todos los partidos de f\u00fatbol los retransmitir\u00eda siempre el gran Juan Carlos Rivero, de la misma manera que tambi\u00e9n presentar\u00eda junto a su excelente equipo cualquier programa deportivo que se preciara. Aunque le sumar\u00eda la colaboraci\u00f3n del pacense Alexis\u00a0 Mart\u00edn Tamayo, m\u00e1s conocido como M\u00edster Chip, el gran crack de las estad\u00edsticas, para a\u00f1adir la an\u00e9cdota curiosa y amena a un programa deportivo de rigor. Hoy nos toca disfrutar una vez m\u00e1s. \u00a1Quien nos lo iba a decir! Tantos disgustos desde el 84 para acabarnos acostumbrando a ganar todo. Est\u00e1 claro que no es sino la fuerza de la costumbre quien te se\u00f1ala el camino hacia la victoria, o al menos quien te eleva hacia el Olimpo de los m\u00e1s grandes. Pase lo que pase esta noche es para sentirse orgullosos, aunque perdamos en el \u00faltimo minuto por un penalty injusto. <\/span><\/p>\n<p>&nbsp;<\/p>\n<div id=\"attachment_1058\" style=\"width: 310px\" class=\"wp-caption alignnone\"><a href=\"\/loch-lomond\/wp-content\/uploads\/sites\/10\/2012\/07\/Alexis-Mart\u00edn-Tamayo-M\u00edster-Chip.jpg\"><img aria-describedby=\"caption-attachment-1058\" loading=\"lazy\" class=\"size-medium wp-image-1058\" title=\"Alexis Mart\u00edn Tamayo M\u00edster Chip\" src=\"\/loch-lomond\/wp-content\/uploads\/sites\/10\/2012\/07\/Alexis-Mart\u00edn-Tamayo-M\u00edster-Chip.jpg\" alt=\"El pacense Alexis Mart\u00edn Tamayo, m\u00e1s conocido como M\u00edster Chip, el gran Crack de las estad\u00edsticas\" width=\"300\" height=\"166\" srcset=\"https:\/\/static-blogs.hoy.es\/wp-content\/uploads\/sites\/10\/2012\/07\/Alexis-Mart\u00edn-Tamayo-M\u00edster-Chip.jpg 540w, https:\/\/static-blogs.hoy.es\/wp-content\/uploads\/sites\/10\/2012\/07\/Alexis-Mart\u00edn-Tamayo-M\u00edster-Chip-300x167.jpg 300w\" sizes=\"(max-width: 300px) 100vw, 300px\" \/><\/a><p id=\"caption-attachment-1058\" class=\"wp-caption-text\">El pacense Alexis Mart\u00edn Tamayo, m\u00e1s conocido como M\u00edster Chip, el gran Crack de las estad\u00edsticas<\/p><\/div>\n<p>&nbsp;<\/p>\n<p><span style=\"color: #000080; font-size: medium;\">Espa\u00f1a ha cumplido con creces. Ya saben que soy del Real Madrid pero ser\u00eda bonito ver una camiseta de Puyol y de Villa esta noche en las celebraciones, los dos grandes ausentes de esta Eurocopa. Tambi\u00e9n por supuesto del malogrado Miki Roque o de los a\u00f1orados Jarque o Antonio Puerta. Sergio Ramos, a quien tantos han &#8220;descubierto&#8221; a la vejez viruelas como un buen lanzador de faltas y penaltys (\u00a1qu\u00e9 falta de cultura deportiva por Dios!) se encargar\u00e1 de homenajear a <a title=\"Ra\u00fal y el pen\u00faltimo tren\" href=\"https:\/\/blogs.hoy.es\/loch-lomond\/2012\/05\/20\/raul-y-el-penultimo-tren\/\" target=\"_blank\">Ra\u00fal<\/a> entreg\u00e1ndose al capote con los colores de nuestra bandera. Bandera que siempre, y a pesar de la insistencia de nuestra sufrida &#8220;se\u00f1o&#8221; del <a title=\"General Navarro\" href=\"https:\/\/blogs.hoy.es\/loch-lomond\/2010\/06\/20\/general-navarro\/\" target=\"_blank\">General Navarro<\/a>, do\u00f1a Loli M\u00e1rquez, ser\u00e1 siempre de tres colores: <a title=\"Espa\u00f1a a por el mundial\" href=\"https:\/\/blogs.hoy.es\/loch-lomond\/2010\/06\/15\/espana-por-mundial\/\" target=\"_blank\">Roja, amarilla y roja<\/a>. Y no s\u00f3lo de dos, como in\u00fatilmente trataba de hacernos entender a nuestras tiernas molleras. Hace dos semanas coloqu\u00e9 de la mejor manera una bandera de Espa\u00f1a en mi terraza. All\u00ed estar\u00e1 hasta que se caiga. Cuando acabe la Eurocopa llegar\u00e1n las <a title=\"Mortadelo y la Olimpiada\" href=\"https:\/\/blogs.hoy.es\/loch-lomond\/2012\/01\/12\/mortadelo-y-la-olimpiada\/\" target=\"_blank\">Olimpiadas<\/a>, el 12 de octubre o el pr\u00f3ximo mundial. Eso sin contar entre otros con Fernando Alonso, la selecci\u00f3n de baloncesto o <a title=\"Vamos Rafa\" href=\"https:\/\/blogs.hoy.es\/loch-lomond\/2010\/09\/19\/vamos-rafa\/\" target=\"_blank\">Rafa Nadal<\/a>. Lo dicho, nos hemos acostumbrado a ganar, y si no al menos, a estar ah\u00ed. Es lo que tiene la fuerza de la costumbre.<\/span><\/p>\n<p><span style=\"color: #000000;\"><em><span style=\"font-size: medium;\">Publicado en Diario HOY el 01\/07\/2012<\/span><\/em><\/span><\/p>\n<p><span style=\"color: #000000;\"><em><span style=\"font-size: medium;\"><a href=\"http:\/\/hoy.kioskoymas.com\/epaper\/showlink.aspx?bookmarkid=XX1G16KGFCN4&#038;preview=magnifier&#038;linkid=a32c5b90-4b58-49a4-bf65-1fbac453e7d0&#038;pdaffid=1NEHCXDv4QZRFanP7KJR9A%3d%3d\"><img src=\"\/\/cache2-thumb1.pressdisplay.com\/pressdisplay\/docserver\/getimage.aspx?file=22012012070100000000001001&#038;page=28&#038;scale=23\" alt=\"\" \/><\/a><\/span><\/em><\/span><\/p>\n<!-- AddThis Advanced Settings generic via filter on the_content --><!-- AddThis Share Buttons generic via filter on the_content -->","protected":false},"excerpt":{"rendered":"<p>&nbsp; Enrique Falc\u00f3. Telefutbolero Hac\u00eda mucho tiempo que no les hablaba de f\u00fatbol a ustedes, mis queridos y desocupados lectores de HOY, en esta tribuna dominguera y coquetona que siempre pretende ser entretenida, diferente, sarc\u00e1stica, cr\u00edtica en ocasiones, pero casi siempre simp\u00e1tica y amable. Por ello recurro en muy pocas ocasiones al noble deporte del [&hellip;]<!-- AddThis Advanced Settings generic via filter on get_the_excerpt --><!-- AddThis Share Buttons generic via filter on get_the_excerpt --><\/p>\n","protected":false},"author":14,"featured_media":0,"comment_status":"open","ping_status":"closed","sticky":false,"template":"","format":"standard","meta":[],"categories":[8],"tags":[23,162,195,284,304,332,360,456,814,1307,1439,1515,1529,1761,1806,1810,1879,1883,1908,1933,1948,1951,2066,2211,2263,2559,2742,2779,2876,3103,3110,3320,3379,3410,3411,3487,3505,3587,3781,4008,4011,4290,4293,4295,4327,4334,4355,4364,4506,4590,4624,4626,4627,4628,4636,4664,4674,4821,4909,5255],"_links":{"self":[{"href":"https:\/\/blogs.hoy.es\/loch-lomond\/wp-json\/wp\/v2\/posts\/1053"}],"collection":[{"href":"https:\/\/blogs.hoy.es\/loch-lomond\/wp-json\/wp\/v2\/posts"}],"about":[{"href":"https:\/\/blogs.hoy.es\/loch-lomond\/wp-json\/wp\/v2\/types\/post"}],"author":[{"embeddable":true,"href":"https:\/\/blogs.hoy.es\/loch-lomond\/wp-json\/wp\/v2\/users\/14"}],"replies":[{"embeddable":true,"href":"https:\/\/blogs.hoy.es\/loch-lomond\/wp-json\/wp\/v2\/comments?post=1053"}],"version-history":[{"count":0,"href":"https:\/\/blogs.hoy.es\/loch-lomond\/wp-json\/wp\/v2\/posts\/1053\/revisions"}],"wp:attachment":[{"href":"https:\/\/blogs.hoy.es\/loch-lomond\/wp-json\/wp\/v2\/media?parent=1053"}],"wp:term":[{"taxonomy":"category","embeddable":true,"href":"https:\/\/blogs.hoy.es\/loch-lomond\/wp-json\/wp\/v2\/categories?post=1053"},{"taxonomy":"post_tag","embeddable":true,"href":"https:\/\/blogs.hoy.es\/loch-lomond\/wp-json\/wp\/v2\/tags?post=1053"}],"curies":[{"name":"wp","href":"https:\/\/api.w.org\/{rel}","templated":true}]}}