{"id":106,"date":"2010-09-09T01:12:00","date_gmt":"2010-09-09T01:12:00","guid":{"rendered":"http:\/\/blogs.hoy.es\/loch-lomond\/?p=105"},"modified":"2010-09-09T01:12:00","modified_gmt":"2010-09-09T01:12:00","slug":"dia-fiesta-por-narices","status":"publish","type":"post","link":"https:\/\/blogs.hoy.es\/loch-lomond\/2010\/09\/09\/dia-fiesta-por-narices\/","title":{"rendered":"D\u00cdA DE FIESTA&#8230;POR LAS NARICES"},"content":{"rendered":"<p><img id=img_0 src=\"\/\/dalje.com\/slike\/slike_3\/r1\/g2008\/m10\/y183739410346157.jpg\"\/><\/p>\n<p class=MsoNormal style=\"MARGIN: 0cm 0cm 0pt; TEXT-ALIGN: justify\"><span style=\"FONT-SIZE: 10pt; COLOR: #003366; FONT-FAMILY: Verdana\">\u00a1Menudo d\u00eda de fiesta ayer! Para empezar tuve que trabajar, lo que ya es negativo comienzo como para disfrutar un d\u00eda de fiesta. A primera hora de la tarde tras ver como se nos escapaba el mundial de baloncesto llegu\u00e9 a la conclusi\u00f3n de que igual nadie es imprescindible en la vida, pero Pau Gasol s\u00ed que lo es en la selecci\u00f3n espa\u00f1ola de baloncesto. Se ha hecho lo que se ha podido, que ya es mucho, y personalmente creo que se hubiera podido ganar hoy, con un pel\u00edn m\u00e1s de acierto, pero como digo siempre, quien hace lo que puede no est\u00e1 obligado a hacer m\u00e1s, y la selecci\u00f3n de baloncesto ya lo ha ganado todo. Nos ha regalado muchas alegr\u00edas inimaginables en los \u00faltimos a\u00f1os, por lo que s\u00f3lo podemos felicitar a nuestros jugadores de coraz\u00f3n, y desear que Gasol y Calder\u00f3n puedan participar en los Juegos Ol\u00edmpicos. Si las lesiones a uno, y los Lakers a otro se lo permiten, creo que una \u00faltima medalla en los Juegos ser\u00eda un colof\u00f3n formidable para acabar un ciclo irrepetible de una generaci\u00f3n de jugadores de baloncesto que seguir\u00e1 viva en nuestras retinas de por vida.<\/span><\/p>\n<p><span style=\"FONT-SIZE: 10pt; COLOR: #003366; FONT-FAMILY: Verdana\"><font color=#000000><\/font><\/span><\/p>\n<p><span style=\"FONT-SIZE: 10pt; COLOR: #003366; FONT-FAMILY: Verdana\"><font color=#000000><\/font><\/span><\/p>\n<p><span style=\"FONT-SIZE: 10pt; COLOR: #003366; FONT-FAMILY: Verdana\"><font color=#000000><\/font><\/span><\/p>\n<p><span style=\"FONT-SIZE: 10pt; COLOR: #003366; FONT-FAMILY: Verdana\"><font color=#000000><\/font><\/span><\/p>\n<p><span style=\"FONT-SIZE: 10pt; COLOR: #003366; FONT-FAMILY: Verdana\"><font color=#000000><\/font><\/span><\/p>\n<p><span style=\"FONT-SIZE: 10pt; COLOR: #003366; FONT-FAMILY: Verdana\"><font color=#000000><\/font><\/span><\/p>\n<p><span style=\"FONT-SIZE: 10pt; COLOR: #003366; FONT-FAMILY: Verdana\"><font color=#000000><\/font><\/span><\/p>\n<p class=MsoNormal style=\"MARGIN: 0cm 0cm 0pt; TEXT-ALIGN: justify\">\n<p class=MsoNormal style=\"MARGIN: 0cm 0cm 0pt; TEXT-ALIGN: justify\"><span style=\"FONT-SIZE: 10pt; COLOR: #003366; FONT-FAMILY: Verdana\"><\/span><\/p>\n<p class=MsoNormal style=\"MARGIN: 0cm 0cm 0pt; TEXT-ALIGN: justify\"><span style=\"FONT-SIZE: 10pt; COLOR: #003366; FONT-FAMILY: Verdana\"><\/span><\/p>\n<p class=MsoNormal style=\"MARGIN: 0cm 0cm 0pt; TEXT-ALIGN: justify\"><span style=\"FONT-SIZE: 10pt; COLOR: #003366; FONT-FAMILY: Verdana\"><\/span><\/p>\n<p class=MsoNormal style=\"MARGIN: 0cm 0cm 0pt; TEXT-ALIGN: justify\"><span style=\"FONT-SIZE: 10pt; COLOR: #003366; FONT-FAMILY: Verdana\"><\/span><\/p>\n<p class=MsoNormal style=\"MARGIN: 0cm 0cm 0pt; TEXT-ALIGN: justify\"><span style=\"FONT-SIZE: 10pt; COLOR: #003366; FONT-FAMILY: Verdana\"><\/span><\/p>\n<p class=MsoNormal style=\"MARGIN: 0cm 0cm 0pt; TEXT-ALIGN: justify\"><span style=\"FONT-SIZE: 10pt; COLOR: #003366; FONT-FAMILY: Verdana\"><\/span><\/p>\n<p class=MsoNormal style=\"MARGIN: 0cm 0cm 0pt; TEXT-ALIGN: justify\"><span style=\"FONT-SIZE: 10pt; COLOR: #003366; FONT-FAMILY: Verdana\"><\/span><\/p>\n<p class=MsoNormal style=\"MARGIN: 0cm 0cm 0pt; TEXT-ALIGN: justify\"><span style=\"FONT-SIZE: 10pt; COLOR: #003366; FONT-FAMILY: Verdana\"><\/span><\/p>\n<p class=MsoNormal style=\"MARGIN: 0cm 0cm 0pt; TEXT-ALIGN: justify\"><span style=\"FONT-SIZE: 10pt; COLOR: #003366; FONT-FAMILY: Verdana\"><img id=img_1 src=\"\/\/estaticos01.marca.com\/imagenes\/2010\/09\/08\/baloncesto\/mundial\/1283965400_0.jpg\"\/><\/span><\/p>\n<p><span style=\"FONT-SIZE: 10pt; COLOR: #003366; FONT-FAMILY: Verdana\"><\/span><\/p>\n<p><span style=\"FONT-SIZE: 10pt; COLOR: #003366; FONT-FAMILY: Verdana\"><\/span><\/p>\n<p><span style=\"FONT-SIZE: 10pt; COLOR: #003366; FONT-FAMILY: Verdana\"><\/span><\/p>\n<p><span style=\"FONT-SIZE: 10pt; COLOR: #003366; FONT-FAMILY: Verdana\">< ?xml:namespace prefix = o ns = \"urn:schemas-microsoft-com:office:office\" \/><o:p><\/o:p><\/span><\/p>\n<p class=MsoNormal style=\"MARGIN: 0cm 0cm 0pt; TEXT-ALIGN: justify\">\n<p><span style=\"FONT-SIZE: 10pt; COLOR: #003366; FONT-FAMILY: Verdana\"><o:p><\/o:p><\/span><\/p>\n<p class=MsoNormal style=\"MARGIN: 0cm 0cm 0pt; TEXT-ALIGN: justify\">\n<p class=MsoNormal style=\"MARGIN: 0cm 0cm 0pt; TEXT-ALIGN: justify\">\n<p class=MsoNormal style=\"MARGIN: 0cm 0cm 0pt; TEXT-ALIGN: justify\">\n<p class=MsoNormal style=\"MARGIN: 0cm 0cm 0pt; TEXT-ALIGN: justify\">\n<p class=MsoNormal style=\"MARGIN: 0cm 0cm 0pt; TEXT-ALIGN: justify\">\n<p class=MsoNormal style=\"MARGIN: 0cm 0cm 0pt; TEXT-ALIGN: justify\"><span style=\"FONT-SIZE: 10pt; COLOR: #003366; FONT-FAMILY: Verdana\">Y hablando de selecci\u00f3n, la de f\u00fatbol empez\u00f3 calentando el ambiente el d\u00eda antes, dej\u00e1ndose vapulear por los argentinos, que ahora sacan mucho pecho y dicen aquello de \u201ccampe\u00f3n del mundo \u00bfde que?\u201d Pues de f\u00fatbol querido argentinos, nada menos. Supongo yo que dentro de muchos a\u00f1os nadie se acordar\u00e1 que Argentina le gan\u00f3 un partido amistoso a Espa\u00f1a, ahora bien, que la selecci\u00f3n espa\u00f1ola de f\u00fatbol se llev\u00f3 el mundial a la saca s\u00ed que ser\u00e1 recordado y quedar\u00e1 para la historia. Pero volviendo al tema. De acuerdo que era un partido amistoso, pero el menda opina que ante esta clase de equipos tan grande no debe de haber partidos amistosos. Ya habr\u00e1 otros de menos importancia para dar minutos a los menos habituales o para ir de turismo.<\/span><\/p>\n<p><span style=\"FONT-SIZE: 10pt; COLOR: #003366; FONT-FAMILY: Verdana\"><\/span><\/p>\n<p><span style=\"FONT-SIZE: 10pt; COLOR: #003366; FONT-FAMILY: Verdana\"><\/span><\/p>\n<p><span style=\"FONT-SIZE: 10pt; COLOR: #003366; FONT-FAMILY: Verdana\"><\/span><\/p>\n<p><span style=\"FONT-SIZE: 10pt; COLOR: #003366; FONT-FAMILY: Verdana\"><\/span><\/p>\n<p><span style=\"FONT-SIZE: 10pt; COLOR: #003366; FONT-FAMILY: Verdana\"><\/span><\/p>\n<p class=MsoNormal style=\"MARGIN: 0cm 0cm 0pt; TEXT-ALIGN: justify\">\n<p class=MsoNormal style=\"MARGIN: 0cm 0cm 0pt; TEXT-ALIGN: justify\">\n<p class=MsoNormal style=\"MARGIN: 0cm 0cm 0pt; TEXT-ALIGN: justify\">\n<p><span style=\"FONT-SIZE: 10pt; COLOR: #003366; FONT-FAMILY: Verdana\"><o:p><img id=img_2 src=\"\/\/www.hoy.es\/prensa\/noticias\/201009\/09\/fotos\/2387567.jpg\"\/> <em><strong><span style=\"FONT-SIZE: 10pt; COLOR: #003366; FONT-FAMILY: Verdana\"><o:p><em>Foto:<font color=#ff0000><small><span style=\"FONT-SIZE: 10pt; COLOR: #003366; FONT-FAMILY: Verdana\"><o:p><font color=#ff0000><small><font color=#ff0000><small><span style=\"FONT-SIZE: 10pt; COLOR: #003366; FONT-FAMILY: Verdana\"><o:p><font color=#ff0000><small><font color=#ff0000><small><span style=\"FONT-SIZE: 10pt; COLOR: #003366; FONT-FAMILY: Verdana\"><o:p><font color=#ff0000><small><font color=#ff0000><small><span style=\"FONT-SIZE: 10pt; COLOR: #003366; FONT-FAMILY: Verdana\"><o:p><font color=#ff0000>Casimiro Moreno<small><\/small><small><\/small><\/font><\/o:p><\/span><\/small><\/font><\/small><\/font><\/o:p><\/span><\/small><\/font><\/small><\/font><\/o:p><\/span><\/small><\/font><\/small><\/font><\/o:p><\/span><br \/>\n<\/small><\/font><\/em><\/o:p><\/span><\/p>\n<p><\/strong><\/em><\/o:p><\/span><\/p>\n<p class=MsoNormal style=\"MARGIN: 0cm 0cm 0pt; TEXT-ALIGN: justify\">\n<p class=MsoNormal style=\"MARGIN: 0cm 0cm 0pt; TEXT-ALIGN: justify\">\n<p class=MsoNormal style=\"MARGIN: 0cm 0cm 0pt; TEXT-ALIGN: justify\">\n<p class=MsoNormal style=\"MARGIN: 0cm 0cm 0pt; TEXT-ALIGN: justify\">\n<p class=MsoNormal style=\"MARGIN: 0cm 0cm 0pt; TEXT-ALIGN: justify\">\n<p class=MsoNormal style=\"MARGIN: 0cm 0cm 0pt; TEXT-ALIGN: justify\"><span style=\"FONT-SIZE: 10pt; COLOR: #003366; FONT-FAMILY: Verdana\"><o:p><\/o:p><\/span><\/p>\n<p class=MsoNormal style=\"MARGIN: 0cm 0cm 0pt; TEXT-ALIGN: justify\"><span style=\"FONT-SIZE: 10pt; COLOR: #003366; FONT-FAMILY: Verdana\">\u00bfY nuestro C.D. Badajoz? Lamentablemente se acab\u00f3 el sue\u00f1o. Dos penaltys en contra, dos goles, doble mazazo. Yo ya nos ve\u00eda jugando contra el Real Madrid y repitiendo la gesta del Alcorc\u00f3n. Lamentablemente hoy no era el d\u00eda indicado para los sue\u00f1os inalcanzables y no lo recordar\u00e9 como mi mejor d\u00eda de Extremadura. Es m\u00e1s, como tuve que trabajar ni siquiera lo recordar\u00e9 como un d\u00eda de fiesta. Espero que el mal humor y la desgana no me acompa\u00f1en durante muchas horas. Menos que ma\u00f1ana es viernes y ya saben que los viernes estoy de buen humor. Pero ayer\u2026Menudo d\u00eda de fiesta. \u00bfFiesta? Por las narices.<o:p><\/o:p><\/span><\/p>\n<p class=MsoNormal style=\"MARGIN: 0cm 0cm 0pt\"><span style=\"FONT-SIZE: 10pt; COLOR: #003366; FONT-FAMILY: Verdana\"><o:p><\/o:p><\/span><\/p>\n<!-- AddThis Advanced Settings generic via filter on the_content --><!-- AddThis Share Buttons generic via filter on the_content -->","protected":false},"excerpt":{"rendered":"<p>\u00a1Menudo d\u00eda de fiesta ayer! Para empezar tuve que trabajar, lo que ya es negativo comienzo como para disfrutar un d\u00eda de fiesta. A primera hora de la tarde tras ver como se nos escapaba el mundial de baloncesto llegu\u00e9 a la conclusi\u00f3n de que igual nadie es imprescindible en la vida, pero Pau Gasol [&hellip;]<!-- AddThis Advanced Settings generic via filter on get_the_excerpt --><!-- AddThis Share Buttons generic via filter on get_the_excerpt --><\/p>\n","protected":false},"author":14,"featured_media":0,"comment_status":"open","ping_status":"closed","sticky":false,"template":"","format":"standard","meta":[],"categories":[7],"tags":[455,707,2094,2211,2245,3585,3630,4623,4802,5058],"_links":{"self":[{"href":"https:\/\/blogs.hoy.es\/loch-lomond\/wp-json\/wp\/v2\/posts\/106"}],"collection":[{"href":"https:\/\/blogs.hoy.es\/loch-lomond\/wp-json\/wp\/v2\/posts"}],"about":[{"href":"https:\/\/blogs.hoy.es\/loch-lomond\/wp-json\/wp\/v2\/types\/post"}],"author":[{"embeddable":true,"href":"https:\/\/blogs.hoy.es\/loch-lomond\/wp-json\/wp\/v2\/users\/14"}],"replies":[{"embeddable":true,"href":"https:\/\/blogs.hoy.es\/loch-lomond\/wp-json\/wp\/v2\/comments?post=106"}],"version-history":[{"count":0,"href":"https:\/\/blogs.hoy.es\/loch-lomond\/wp-json\/wp\/v2\/posts\/106\/revisions"}],"wp:attachment":[{"href":"https:\/\/blogs.hoy.es\/loch-lomond\/wp-json\/wp\/v2\/media?parent=106"}],"wp:term":[{"taxonomy":"category","embeddable":true,"href":"https:\/\/blogs.hoy.es\/loch-lomond\/wp-json\/wp\/v2\/categories?post=106"},{"taxonomy":"post_tag","embeddable":true,"href":"https:\/\/blogs.hoy.es\/loch-lomond\/wp-json\/wp\/v2\/tags?post=106"}],"curies":[{"name":"wp","href":"https:\/\/api.w.org\/{rel}","templated":true}]}}