{"id":1067,"date":"2012-07-11T03:09:07","date_gmt":"2012-07-11T02:09:07","guid":{"rendered":"http:\/\/blogs.hoy.es\/loch-lomond\/?p=1067"},"modified":"2012-07-11T03:09:07","modified_gmt":"2012-07-11T02:09:07","slug":"aromas-de-fin-de-curso","status":"publish","type":"post","link":"https:\/\/blogs.hoy.es\/loch-lomond\/2012\/07\/11\/aromas-de-fin-de-curso\/","title":{"rendered":"Aromas de fin de curso"},"content":{"rendered":"<p><em><span style=\"font-size: small;\">Art\u00edculo publicado en la Revista Oficial del EXCMO. Ayuntamiento de Badajoz. Feria de San Juan 2012<\/span><\/em><\/p>\n<p>&nbsp;<\/p>\n<a href=\"\/loch-lomond\/wp-content\/uploads\/sites\/10\/2012\/07\/Feria-2011-PAKOP\u00cd.jpg\"><img loading=\"lazy\" class=\"size-medium wp-image-1068\" title=\"Feria 2011 PAKOP\u00cd\" src=\"\/loch-lomond\/wp-content\/uploads\/sites\/10\/2012\/07\/Feria-2011-PAKOP\u00cd.jpg\" alt=\"\"Siempre quedar\u00e1 dentro de nuestro coraz\u00f3n esa sensaci\u00f3n de libertad y felicidad. Ese aroma inolvidable de fin de curso...\" Foto: PAKOP\u00cd\" width=\"300\" height=\"199\" srcset=\"https:\/\/static-blogs.hoy.es\/wp-content\/uploads\/sites\/10\/2012\/07\/Feria-2011-PAKOP\u00cd.jpg 858w, https:\/\/static-blogs.hoy.es\/wp-content\/uploads\/sites\/10\/2012\/07\/Feria-2011-PAKOP\u00cd-300x199.jpg 300w, https:\/\/static-blogs.hoy.es\/wp-content\/uploads\/sites\/10\/2012\/07\/Feria-2011-PAKOP\u00cd-768x510.jpg 768w\" sizes=\"(max-width: 300px) 100vw, 300px\" \/><\/a>\n<p>&nbsp;<\/p>\n<p><span style=\"color: #000080; font-size: medium;\">La de San Juan es sin lugar a dudas, la feria m\u00e1s grande e importante de Extremadura. Y no solo porque acoja a miles de ciudadanos, tanto extreme\u00f1os como del resto de Espa\u00f1a, y a un importante n\u00famero de vecinos portugueses. San Juan es importante por lo que significa para los ciudadanos de Badajoz. Como pacense, cuando pienso en La Feria de San Juan, o escribo y converso sobre ella, lo primero que viene a mi cabeza son buenos recuerdos, de diversa \u00edndole, pero siempre gratos y reconfortantes. San Juan, inevitablemente, huele a fin de curso en mi cabeza, a libertad y felicidad, a colof\u00f3n de las odiadas clases y a bienvenida del maravilloso verano, que se presentaba ante ti como el m\u00e1s largo y pr\u00f3spero de tu vida, ya que aun no hab\u00edas consumido ni uno solo de sus interminables d\u00edas. Algo parecido a contemplar en tus manos el m\u00e1s dulce de los helados al que aun no has pegado el primer mordisco. Sinceramente, y sin deseo de restar a nuestros vecinos emeritenses o de Zafra valor alguno a sus Ferias, no creo que si la Feria de Badajoz se celebrara en Septiembre tuviera para con los pacenses las connotaciones de alegr\u00eda, optimismo, buen humor, cachondeo y buen rollo que irradia la de San Juan por los cuatro costados.<\/span><\/p>\n<p align=\"JUSTIFY\"><span style=\"color: #000080; font-size: medium;\">Hablar de la Feria de San Juan, necesariamente significa referirse al recinto ferial, al viejo y al nuevo, con la pol\u00e9mica de fondo relativo a lo bueno y a lo malo del importante cambio que se produjo a finales de los 90 cuando se traslad\u00f3 de Valdepasillas al actual recinto de Caya. Indudablemente el vetusto recinto hab\u00eda quedado peque\u00f1o, y el traslado al enorme espacio supuso un paso natural, que ha otorgado a la Feria de San Juan una mayor proyecci\u00f3n, pues tan importante paso supuso la posibilidad de aumentar las cifras de visitantes, as\u00ed como del n\u00famero de casetas y atracciones participantes. Pero cierto es que tambi\u00e9n tambi\u00e9n se materializ\u00f3 el fin del encanto para una generaci\u00f3n, la de los que ahora rondamos la treintena. Aquella generaci\u00f3n que a\u00fan recuerda el gustazo que supon\u00eda acercarse a las 16 a\u00f1os dando un paseo al viejo ferial, sin necesidad de que te llevaran en coche, o de depender de un autob\u00fas o un taxi. Los botellones se hac\u00edan en los aleda\u00f1os, en &#8220;La piedra&#8221; como los llam\u00e1bamos al principio, y en Mapfre como empez\u00f3 a denominarse poco despu\u00e9s. Y era divertido recorrer aquella suerte de jaur\u00edas de botellones dispersos, junto a los amigos, y encontrar a esta y aquella pandilla de la ciudad, y charlar un rato con\u00a0 amiguetes de otros centros o de otros grupos de conocidos. Una vez inmersos en la magia de la Feria, todo estaba mucho m\u00e1s localizado y se sent\u00eda m\u00e1s cercano. Recuerdo, a\u00fan con risas, lo celebrada que fue la an\u00e9cdota de los churros, cuando me enfrent\u00e9 por primera vez a la no siempre f\u00e1cil tarea de plasmar en papel mis primeros recuerdos de la Feria de San Juan. Qued\u00f3 inmortalizada en el Diario HOY, el 27 de Junio de 2010, y para siempre en mi primer libro <a title=\"Alimento espiritual\" href=\"https:\/\/blogs.hoy.es\/loch-lomond\/2012\/04\/19\/alimento-espiritual\/\" target=\"_blank\">&#8220;Don de Loch Lomond&#8221;<\/a>. Perm\u00edtanme que la recuerde muy brevemente para los lectores que aun no la conozcan:<\/span><\/p>\n<div id=\"attachment_1069\" style=\"width: 298px\" class=\"wp-caption alignnone\"><a href=\"\/loch-lomond\/wp-content\/uploads\/sites\/10\/2012\/07\/Don-de-Loch-Lomond-de-Enrique-Falc\u00f3.jpg\"><img aria-describedby=\"caption-attachment-1069\" loading=\"lazy\" class=\"size-full wp-image-1069\" title=\"Don de Loch Lomond de Enrique Falc\u00f3\" src=\"\/loch-lomond\/wp-content\/uploads\/sites\/10\/2012\/07\/Don-de-Loch-Lomond-de-Enrique-Falc\u00f3.jpg\" alt=\"Don de Loch Lomond de Enrique Falc\u00f3. Un libro que no deben perderse\" width=\"288\" height=\"432\" srcset=\"https:\/\/static-blogs.hoy.es\/wp-content\/uploads\/sites\/10\/2012\/07\/Don-de-Loch-Lomond-de-Enrique-Falc\u00f3.jpg 288w, https:\/\/static-blogs.hoy.es\/wp-content\/uploads\/sites\/10\/2012\/07\/Don-de-Loch-Lomond-de-Enrique-Falc\u00f3-200x300.jpg 200w\" sizes=\"(max-width: 288px) 100vw, 288px\" \/><\/a><p id=\"caption-attachment-1069\" class=\"wp-caption-text\">Don de Loch Lomond de Enrique Falc\u00f3. Un libro que no deben perderse<\/p><\/div>\n<p align=\"JUSTIFY\"><span style=\"color: #ff0000;\"><em><span style=\"font-size: medium;\">&#8220;Tendr\u00edamos unos 16 a\u00f1os, y en aquella edad no com\u00edamos, sencillamente devor\u00e1bamos. Si nos pon\u00edan un buey por delante, le ech\u00e1bamos un poco de &#8220;k\u00e9tchup&#8221; y nos lo jal\u00e1bamos preguntando qu\u00e9 habr\u00eda de postre. Una m\u00e1gica noche de San Juan, tras haberlo gozado de lo lindo y volver dando un paseo mientras cont\u00e1bamos batallitas, paramos en una churrer\u00eda de Valdepasillas que acababa de abrir hac\u00eda pocos minutos. Hab\u00eda una peque\u00f1a cola en donde nos dispusimos mis amigos y yo. \u00c9ramos cuatro, y ten\u00edamos claro que de beber \u00edbamos a pedir cuatro chocolates. &#8220;\u00bfCu\u00e1ntos churros vas a querer tu Enrique?&#8221; &#8211; me pregunt\u00f3 mi amigo Javi (\u00edntimo m\u00edo y de la gula, como quien suscribe) &#8220;No s\u00e9, contest\u00e9 yo\u2026 \u00bfunos diez?&#8221; &#8211; a todos les pareci\u00f3 bien\u00a0 &#8220;Yo tambi\u00e9n diez\u2026o doce&#8221; contest\u00f3 aquel. El caso es que cuando nos toc\u00f3 el turno, el churrero nos pregunt\u00f3 &#8220;\u00bfQu\u00e9 quer\u00e9is?&#8221; Yo contest\u00e9 con toda la buena educaci\u00f3n del mundo &#8220;p\u00f3nganos, si es tan amable, cuatro chocolates y sesenta churros&#8221; (nuestro voraz apetito nos recomend\u00f3 pedir alguno m\u00e1s de la cuenta por aquello de que es mejor que sobre que no que falte) &#8220;\u00bfSesenta churros?&#8221; exclamaron el churrero y toda la cola al un\u00edsono. &#8220;Si&#8221; contest\u00f3 mi amigo Javi con toda naturalidad y fingiendo algo de desgana &#8220;es que no estamos muy churreros hoy&#8221;. Y es cierto, no lo est\u00e1bamos&#8230; \u00a1Sobraron dos!&#8221;<\/span><\/em><\/span><\/p>\n<p align=\"JUSTIFY\"><span style=\"color: #000080; font-size: medium;\">Esta simp\u00e1tica an\u00e9cdota (les aseguro que es ver\u00eddica) jam\u00e1s volvi\u00f3 a producirse desde el traslado al nuevo recinto de Caya. La considerable distancia, unido a la ingesta de alcohol y al peligro de caminar de noche, no aconsejan aquello tan nuestro de anta\u00f1o de volver dando un paseo, bromeando y charlando. Podemos afirmar sin ninguna duda que quiz\u00e1s La\u00a0 Feria de San Juan, tal y como la entend\u00edamos, dej\u00f3 de convertirse en algo muy nuestro que se abr\u00eda a una concepci\u00f3n de la Feria mucho mayor de lo que la sent\u00edamos y que se nos escapaba. Nunca olvidar\u00e9 la primera vez que acud\u00ed junto a mi novia y mis amigos a conocer &#8220;la nueva feria&#8221;. Aunque quiz\u00e1s, denominarla como primera vez no sea el t\u00e9rmino m\u00e1s acertado&#8230; ya que no fuimos. Tras la compra del botell\u00f3n y el resto de toda la parafernalia, nos situamos en una de las paradas de autob\u00fas que el Ayuntamiento hab\u00eda dispuesto (No s\u00e9 si fue exactamente en la Avenida de Europa o Fernando Calzadilla) el caso es que nada m\u00e1s llegar a la parada comenzaron a pasar autobuses que se dirig\u00edan a la Feria. Escribo &#8220;pasaban&#8221; porque no paraba ni uno. Estaban todos completamente hasta las trancas, y era desesperante observar como pasaban de largo sin ni siquiera detenerse para decirnos &#8220;ah\u00ed os qued\u00e1is&#8221;. La espera comenz\u00f3 a resultar aburrida, hasta que a alguien se le ocurri\u00f3 abrir la primera botella de ron. Cuando quisimos darnos cuenta eran las cinco de la ma\u00f1ana, como en la canci\u00f3n del inigualable Juan Luis Guerra. Ya ni siquiera mir\u00e1bamos si ven\u00edan autobuses, cuales n\u00e1ufragos en desiertas islas que han abandonado ya toda esperanza a ser rescatados. El caso es que lo pasamos muy bien, pero nuestro objetivo de conocer el nuevo recinto result\u00f3 esquivo.<\/span><\/p>\n<p align=\"JUSTIFY\">\u00a0<a href=\"\/loch-lomond\/wp-content\/uploads\/sites\/10\/2012\/07\/feria-san-juan-2012.jpg\"><img loading=\"lazy\" class=\"alignnone size-medium wp-image-1070\" title=\"feria-san-juan-2012\" src=\"\/loch-lomond\/wp-content\/uploads\/sites\/10\/2012\/07\/feria-san-juan-2012.jpg\" alt=\"\" width=\"229\" height=\"300\" srcset=\"https:\/\/static-blogs.hoy.es\/wp-content\/uploads\/sites\/10\/2012\/07\/feria-san-juan-2012.jpg 383w, https:\/\/static-blogs.hoy.es\/wp-content\/uploads\/sites\/10\/2012\/07\/feria-san-juan-2012-230x300.jpg 230w\" sizes=\"(max-width: 229px) 100vw, 229px\" \/><\/a><\/p>\n<p align=\"JUSTIFY\"><span style=\"color: #000080; font-size: medium;\">El segundo intento tambi\u00e9n fue digno de aparecer en estas lineas. Visto que el d\u00eda anterior no nos pod\u00edamos fiar de los autobuses, movilizamos a todos nuestros amigos que dispon\u00edan de auto y carnet de conducir, que eran bastante escasos, y tras organizarnos como pudimos y cargados con el botell\u00f3n pusimos rumbo al nuevo ferial&#8230; y acabamos la mayor\u00eda de los ocupantes de los veh\u00edculos haciendo de nuevo botell\u00f3n, tras uno de los atascos m\u00e1s importantes en los que me he visto envuelto. Finalmente, tras los comprensibles problemas de organizaci\u00f3n, conocimos por primera vez la nueva Feria, que nos dej\u00f3 aquel sabor agridulce ante la ilusi\u00f3n de lo m\u00e1s nuevo y el recuerdo de los momentos dejados atr\u00e1s.<\/span><\/p>\n<p align=\"JUSTIFY\"><span style=\"color: #000080; font-size: medium;\">Con los a\u00f1os, evidentemente, dej\u00f3 de interesarme el botell\u00f3n, y son ahora los m\u00e1s j\u00f3venes quienes le dan vida y forma, como nosotros cuando \u00e9ramos adolescentes. Ciertamente acudo con muy poca frecuencia al ferial, pero siempre es agradable pasarse alg\u00fan d\u00eda por all\u00ed y dar una vuelta para tomarme mi Cari\u00f1ena con barquillos escuchando de fondo la inolvidable locuci\u00f3n de los hermanos Pern\u00eda. Es cierto que la magia ya no es la misma, pero despu\u00e9s de todo, el recinto ferial, as\u00ed como los cacharritos o las casetas no son solo sino una pieza m\u00e1s del engranaje de la festividad, que tambi\u00e9n se celebra en las calles de la ciudad, y no solo en el Casco Antiguo, con la denominada Feria de D\u00eda, sino en todos los barrios.<\/span><\/p>\n<p align=\"JUSTIFY\">\u00a0<a href=\"\/loch-lomond\/wp-content\/uploads\/sites\/10\/2012\/07\/Feria-de-San-Juan-Badajoz-2012.jpg\"><img loading=\"lazy\" class=\"alignnone size-medium wp-image-1071\" title=\"Feria de San Juan Badajoz 2012\" src=\"\/loch-lomond\/wp-content\/uploads\/sites\/10\/2012\/07\/Feria-de-San-Juan-Badajoz-2012.jpg\" alt=\"\" width=\"300\" height=\"225\" srcset=\"https:\/\/static-blogs.hoy.es\/wp-content\/uploads\/sites\/10\/2012\/07\/Feria-de-San-Juan-Badajoz-2012.jpg 720w, https:\/\/static-blogs.hoy.es\/wp-content\/uploads\/sites\/10\/2012\/07\/Feria-de-San-Juan-Badajoz-2012-300x225.jpg 300w\" sizes=\"(max-width: 300px) 100vw, 300px\" \/><\/a><\/p>\n<p><span style=\"color: #000080; font-size: medium;\">Como pacenses que somos es importante que participemos en nuestras fiestas de una u otra manera, y que cada uno la sienta como suya. Personalmente aun no tengo hijos a los que llevar a montarse en los cacharritos, pero me gusta aprovechar la excusa de la Feria para reunirme con amigos y seres queridos y beber y comer un poco m\u00e1s de la cuenta, y disfrutar del\u00a0 buen ambiente que se respira en Badajoz. Porque ya lo saben. En la Feria de San Juan siempre estoy feliz y de buen humor, sean cuales sean los problemas. Y seguramente la mayor\u00eda de ustedes tambi\u00e9n. Porque aunque no seamos estudiantes, ni sintamos ya el cosquilleo en el est\u00f3mago al pensar en las chicas que nos aguardan en la m\u00e1gica noche de San Juan, ligeras de ropa y con pantal\u00f3n ajustado, o en los furtivos besos al amanecer, y tantos momentos especiales vividos sobre el polvo del ferial, siempre quedar\u00e1 dentro de nuestro coraz\u00f3n esa sensaci\u00f3n de libertad y felicidad. Ese aroma inolvidable de fin de curso que nos acompa\u00f1ar\u00e1 para siempre en la Feria de San Juan.<\/span><\/p>\n<!-- AddThis Advanced Settings generic via filter on the_content --><!-- AddThis Share Buttons generic via filter on the_content -->","protected":false},"excerpt":{"rendered":"<p>Art\u00edculo publicado en la Revista Oficial del EXCMO. Ayuntamiento de Badajoz. Feria de San Juan 2012 &nbsp; &nbsp; La de San Juan es sin lugar a dudas, la feria m\u00e1s grande e importante de Extremadura. Y no solo porque acoja a miles de ciudadanos, tanto extreme\u00f1os como del resto de Espa\u00f1a, y a un importante [&hellip;]<!-- AddThis Advanced Settings generic via filter on get_the_excerpt --><!-- AddThis Share Buttons generic via filter on get_the_excerpt --><\/p>\n","protected":false},"author":14,"featured_media":0,"comment_status":"open","ping_status":"closed","sticky":false,"template":"","format":"standard","meta":[],"categories":[2],"tags":[133,181,230,239,339,437,555,620,644,675,853,855,976,1010,1019,1439,1515,1806,1985,2019,2033,2054,2055,2057,2059,2106,2112,2632,2681,2767,2791,2820,3042,3054,3103,3236,3387,3846,3864,4160,4379,4380,4463,4571,5242,5277],"_links":{"self":[{"href":"https:\/\/blogs.hoy.es\/loch-lomond\/wp-json\/wp\/v2\/posts\/1067"}],"collection":[{"href":"https:\/\/blogs.hoy.es\/loch-lomond\/wp-json\/wp\/v2\/posts"}],"about":[{"href":"https:\/\/blogs.hoy.es\/loch-lomond\/wp-json\/wp\/v2\/types\/post"}],"author":[{"embeddable":true,"href":"https:\/\/blogs.hoy.es\/loch-lomond\/wp-json\/wp\/v2\/users\/14"}],"replies":[{"embeddable":true,"href":"https:\/\/blogs.hoy.es\/loch-lomond\/wp-json\/wp\/v2\/comments?post=1067"}],"version-history":[{"count":0,"href":"https:\/\/blogs.hoy.es\/loch-lomond\/wp-json\/wp\/v2\/posts\/1067\/revisions"}],"wp:attachment":[{"href":"https:\/\/blogs.hoy.es\/loch-lomond\/wp-json\/wp\/v2\/media?parent=1067"}],"wp:term":[{"taxonomy":"category","embeddable":true,"href":"https:\/\/blogs.hoy.es\/loch-lomond\/wp-json\/wp\/v2\/categories?post=1067"},{"taxonomy":"post_tag","embeddable":true,"href":"https:\/\/blogs.hoy.es\/loch-lomond\/wp-json\/wp\/v2\/tags?post=1067"}],"curies":[{"name":"wp","href":"https:\/\/api.w.org\/{rel}","templated":true}]}}