{"id":1075,"date":"2012-07-15T18:01:19","date_gmt":"2012-07-15T17:01:19","guid":{"rendered":"http:\/\/blogs.hoy.es\/loch-lomond\/?p=1075"},"modified":"2012-07-15T18:01:19","modified_gmt":"2012-07-15T17:01:19","slug":"baby-boomerang","status":"publish","type":"post","link":"https:\/\/blogs.hoy.es\/loch-lomond\/2012\/07\/15\/baby-boomerang\/","title":{"rendered":"Baby boomerang"},"content":{"rendered":"<p>&nbsp;<\/p>\n<p>Enrique Falc\u00f3. Emancipado tard\u00edo<\/p>\n<p>&nbsp;<\/p>\n<div id=\"attachment_1076\" style=\"width: 310px\" class=\"wp-caption alignnone\"><a href=\"\/loch-lomond\/wp-content\/uploads\/sites\/10\/2012\/07\/Simsons-adultos.jpg\"><img aria-describedby=\"caption-attachment-1076\" loading=\"lazy\" class=\"size-medium wp-image-1076\" title=\"Simsons adultos\" src=\"\/loch-lomond\/wp-content\/uploads\/sites\/10\/2012\/07\/Simsons-adultos.jpg\" alt=\"No ser\u00eda extra\u00f1o que tal y como est\u00e1 la cosa Bart, lisa y la peque\u00f1a Maggy tengan que regresar alg\u00fan d\u00eda al domicilio familiar.\" width=\"300\" height=\"164\" srcset=\"https:\/\/static-blogs.hoy.es\/wp-content\/uploads\/sites\/10\/2012\/07\/Simsons-adultos.jpg 652w, https:\/\/static-blogs.hoy.es\/wp-content\/uploads\/sites\/10\/2012\/07\/Simsons-adultos-300x164.jpg 300w\" sizes=\"(max-width: 300px) 100vw, 300px\" \/><\/a><p id=\"caption-attachment-1076\" class=\"wp-caption-text\">No ser\u00eda extra\u00f1o que tal y como est\u00e1 la cosa Bart, lisa y la peque\u00f1a Maggy tengan que regresar alg\u00fan d\u00eda al domicilio familiar.<\/p><\/div>\n<p>&nbsp;<\/p>\n<p align=\"JUSTIFY\"><span style=\"color: #000080; font-size: medium;\">Desde bien peque\u00f1o, y gracias a los tebeos de Zipi y Zape (para que luego les echen las broncas a los ni\u00f1os por leer c\u00f3mics) tuve constancia de que 1979 fue el A\u00f1o Internacional del Ni\u00f1o. Los v\u00e1stagos de don Pantuflo siempre se lo recordaban a su progenitor cuando este se dispon\u00eda a castigarlos o reprenderlos por alguna mala acci\u00f3n. &#8220;\u00a1Pap\u00e1 que estamos en el A\u00f1o Internacional del Ni\u00f1o!&#8221; gritaban Zipi y Zape excus\u00e1ndose al un\u00edsono mientras de fondo aparec\u00eda un calendario de 1979. Curioso a\u00f1o el 1979. \u00daltimo del baby boom en Espa\u00f1a, es decir, del notable incremento de la natalidad que se produjo en este pa\u00eds desde el final de la Guerra Civil, intensificado en las d\u00e9cadas de los 50 y 60 y durante la Transici\u00f3n. A partir del pen\u00faltimo a\u00f1o de la d\u00e9cada de los 70 la natalidad comenz\u00f3 un declive muy acentuado. Hasta la fecha no se ha producido un fen\u00f3meno de \u00edndoles parecidas en Espa\u00f1a, quiz\u00e1s algo l\u00f3gico, debido a que las circunstancias en que se origin\u00f3 son muy espec\u00edficas. En 2009 se tuvo constancia de un peque\u00f1o aumento significativo, y no s\u00e9 muy bien si medio en serio medio en broma, se comentaba en algunos medios el sorprendente baby boom experimentado en Marzo de 2011, consecuencia de la euforia, alegr\u00eda y sentimiento patri\u00f3tico que experiment\u00f3 la sociedad espa\u00f1ola con la consecuci\u00f3n del Mundial de F\u00fatbol 2010 en Sud\u00e1frica. Es de suponer, que tan recomendables sensaciones vividas acabaron experiment\u00e1ndose en privado por muchos. Pero corramos un &#8220;estup\u00eddo&#8221; velo, mis queridos y desocupados lectores, ya que quiero compartir con ustedes otro fen\u00f3meno, de nombre parecido, pero de consecuencias horribles. Se trata de lo que ahora se denomina baby boomerang, que nos afecta a los j\u00f3venes y no tan j\u00f3venes de hoy, y en consecuencia y de manera m\u00e1s que directa tambi\u00e9n a nuestros sufridos padres. Hasta hace pocos a\u00f1os, el abandono del domicilio paterno, la deseada emancipaci\u00f3n o independencia, era poco m\u00e1s que una elecci\u00f3n personal. Los espa\u00f1oles siempre hemos sido los j\u00f3venes que m\u00e1s tarde hemos abandonado el nido. En casa de los padres se viv\u00eda muy bien, ya lo creo, a mesa y mantel puestos, con mam\u00e1 cuidando de lavarte y plancharte la ropita y sin faltar de nada. Vale que a lo peor la tele del sal\u00f3n siempre estaba acaparada, o que ten\u00edas que esperar tu turno para ir al ba\u00f1o, pero merec\u00eda la pena. Si quer\u00edamos echar un &#8220;kiki&#8221; aprovech\u00e1bamos cuando la casa quedaba desierta o incluso el coche familiar. Nada de preocupaciones. Las facturas de la luz o el gas no eran de tu incumbencia, y aquello de la hipoteca te sonaba a chino. Tu tranquilamente a estudiar, o incluso a ahorrar si ya estabas trabajando, o qu\u00e9 narices, a gastarte todo tu dinero en caprichitos, que ya ten\u00edas cubierto todo lo necesario. <\/span><\/p>\n<p align=\"JUSTIFY\"><span style=\"color: #000080; font-size: medium;\"><a href=\"\/loch-lomond\/wp-content\/uploads\/sites\/10\/2012\/07\/baby-boomer.jpg\"><img loading=\"lazy\" class=\"alignnone size-full wp-image-1077\" title=\"baby-boomer\" src=\"\/loch-lomond\/wp-content\/uploads\/sites\/10\/2012\/07\/baby-boomer.jpg\" alt=\"\" width=\"400\" height=\"400\" srcset=\"https:\/\/static-blogs.hoy.es\/wp-content\/uploads\/sites\/10\/2012\/07\/baby-boomer.jpg 400w, https:\/\/static-blogs.hoy.es\/wp-content\/uploads\/sites\/10\/2012\/07\/baby-boomer-150x150.jpg 150w, https:\/\/static-blogs.hoy.es\/wp-content\/uploads\/sites\/10\/2012\/07\/baby-boomer-300x300.jpg 300w\" sizes=\"(max-width: 400px) 100vw, 400px\" \/><\/a><\/span><\/p>\n<p align=\"JUSTIFY\"><span style=\"color: #000080; font-size: medium;\">Lo que antes era una elecci\u00f3n se convierte en una dura imposici\u00f3n cuando nos golpea en la cara la triste realidad con toda su crudeza. Y no me refiero ya solo al abandono del domicilio paterno, sino al regreso a \u00e9ste, ya que ambos fen\u00f3menos comparten la similitud de que se producen por pura supervivencia. La crisis sigue siendo la principal culpable, y si no al menos ahonda buena parte de culpa. No s\u00f3lo los que se quedan en paro tienen que volver, ya que los precarios salarios de algunos no les sirve ni para cubrir lo m\u00e1s necesario. Las separaciones y divorcios tambi\u00e9n son una causa importante, y algunos padres se ven en la tesitura de tener que acoger no s\u00f3lo al hijo sino tambi\u00e9n a sus parejas o reto\u00f1os, lo que indudablemente complica un poco m\u00e1s la vida y el bienestar de todos. El menda fue uno de aquellos j\u00f3venes que de forma tard\u00eda se atrevi\u00f3 a abandonar el n\u00facleo paterno, entre una mezcla de necesidad imperiosa de comenzar su propia vida y algo de verg\u00fcenza ajena por continuar arropado por la falda materna. Cuando comienzas a comprender que el ba\u00f1o y la cocina no se limpian solos, o que si no recoges y lavas tu ropa no podr\u00e1s contar con ella cuando la necesites, empiezas a cogerle el gustillo a eso de vivir en tu propia casa. Tu mandas, tu haces y deshaces. Tu casa, tus h\u00e1bitos, tus normas. Retornar al domicilio paterno, y eso teniendo en cuento que despu\u00e9s de todo no deja de ser un alivio poder contar con tu familia, se antoja muy duro, y es un paso atr\u00e1s que necesariamente ha de manifestarse en tu estado de \u00e1nimo, o m\u00e1s bien de des\u00e1nimo. Para los padres no ha de ser menos duro, y no solo por aquello de tener un boca m\u00e1s que alimentar o el acaparamiento de espacio, que despu\u00e9s de todo es lo menos importante, sino por ser testigos d\u00eda a d\u00eda de la frustraci\u00f3n\u00a0 de sus hijos, carne de sus carnes, por los que tanto trabajaron y se esforzaron, para que tuvieran una vida mejor que la de ellos. Hace ya mucho tiempo que a nadie se le ocurre soltar la gracia aquella de &#8220;Yo pienso vivir de mis padres hasta que pueda vivir de mis hijos&#8221; entre otras cosas porque no tiene ni pu\u00f1etera gracia y adem\u00e1s se presupone de muy complicada ejecuci\u00f3n. Sea como sea, y a pesar del entendible des\u00e1nimo y frustraci\u00f3n hay que sacar reda\u00f1os de donde no quedan y tom\u00e1rselo como un episodio temporal y breve, que nunca querremos recordar. A lo largo de estos \u00faltimos a\u00f1os, voy comprobando c\u00f3mo mi antigua habitaci\u00f3n familiar se va convirtiendo en el despacho de mi padre, y mis armarios y estanter\u00edas van escondiendo distintas pertenencias que otrora fueron mis enseres personales. Espero que mis padres nunca tengan que remodelar mi vieja habitaci\u00f3n. Un abrazo a quienes lo est\u00e1n pasando mal, desde estas humildes lineas de quien suscribe, que no es m\u00e1s que un joven de su tiempo, trabajador como cualquiera, que lucha por subsistir en este valle de l\u00e1grimas a donde hemos venido a llorar lo menos posible. Una palmada en el hombro de sana camarader\u00eda para aquellos que piensan que este maldito mundo los ha desechado por la puerta de atr\u00e1s. Recordad mis queridos <a title=\"Cangrejos del Guadiana\" href=\"https:\/\/blogs.hoy.es\/loch-lomond\/2012\/04\/24\/cangrejos-del-guadiana\/\" target=\"_blank\">cangrejos del Guadiana<\/a>, que quien persevera vence. <\/span><\/p>\n<div id=\"attachment_1078\" style=\"width: 310px\" class=\"wp-caption alignnone\"><a href=\"\/loch-lomond\/wp-content\/uploads\/sites\/10\/2012\/07\/Los_Simpsons-padres-hijos.jpg\"><img aria-describedby=\"caption-attachment-1078\" loading=\"lazy\" class=\"size-medium wp-image-1078\" title=\"Los_Simpsons padres hijos\" src=\"\/loch-lomond\/wp-content\/uploads\/sites\/10\/2012\/07\/Los_Simpsons-padres-hijos.jpg\" alt=\"\u00a1Menos mal que los padres siempren est\u00e1n ah\u00ed!\" width=\"300\" height=\"187\" srcset=\"https:\/\/static-blogs.hoy.es\/wp-content\/uploads\/sites\/10\/2012\/07\/Los_Simpsons-padres-hijos.jpg 1680w, https:\/\/static-blogs.hoy.es\/wp-content\/uploads\/sites\/10\/2012\/07\/Los_Simpsons-padres-hijos-300x188.jpg 300w, https:\/\/static-blogs.hoy.es\/wp-content\/uploads\/sites\/10\/2012\/07\/Los_Simpsons-padres-hijos-768x480.jpg 768w, https:\/\/static-blogs.hoy.es\/wp-content\/uploads\/sites\/10\/2012\/07\/Los_Simpsons-padres-hijos-1024x640.jpg 1024w\" sizes=\"(max-width: 300px) 100vw, 300px\" \/><\/a><p id=\"caption-attachment-1078\" class=\"wp-caption-text\">\u00a1Menos mal que los padres siempren est\u00e1n ah\u00ed!<\/p><\/div>\n<p align=\"JUSTIFY\"><span style=\"color: #000080; font-size: medium;\">Y finalmente, la mayor de las gratitudes, el respeto m\u00e1s reverencial y el reconocimiento m\u00e1s sonoro para vosotros nuestros padres, que a pesar que de una u otra manera nos metisteis en esto, siempre est\u00e1is ah\u00ed, haciendo lo imposible para que no veamos un mundo tan negro. Sac\u00e1ndonos los colores ante nuestros propios hijos, ya que ni en nuestra mayor utop\u00eda podremos so\u00f1ar con parecernos en algo a vosotros.<\/span><\/p>\n<p>&nbsp;<\/p>\n<p>&nbsp;<\/p>\n<p>Publicado en Diario HOY el 15\/07\/2012<\/p>\n<p><a href=\"http:\/\/hoy.kioskoymas.com\/epaper\/showlink.aspx?bookmarkid=ZYVJKNF7HA66&#038;preview=magnifier&#038;linkid=955fc28b-4475-4f37-b7ab-f7c8b7299bbc&#038;pdaffid=1NEHCXDv4QZRFanP7KJR9A%3d%3d\"><img src=\"\/\/cache2-thumb1.pressdisplay.com\/pressdisplay\/docserver\/getimage.aspx?file=22012012071500000000001001&#038;page=30&#038;scale=23\" alt=\"\" \/><\/a><\/p>\n<p>&nbsp;<\/p>\n<p>&nbsp;<\/p>\n<!-- AddThis Advanced Settings generic via filter on the_content --><!-- AddThis Share Buttons generic via filter on the_content -->","protected":false},"excerpt":{"rendered":"<p>&nbsp; Enrique Falc\u00f3. Emancipado tard\u00edo &nbsp; &nbsp; Desde bien peque\u00f1o, y gracias a los tebeos de Zipi y Zape (para que luego les echen las broncas a los ni\u00f1os por leer c\u00f3mics) tuve constancia de que 1979 fue el A\u00f1o Internacional del Ni\u00f1o. Los v\u00e1stagos de don Pantuflo siempre se lo recordaban a su progenitor [&hellip;]<!-- AddThis Advanced Settings generic via filter on get_the_excerpt --><!-- AddThis Share Buttons generic via filter on get_the_excerpt --><\/p>\n","protected":false},"author":14,"featured_media":0,"comment_status":"open","ping_status":"closed","sticky":false,"template":"","format":"standard","meta":[],"categories":[8],"tags":[430,431,771,848,1089,1232,1394,1495,1507,1508,1515,1750,1751,1806,2000,2005,2431,2441,2560,2561,2767,3103,3633,3646,3856,3887,3907,4650,4801,4832,4889,5167,5368],"_links":{"self":[{"href":"https:\/\/blogs.hoy.es\/loch-lomond\/wp-json\/wp\/v2\/posts\/1075"}],"collection":[{"href":"https:\/\/blogs.hoy.es\/loch-lomond\/wp-json\/wp\/v2\/posts"}],"about":[{"href":"https:\/\/blogs.hoy.es\/loch-lomond\/wp-json\/wp\/v2\/types\/post"}],"author":[{"embeddable":true,"href":"https:\/\/blogs.hoy.es\/loch-lomond\/wp-json\/wp\/v2\/users\/14"}],"replies":[{"embeddable":true,"href":"https:\/\/blogs.hoy.es\/loch-lomond\/wp-json\/wp\/v2\/comments?post=1075"}],"version-history":[{"count":0,"href":"https:\/\/blogs.hoy.es\/loch-lomond\/wp-json\/wp\/v2\/posts\/1075\/revisions"}],"wp:attachment":[{"href":"https:\/\/blogs.hoy.es\/loch-lomond\/wp-json\/wp\/v2\/media?parent=1075"}],"wp:term":[{"taxonomy":"category","embeddable":true,"href":"https:\/\/blogs.hoy.es\/loch-lomond\/wp-json\/wp\/v2\/categories?post=1075"},{"taxonomy":"post_tag","embeddable":true,"href":"https:\/\/blogs.hoy.es\/loch-lomond\/wp-json\/wp\/v2\/tags?post=1075"}],"curies":[{"name":"wp","href":"https:\/\/api.w.org\/{rel}","templated":true}]}}