{"id":1081,"date":"2012-07-19T16:20:58","date_gmt":"2012-07-19T15:20:58","guid":{"rendered":"http:\/\/blogs.hoy.es\/loch-lomond\/?p=1081"},"modified":"2012-07-19T16:20:58","modified_gmt":"2012-07-19T15:20:58","slug":"una-protesta-de-pelotas","status":"publish","type":"post","link":"https:\/\/blogs.hoy.es\/loch-lomond\/2012\/07\/19\/una-protesta-de-pelotas\/","title":{"rendered":"Una protesta de pelotas"},"content":{"rendered":"<p>&nbsp;<\/p>\n<p><a href=\"\/loch-lomond\/wp-content\/uploads\/sites\/10\/2012\/07\/Homer-al-desnudo.jpg\"><img loading=\"lazy\" class=\"alignnone size-full wp-image-1082\" title=\"Homer al desnudo\" src=\"\/loch-lomond\/wp-content\/uploads\/sites\/10\/2012\/07\/Homer-al-desnudo.jpg\" alt=\"\" width=\"400\" height=\"320\" srcset=\"https:\/\/static-blogs.hoy.es\/wp-content\/uploads\/sites\/10\/2012\/07\/Homer-al-desnudo.jpg 400w, https:\/\/static-blogs.hoy.es\/wp-content\/uploads\/sites\/10\/2012\/07\/Homer-al-desnudo-300x240.jpg 300w\" sizes=\"(max-width: 400px) 100vw, 400px\" \/><\/a><\/p>\n<p align=\"JUSTIFY\"><span style=\"color: #000080; font-size: medium;\">No hay vuelta de hoja.\u00a0 A la pe\u00f1a le sigue privando aquello de despelotarse a la m\u00ednima ocasi\u00f3n que la providencia les brinda. Este pensamiento ha vuelto de nuevo a mi sesera tras la lectura del HOY digital, en donde se nos muestra una noticia sobre <a href=\"http:\/\/www.hoy.es\/rc\/20120719\/mas-actualidad\/nacional\/ciudadanos-movilizaran-ochenta-ciudades-201207190228.html\" target=\"_blank\">los recortes del gobierno<\/a>, adornada por una foto de dudoso gusto de los bomberos de Mieres mostrando a la concurrencia sus p\u00e1lidas posaderas como si de una plantaci\u00f3n de melones se tratara. No es que el menda vaya de recatado o de antiguo, y ni mucho menos la desnudez humana me ofende, hiere o ruboriza mis mejillas, pero es que eso de protestar <a title=\"En pelotas\" href=\"https:\/\/blogs.hoy.es\/loch-lomond\/2010\/11\/28\/en-pelotas\/\" target=\"_blank\">en pelotas<\/a> est\u00e1 ya muy pasado, y muy visto, por lo que el factor sorpresa, o la llamada de atenci\u00f3n no cumple el principal prop\u00f3sito de sorprender. Qu\u00e9 quieren que les diga, no me imagino protestando ante la direcci\u00f3n de mi empresa con una pancarta en la mano y los colgajos al aire, que despu\u00e9s de todo, aunque no se trate de algo de proporciones b\u00edblicas a d\u00eda de hoy no he recibido quejas, lo cual ya es mucho.<\/span><\/p>\n<p align=\"JUSTIFY\"><span style=\"color: #000080; font-size: medium;\"><a href=\"\/loch-lomond\/wp-content\/uploads\/sites\/10\/2012\/07\/Manara-www.jpg\"><img loading=\"lazy\" class=\"alignnone size-full wp-image-1086\" title=\"Manara www\" src=\"\/loch-lomond\/wp-content\/uploads\/sites\/10\/2012\/07\/Manara-www.jpg\" alt=\"\" width=\"300\" height=\"300\" srcset=\"https:\/\/static-blogs.hoy.es\/wp-content\/uploads\/sites\/10\/2012\/07\/Manara-www.jpg 300w, https:\/\/static-blogs.hoy.es\/wp-content\/uploads\/sites\/10\/2012\/07\/Manara-www-150x150.jpg 150w\" sizes=\"(max-width: 300px) 100vw, 300px\" \/><\/a><\/span><\/p>\n<p><span style=\"color: #000080; font-size: medium;\">Recon\u00f3zcanme que la cosa es poco seria. Les aseguro a ustedes, que el d\u00eda que la <a title=\"Bienvenido Mister Marshall\" href=\"https:\/\/blogs.hoy.es\/loch-lomond\/2012\/06\/28\/bienvenido-mister-marshall\/\" target=\"_blank\">subida de leches<\/a> (y de huevos) me haga salir a la calle a protestar, no me conformar\u00e9 con despelotarme para que la gente de r\u00eda de mi cuerpo desnudo y me comparen con el mu\u00f1eco de Michel\u00edn. Ese d\u00eda, el d\u00eda que explote, y no pueda m\u00e1s, les juro por el Cetro de Ottokar, que por ejemplo los \u00faltimos incidentes en Grecia, quedar\u00e1n en comparaci\u00f3n a la altura del bet\u00fan. Y no se me va a ocurrir mostrarle mis nalgas a nadie. \u00a1Eso s\u00ed que va a ser una protesta de pelotas!<\/span><\/p>\n<!-- AddThis Advanced Settings generic via filter on the_content --><!-- AddThis Share Buttons generic via filter on the_content -->","protected":false},"excerpt":{"rendered":"<p>&nbsp; No hay vuelta de hoja.\u00a0 A la pe\u00f1a le sigue privando aquello de despelotarse a la m\u00ednima ocasi\u00f3n que la providencia les brinda. Este pensamiento ha vuelto de nuevo a mi sesera tras la lectura del HOY digital, en donde se nos muestra una noticia sobre los recortes del gobierno, adornada por una foto [&hellip;]<!-- AddThis Advanced Settings generic via filter on get_the_excerpt --><!-- AddThis Share Buttons generic via filter on get_the_excerpt --><\/p>\n","protected":false},"author":14,"featured_media":0,"comment_status":"open","ping_status":"closed","sticky":false,"template":"","format":"standard","meta":[],"categories":[7],"tags":[390,602,1065,1277,1413,1439,1515,1609,1769,1782,1806,2497,3465,3626,3978,4163,4264,4386,4784,4786,5135],"_links":{"self":[{"href":"https:\/\/blogs.hoy.es\/loch-lomond\/wp-json\/wp\/v2\/posts\/1081"}],"collection":[{"href":"https:\/\/blogs.hoy.es\/loch-lomond\/wp-json\/wp\/v2\/posts"}],"about":[{"href":"https:\/\/blogs.hoy.es\/loch-lomond\/wp-json\/wp\/v2\/types\/post"}],"author":[{"embeddable":true,"href":"https:\/\/blogs.hoy.es\/loch-lomond\/wp-json\/wp\/v2\/users\/14"}],"replies":[{"embeddable":true,"href":"https:\/\/blogs.hoy.es\/loch-lomond\/wp-json\/wp\/v2\/comments?post=1081"}],"version-history":[{"count":0,"href":"https:\/\/blogs.hoy.es\/loch-lomond\/wp-json\/wp\/v2\/posts\/1081\/revisions"}],"wp:attachment":[{"href":"https:\/\/blogs.hoy.es\/loch-lomond\/wp-json\/wp\/v2\/media?parent=1081"}],"wp:term":[{"taxonomy":"category","embeddable":true,"href":"https:\/\/blogs.hoy.es\/loch-lomond\/wp-json\/wp\/v2\/categories?post=1081"},{"taxonomy":"post_tag","embeddable":true,"href":"https:\/\/blogs.hoy.es\/loch-lomond\/wp-json\/wp\/v2\/tags?post=1081"}],"curies":[{"name":"wp","href":"https:\/\/api.w.org\/{rel}","templated":true}]}}