{"id":1088,"date":"2012-07-22T15:56:54","date_gmt":"2012-07-22T14:56:54","guid":{"rendered":"http:\/\/blogs.hoy.es\/loch-lomond\/?p=1088"},"modified":"2012-07-22T15:56:54","modified_gmt":"2012-07-22T14:56:54","slug":"sangria","status":"publish","type":"post","link":"https:\/\/blogs.hoy.es\/loch-lomond\/2012\/07\/22\/sangria\/","title":{"rendered":"Sangr\u00eda"},"content":{"rendered":"<p>&nbsp;<\/p>\n<p>Enrique Falc\u00f3. Ir\u00f3nico Cabreado<\/p>\n<p>&nbsp;<\/p>\n<div id=\"attachment_1090\" style=\"width: 510px\" class=\"wp-caption alignnone\"><a href=\"\/loch-lomond\/wp-content\/uploads\/sites\/10\/2012\/07\/sangria.jpg\"><img aria-describedby=\"caption-attachment-1090\" loading=\"lazy\" class=\"size-full wp-image-1090\" title=\"sangria\" src=\"\/loch-lomond\/wp-content\/uploads\/sites\/10\/2012\/07\/sangria.jpg\" alt=\"\u00a1Que rica y qu\u00e9 fresquita la sangr\u00eda!\" width=\"500\" height=\"333\" srcset=\"https:\/\/static-blogs.hoy.es\/wp-content\/uploads\/sites\/10\/2012\/07\/sangria.jpg 500w, https:\/\/static-blogs.hoy.es\/wp-content\/uploads\/sites\/10\/2012\/07\/sangria-300x200.jpg 300w\" sizes=\"(max-width: 500px) 100vw, 500px\" \/><\/a><p id=\"caption-attachment-1090\" class=\"wp-caption-text\">\u00a1Que rica y qu\u00e9 fresquita la sangr\u00eda!<\/p><\/div>\n<p>&nbsp;<\/p>\n<p><span style=\"color: #000080; font-size: medium;\"><a title=\"Verano en la ciudad\" href=\"https:\/\/blogs.hoy.es\/loch-lomond\/2010\/07\/01\/verano-la-ciudad\/\" target=\"_blank\">El verano<\/a> es una \u00e9poca inmejorable para aparcar el Loch Lomond (Que el viejo Capit\u00e1n Haddock me perdone), o cualquier bebida de licor, por otra serie de caldos a la postre m\u00e1s refrescantes, como la deliciosa cerveza de mi amigo Homer Simpson, o el rico <a title=\"Tinto de verano\" href=\"https:\/\/blogs.hoy.es\/loch-lomond\/2011\/07\/07\/tinto-verano\/\" target=\"_blank\">tinto de verano<\/a> (del que me confieso simpatizante entusiasta) que tanto gustan y prodigan a j\u00f3venes y no tan j\u00f3venes, hombres y mujeres, heterosexuales, homosexuales, transexuales y hermafroditas. Sin ning\u00fan tipo de distinci\u00f3n pol\u00edtica o de prejuicio alguno se consumen en casa, (a escondidas) en la oficina, en la playa, mar o monta\u00f1a. En el chiringuito o en el bar de la esquina. De entre ellas, el menda siente debilidad por la sangr\u00eda, ya saben, esa especie de elixir que mezcla vino y fruta picada, a la que se a\u00f1ade alg\u00fan refresco y algo de licor con la consiguiente alegr\u00eda. En nuestra adolescencia (no tan lejana como muchos podr\u00e1n pensar) mis amigos y yo, en cualquier barbacoa o fiesta clandestina, siempre abus\u00e1bamos a la hora de realizar la mezcla del morapio y del consiguiente licor (casi siempre algo de verm\u00fa o <a title=\"Ginebra helada\" href=\"https:\/\/blogs.hoy.es\/loch-lomond\/2010\/11\/23\/ginebra-helada\/\" target=\"_blank\">ginebra<\/a>) y la &#8220;cabre\u00e1bamos&#8221; con consistencia. Aquello entraba solo, y sub\u00eda que se las pelaba, y te refrescaba algo m\u00e1s que el alma. Recuerdo que hace pocas semanas prepar\u00e9 una gran jarra, que dej\u00e9 macerando un par de d\u00edas, y que me cepill\u00e9 tras la l\u00f3gica alegr\u00eda de la consecuci\u00f3n de la Eurocopa por la selecci\u00f3n espa\u00f1ola de f\u00fatbol. A modo de broma la compart\u00ed en las redes sociales denomin\u00e1ndola &#8220;La sangr\u00eda de la gloria&#8221;, y le ven\u00eda el nombre como anillo al dedo, porque efectivamente sab\u00eda a gloria, pero entre nosotros les confieso que si hubi\u00e9ramos perdido me la hubiera bebido igual, y la habr\u00eda llamado, qu\u00e9 se yo, &#8220;La sangr\u00eda de la decepci\u00f3n&#8221; o &#8220;de la impotencia&#8221; o incluso &#8220;de la verg\u00fcenza&#8221; si nos hubieran goleado. Se habla mucho de sangr\u00eda este <a title=\"\u00bfTig\u00fce\u00f1a nenito ti?\" href=\"https:\/\/blogs.hoy.es\/loch-lomond\/2011\/07\/26\/tiguena-nenito-ti\/\" target=\"_blank\">verano<\/a>, y no siempre\u00a0 refiri\u00e9ndose a la refrescante consumici\u00f3n, y si no que se lo pregunten al Gobierno, que no deja de ejecutar sangr\u00eda tras otra. \u00a1Lo de la subida del IVA al 21% es como para montar un cirio tan grande que hasta tengan que acudir los bomberos! Como para dejar de trabajar y ponerte a beber una sangr\u00eda &#8220;cabre\u00e1&#8221; detr\u00e1s de otra, para evadirte y olvidarte de todo, y no pensar por ejemplo en como vas a afrontar a partir de ahora los recibos de la luz, del tel\u00e9fono, del m\u00f3vil, del gas o la misma cesta de la compra. Uno empieza a hacer cuentas y calcula que s\u00ed 20 euros m\u00e1s por aqu\u00ed, 16 m\u00e1s por all\u00e1, 37 por aqu\u00ed y se da cuenta de que <a title=\"No llegamos\" href=\"https:\/\/blogs.hoy.es\/loch-lomond\/2011\/09\/05\/no-llegamos\/\" target=\"_blank\">no llega<\/a>. De que no le va a a llegar ni para sangr\u00eda en pos de refrescarse para paliar el sofocante verano, ya que tendremos que irnos olvidando de lujos como el aire acondicionado que chupan unos cuantos pantanos de energ\u00eda. <\/span><\/p>\n<p>&nbsp;<\/p>\n<div id=\"attachment_1091\" style=\"width: 492px\" class=\"wp-caption alignnone\"><a href=\"\/loch-lomond\/wp-content\/uploads\/sites\/10\/2012\/07\/Filem\u00f3n-cabreado.gif\"><img aria-describedby=\"caption-attachment-1091\" loading=\"lazy\" class=\"size-full wp-image-1091\" title=\"Filem\u00f3n cabreado\" src=\"\/loch-lomond\/wp-content\/uploads\/sites\/10\/2012\/07\/Filem\u00f3n-cabreado.gif\" alt=\"Ni siquiera el bueno de Filem\u00f3n Pi se resiste a quejarse de lo que nos est\u00e1 pasando\" width=\"482\" height=\"550\" \/><\/a><p id=\"caption-attachment-1091\" class=\"wp-caption-text\">Ni siquiera el bueno de Filem\u00f3n Pi se resiste a quejarse de lo que nos est\u00e1 pasando<\/p><\/div>\n<p>&nbsp;<\/p>\n<p><span style=\"color: #000080; font-size: medium;\">Precisamente el salir a tomarse una sangr\u00eda se ha convertido ya en un lujo que te joroba todo el presupuesto para llegar a fin de mes. \u00bfCuanto pasar\u00e1 a costar una cerveza? \u00bfY una sangr\u00eda? \u00a1Europa y Europa! \u00a1Y dale con Europa por el Cetro de Ottokar! \u00a1Que siempre nos queremos comparar con Europa y no podemos! \u00a1No estamos a la altura! Nos vienen con el cuento de que aqu\u00ed se paga poco IVA respecto a otros pa\u00edses, pero se pasan por el forro el peque\u00f1o detalle de que nuestro salario m\u00ednimo es de 641 \u20ac, mientras que por ejemplo en Francia alcanza los 1.200 \u20ac y el IVA se cifra en el 19%. Lo que dice Monago de que aqu\u00ed no paga el IVA ni Dios no es ninguna tonter\u00eda, y ustedes lo saben tan bien como yo. \u00a1Pero por la madre de mis entretelas! \u00a1Si vas al taller y ya te est\u00e1n preguntando lo de la factura con IVA o sin IVA! Y entre nosotros \u00bfQui\u00e9n de ustedes al realizar alguna peque\u00f1a &#8220;chapucilla&#8221; en casa, o al comprar una cocina o unos armarios empotrados no se ha pasado el IVA por donde otros se pasan el decoro y las buenas maneras? El que est\u00e9 libre de culpa que tire la primera piedra, pero que la tire apuntando al Congreso de los Diputados, o al Palacio de la Moncloa. \u00a1Que digo yo que si aqu\u00ed el IVA al 18% no lo paga ni Dios cuanto menos al 21! \u00a1M\u00e1s subidas de Jordi Alba por la banda y menos subida de IVA e Impuestos! \u00a1M\u00e1s penaltis a lo Panenka de Sergio Ramos y menos medidas anticrisis! \u00a1M\u00e1s ceros en nuestras n\u00f3minas y menos trabajo precario! \u00a1Que se persiga a quien estafe, pero por Dios, que no tengamos que pagarlo todo los ciudadanos! Personalmente, les aseguro que si quien suscribe fuera funcionario y viera como me quitan una paga extra con los salarios que tienen los pol\u00edticos, es muy probable que se produjera otra sangr\u00eda, pero de otro tipo. Ustedes ya me entienden. Lo de que Su Majestad el Rey y Su Alteza el Pr\u00edncipe se bajen el salario (creo que unos 21.000 \u20ac) lo siento mucho pero a mi me suena a cachondeo. Ojal\u00e1 pudiera bajarme yo el salario as\u00ed, no te joroba. Me recuerda a cuando hace unos a\u00f1os, anunciaron que como consecuencia de la crisis, la Familia Real durante sus vacaciones en Mallorca viajar\u00eda menos en El Fortuna (una medida muy acertada debido al gran gasto de miles de euros en carburante) y utilizar\u00edan limones de su propio huerto. \u00a1Especie de <a title=\"Bachibozuk\" href=\"http:\/\/www.hoy.es\/v\/20110717\/opinion\/bachibozuk-20110717.html\" target=\"_blank\">Bachibozuks<\/a>! \u00bfA qu\u00e9 cabezas pensantes se les ocurrir\u00e1 escupir semejantes perlas por la bocaza? Por mi parte, los limones del huerto los pueden utilizar para met\u00e9rselos en su propia sangr\u00eda casera. <\/span><\/p>\n<p>&nbsp;<\/p>\n<div id=\"attachment_1092\" style=\"width: 310px\" class=\"wp-caption alignnone\"><a href=\"\/loch-lomond\/wp-content\/uploads\/sites\/10\/2012\/07\/Homer-cabreado.jpg\"><img aria-describedby=\"caption-attachment-1092\" loading=\"lazy\" class=\"size-full wp-image-1092\" title=\"Homer cabreado\" src=\"\/loch-lomond\/wp-content\/uploads\/sites\/10\/2012\/07\/Homer-cabreado.jpg\" alt=\"Homer, al igual que el menda, un d\u00eda de estos no responde...\" width=\"300\" height=\"225\" \/><\/a><p id=\"caption-attachment-1092\" class=\"wp-caption-text\">Homer, al igual que el menda, un d\u00eda de estos no responde...<\/p><\/div>\n<p>&nbsp;<\/p>\n<p><span style=\"color: #000080; font-size: medium;\">Lo del 19J y las manifestaciones a diario no es m\u00e1s que el comienzo de lo que ser\u00e1 (sean cual sean las temperaturas) un <a title=\"El verano es lo que tiene\" href=\"https:\/\/blogs.hoy.es\/loch-lomond\/2011\/07\/21\/el-verano-es-que-tiene\/\" target=\"_blank\">verano <\/a>sopor\u00edfero, bochornoso y bien calentito. Aunque de sangr\u00edas lamentablemente tambi\u00e9n se\u00a0 habla y mucho en Estados Unidos, como la reciente matanza en el estreno de Batman en una sala de Cine de Denver. Como aquel que dice, casi que acaba de comenzar el verano y la subida de leches marca temperaturas preocupantes. A m\u00ed se me han acabado las ideas. Yo opto por emborracharnos, mis queridos y desocupados lectores, por supuesto a base de sangr\u00eda bien fresquita, para paliar la c\u00e1lida temperatura corporal. Y disc\u00falpenme si por problemas de formato no empieza este art\u00edculo con la correspondiente sangr\u00eda tipogr\u00e1fica, pues existen ocasiones en que la iron\u00eda y los juegos de palabras pierden su gracia cuando la realidad nos golpea a diario en la cara con toda su crudeza, y no existe sangr\u00eda capaz de emborracharnos el alma y el coraz\u00f3n.<\/span><\/p>\n<p><em>Publicado en Diario HOY el 22\/07\/2012<\/em><\/p>\n<p><a href=\"http:\/\/hoy.kioskoymas.com\/epaper\/showlink.aspx?bookmarkid=R2LF2FE26MR6&#038;preview=magnifier&#038;linkid=6dd604dd-9a73-44b8-a22d-47666bdfc69c&#038;pdaffid=1NEHCXDv4QZRFanP7KJR9A%3d%3d\"><img src=\"\/\/cache2-thumb1.pressdisplay.com\/pressdisplay\/docserver\/getimage.aspx?file=22012012072200000000001001&#038;page=32&#038;scale=23\" alt=\"\" \/><\/a><\/p>\n<!-- AddThis Advanced Settings generic via filter on the_content --><!-- AddThis Share Buttons generic via filter on the_content -->","protected":false},"excerpt":{"rendered":"<p>&nbsp; Enrique Falc\u00f3. Ir\u00f3nico Cabreado &nbsp; &nbsp; El verano es una \u00e9poca inmejorable para aparcar el Loch Lomond (Que el viejo Capit\u00e1n Haddock me perdone), o cualquier bebida de licor, por otra serie de caldos a la postre m\u00e1s refrescantes, como la deliciosa cerveza de mi amigo Homer Simpson, o el rico tinto de verano [&hellip;]<!-- AddThis Advanced Settings generic via filter on get_the_excerpt --><!-- AddThis Share Buttons generic via filter on get_the_excerpt --><\/p>\n","protected":false},"author":14,"featured_media":0,"comment_status":"open","ping_status":"closed","sticky":false,"template":"","format":"standard","meta":[],"categories":[8],"tags":[29,512,783,907,1146,1232,1359,1515,1609,1641,1806,1887,1948,1952,2017,2207,2248,2293,2402,2420,2461,2464,2469,2548,2643,2651,2734,2767,3103,3207,3284,3375,3408,3531,3582,3694,3858,3868,3907,3981,4372,4408,4554,4579,4580,4664,4782,4783,4786,4788,4789,4799,5000,5060,5072,5156,5203],"_links":{"self":[{"href":"https:\/\/blogs.hoy.es\/loch-lomond\/wp-json\/wp\/v2\/posts\/1088"}],"collection":[{"href":"https:\/\/blogs.hoy.es\/loch-lomond\/wp-json\/wp\/v2\/posts"}],"about":[{"href":"https:\/\/blogs.hoy.es\/loch-lomond\/wp-json\/wp\/v2\/types\/post"}],"author":[{"embeddable":true,"href":"https:\/\/blogs.hoy.es\/loch-lomond\/wp-json\/wp\/v2\/users\/14"}],"replies":[{"embeddable":true,"href":"https:\/\/blogs.hoy.es\/loch-lomond\/wp-json\/wp\/v2\/comments?post=1088"}],"version-history":[{"count":0,"href":"https:\/\/blogs.hoy.es\/loch-lomond\/wp-json\/wp\/v2\/posts\/1088\/revisions"}],"wp:attachment":[{"href":"https:\/\/blogs.hoy.es\/loch-lomond\/wp-json\/wp\/v2\/media?parent=1088"}],"wp:term":[{"taxonomy":"category","embeddable":true,"href":"https:\/\/blogs.hoy.es\/loch-lomond\/wp-json\/wp\/v2\/categories?post=1088"},{"taxonomy":"post_tag","embeddable":true,"href":"https:\/\/blogs.hoy.es\/loch-lomond\/wp-json\/wp\/v2\/tags?post=1088"}],"curies":[{"name":"wp","href":"https:\/\/api.w.org\/{rel}","templated":true}]}}