{"id":1094,"date":"2012-07-25T00:04:47","date_gmt":"2012-07-24T23:04:47","guid":{"rendered":"http:\/\/blogs.hoy.es\/loch-lomond\/?p=1094"},"modified":"2012-07-25T00:04:47","modified_gmt":"2012-07-24T23:04:47","slug":"me-cago-en-la-leche-merche","status":"publish","type":"post","link":"https:\/\/blogs.hoy.es\/loch-lomond\/2012\/07\/25\/me-cago-en-la-leche-merche\/","title":{"rendered":"\u00a1Me cago en la leche Merche!"},"content":{"rendered":"<p>&nbsp;<\/p>\n<div id=\"attachment_1096\" style=\"width: 310px\" class=\"wp-caption alignnone\"><a href=\"\/loch-lomond\/wp-content\/uploads\/sites\/10\/2012\/07\/Me-cago-en-la-leche-Merche.jpg\"><img aria-describedby=\"caption-attachment-1096\" loading=\"lazy\" class=\"size-medium wp-image-1096\" title=\"Me cago en la leche Merche\" src=\"\/loch-lomond\/wp-content\/uploads\/sites\/10\/2012\/07\/Me-cago-en-la-leche-Merche.jpg\" alt=\"\u00a1As\u00ed nos veremos maldiciendo muchos en breve!\" width=\"300\" height=\"258\" srcset=\"https:\/\/static-blogs.hoy.es\/wp-content\/uploads\/sites\/10\/2012\/07\/Me-cago-en-la-leche-Merche.jpg 500w, https:\/\/static-blogs.hoy.es\/wp-content\/uploads\/sites\/10\/2012\/07\/Me-cago-en-la-leche-Merche-300x258.jpg 300w\" sizes=\"(max-width: 300px) 100vw, 300px\" \/><\/a><p id=\"caption-attachment-1096\" class=\"wp-caption-text\">\u00a1As\u00ed nos veremos maldiciendo muchos en breve!<\/p><\/div>\n<p align=\"JUSTIFY\"><span style=\"color: #000080; font-size: medium;\">Lo que son las cosas. Me estoy viendo estos d\u00edas la temporada n\u00famero 13 de Cu\u00e9ntame, la interminable y entretenida serie de la 1 que lleva m\u00e1s de diez a\u00f1os en antena. En estos \u00faltimos cap\u00edtulos, Antonio Alc\u00e1ntara y su familia se preparan para afrontar un duro final de semestre del a\u00f1o 1979, en la que el pa\u00eds se halla inmerso en una profunda y preocupante crisis. Parece que el personaje del bueno de Imanol Arias haya tornado al presente, pues comienza la temporada en el paro, como buena parte de la poblaci\u00f3n, s\u00f3lo que en la ficci\u00f3n la preocupante cifra de parados no es m\u00e1s que de &#8220;m\u00e1s de un mill\u00f3n de espa\u00f1oles&#8221;.<\/span><\/p>\n<p align=\"JUSTIFY\"><span style=\"color: #000080; font-size: medium;\">Hace no muchos meses, en mi art\u00edculo publicado en HOY &#8220;<a title=\"Cangrejos del Guadiana\" href=\"https:\/\/blogs.hoy.es\/loch-lomond\/2012\/04\/24\/cangrejos-del-guadiana\/\" target=\"_blank\">Cangrejos del Guadiana<\/a>&#8221; comentaba la tristeza que invad\u00eda mi cuerpo serrano porque est\u00e1bamos a punto de convertirnos en Antonios Alc\u00e1ntaras. Es decir, como en sus primeros cap\u00edtulos de la serie, pluriempleado, deslom\u00e1ndose de trabajar para malvivir y subsistir peor que bien. Esos tiempos se encuentran m\u00e1s cercanos de lo que creemos. El problema es que ahora aunque lo pretendamos no es f\u00e1cil practicar aquello del pluriempleo, algo que ni deseo ni recomiendo a nadie. Yo en su d\u00eda, poco despu\u00e9s de emanciparme, practiqu\u00e9 tan poco aconsejable modo de vida, ya que me mov\u00eda el deseo de obtener m\u00e1s ingresos para vivir mejor. El cansancio, el poco descanso y la clavada de impuestos que supuso, consiguen que recuerde aquella \u00e9poca como aciaga y desagradable, que termin\u00f3 en el mismo momento en que <a title=\"Humor\" href=\"http:\/\/www.hoy.es\/v\/20100307\/opinion\/humor-20100307.html\" target=\"_blank\">mi ex jefe rojeras de boquilla<\/a> decidiera ponerme de patitas en la calle de un d\u00eda para otro.<\/span><\/p>\n<div id=\"attachment_1097\" style=\"width: 410px\" class=\"wp-caption alignnone\"><a href=\"\/loch-lomond\/wp-content\/uploads\/sites\/10\/2012\/07\/Homer-pluriempleado.jpg\"><img aria-describedby=\"caption-attachment-1097\" loading=\"lazy\" class=\"size-full wp-image-1097\" title=\"Homer pluriempleado\" src=\"\/loch-lomond\/wp-content\/uploads\/sites\/10\/2012\/07\/Homer-pluriempleado.jpg\" alt=\"\u00a1As\u00ed se acaba cuando uno practica el pluriempleo!\" width=\"400\" height=\"188\" srcset=\"https:\/\/static-blogs.hoy.es\/wp-content\/uploads\/sites\/10\/2012\/07\/Homer-pluriempleado.jpg 400w, https:\/\/static-blogs.hoy.es\/wp-content\/uploads\/sites\/10\/2012\/07\/Homer-pluriempleado-300x141.jpg 300w\" sizes=\"(max-width: 400px) 100vw, 400px\" \/><\/a><p id=\"caption-attachment-1097\" class=\"wp-caption-text\">\u00a1As\u00ed se acaba cuando uno practica el pluriempleo!<\/p><\/div>\n<p><span style=\"color: #000080; font-size: medium;\">Lamentablemente en breve a la mayor\u00eda no nos quedar\u00e1 otra que recurrir de nuevo al pluriempleo, si es que tenemos la suerte de poder compatibilizar dos trabajos, ya que \u00e9ste no s\u00f3lo no sobra sino que escasea de manera m\u00e1s que preocupante, y si no que se lo pregunten a los cinco millones de parados que figuran en las listas del INEM. El problema ser\u00e1 que lo que nos mover\u00e1 no ser\u00e1n precisamente delirios de grandeza ni el sue\u00f1o de una vida mejor o de m\u00e1s alto nivel. \u00a1Me cago en la leche Merche! \u00a1Me cago en la cuna que me arrull\u00f3!<\/span><\/p>\n<p><span style=\"color: #000080; font-size: medium;\">Esta es mi opini\u00f3n&#8230; y yo la comparto.<\/span><\/p>\n<!-- AddThis Advanced Settings generic via filter on the_content --><!-- AddThis Share Buttons generic via filter on the_content -->","protected":false},"excerpt":{"rendered":"<p>&nbsp; Lo que son las cosas. Me estoy viendo estos d\u00edas la temporada n\u00famero 13 de Cu\u00e9ntame, la interminable y entretenida serie de la 1 que lleva m\u00e1s de diez a\u00f1os en antena. En estos \u00faltimos cap\u00edtulos, Antonio Alc\u00e1ntara y su familia se preparan para afrontar un duro final de semestre del a\u00f1o 1979, en [&hellip;]<!-- AddThis Advanced Settings generic via filter on get_the_excerpt --><!-- AddThis Share Buttons generic via filter on get_the_excerpt --><\/p>\n","protected":false},"author":14,"featured_media":0,"comment_status":"open","ping_status":"closed","sticky":false,"template":"","format":"standard","meta":[],"categories":[5],"tags":[27,291,771,773,1022,1232,1270,1439,1515,1538,1806,1902,2572,3103,3250,3394,3395,3907,4109,4112,4665,4793],"_links":{"self":[{"href":"https:\/\/blogs.hoy.es\/loch-lomond\/wp-json\/wp\/v2\/posts\/1094"}],"collection":[{"href":"https:\/\/blogs.hoy.es\/loch-lomond\/wp-json\/wp\/v2\/posts"}],"about":[{"href":"https:\/\/blogs.hoy.es\/loch-lomond\/wp-json\/wp\/v2\/types\/post"}],"author":[{"embeddable":true,"href":"https:\/\/blogs.hoy.es\/loch-lomond\/wp-json\/wp\/v2\/users\/14"}],"replies":[{"embeddable":true,"href":"https:\/\/blogs.hoy.es\/loch-lomond\/wp-json\/wp\/v2\/comments?post=1094"}],"version-history":[{"count":0,"href":"https:\/\/blogs.hoy.es\/loch-lomond\/wp-json\/wp\/v2\/posts\/1094\/revisions"}],"wp:attachment":[{"href":"https:\/\/blogs.hoy.es\/loch-lomond\/wp-json\/wp\/v2\/media?parent=1094"}],"wp:term":[{"taxonomy":"category","embeddable":true,"href":"https:\/\/blogs.hoy.es\/loch-lomond\/wp-json\/wp\/v2\/categories?post=1094"},{"taxonomy":"post_tag","embeddable":true,"href":"https:\/\/blogs.hoy.es\/loch-lomond\/wp-json\/wp\/v2\/tags?post=1094"}],"curies":[{"name":"wp","href":"https:\/\/api.w.org\/{rel}","templated":true}]}}