{"id":1099,"date":"2012-07-27T00:09:09","date_gmt":"2012-07-26T23:09:09","guid":{"rendered":"http:\/\/blogs.hoy.es\/loch-lomond\/?p=1099"},"modified":"2012-07-27T00:09:09","modified_gmt":"2012-07-26T23:09:09","slug":"donde-estabas-tu-en-barcelona-92","status":"publish","type":"post","link":"https:\/\/blogs.hoy.es\/loch-lomond\/2012\/07\/27\/donde-estabas-tu-en-barcelona-92\/","title":{"rendered":"\u00bfD\u00f3nde estabas t\u00fa en Barcelona 92?"},"content":{"rendered":"<div id=\"attachment_1100\" style=\"width: 410px\" class=\"wp-caption alignnone\"><a href=\"\/loch-lomond\/wp-content\/uploads\/sites\/10\/2012\/07\/barcelona-92.gif\"><img aria-describedby=\"caption-attachment-1100\" loading=\"lazy\" class=\"size-full wp-image-1100\" title=\"barcelona-92\" src=\"\/loch-lomond\/wp-content\/uploads\/sites\/10\/2012\/07\/barcelona-92.gif\" alt=\"Barcelona 92. Sin duda los Juegos Ol\u00edmpicos m\u00e1s importantes, emocionantes y emotivos para los de mi generaci\u00f3n.\" width=\"400\" height=\"400\" \/><\/a><p id=\"caption-attachment-1100\" class=\"wp-caption-text\">Barcelona 92. Sin duda los Juegos Ol\u00edmpicos m\u00e1s importantes, emocionantes y emotivos para los de mi generaci\u00f3n.<\/p><\/div>\n<p align=\"JUSTIFY\"><span style=\"color: #000080; font-size: medium;\">25 de Julio de 2012, \u00a1Por fin arranca <a title=\"Motadelo y la Olimpiada\" href=\"https:\/\/blogs.hoy.es\/loch-lomond\/2012\/01\/12\/mortadelo-y-la-olimpiada\/\" target=\"_blank\">la Olimpiada<\/a>\u00a0de Londres 2012! Se recuerda mucho en los \u00faltimos d\u00edas que son 20 los a\u00f1os que han pasado ya desde aquellos memorables Juegos Ol\u00edmpicos de Barcelona 92. No s\u00e9 donde estar\u00edan\u00a0ustedes o si se acuerdan o no, pero yo aun los\u00a0rememoro como si fuera ayer. Tal vez me pillaron en el momento m\u00e1s oportuno de mi vida para disfrutarlos: Verano de un reci\u00e9n acabado Octavo de EGB, con apenas 14 a\u00f1os reci\u00e9n cumplidos y una ganas enormes de comerme cada especial\u00a0momento que tornar\u00eda a hist\u00f3rico. Contaba con ilusi\u00f3n e impaciencia los d\u00edas que faltaban para el arranque de los Juegos desde el comienzo del verano, por lo que la Ceremonia de Apertura no pod\u00eda presentarse de manera m\u00e1s deseada.<\/span><\/p>\n<div id=\"attachment_1101\" style=\"width: 490px\" class=\"wp-caption alignnone\"><a href=\"\/loch-lomond\/wp-content\/uploads\/sites\/10\/2012\/07\/Tatiana-Gutsu.jpg\"><img aria-describedby=\"caption-attachment-1101\" loading=\"lazy\" class=\"size-full wp-image-1101\" title=\"Tatiana Gutsu\" src=\"\/loch-lomond\/wp-content\/uploads\/sites\/10\/2012\/07\/Tatiana-Gutsu.jpg\" alt=\"La bella gimnasta adolescente Tatiana Gutsu, quien adem\u00e1s gan\u00f3 un Oro en Barcelona, me ten\u00eda enamorado.\" width=\"480\" height=\"360\" srcset=\"https:\/\/static-blogs.hoy.es\/wp-content\/uploads\/sites\/10\/2012\/07\/Tatiana-Gutsu.jpg 480w, https:\/\/static-blogs.hoy.es\/wp-content\/uploads\/sites\/10\/2012\/07\/Tatiana-Gutsu-300x225.jpg 300w\" sizes=\"(max-width: 480px) 100vw, 480px\" \/><\/a><p id=\"caption-attachment-1101\" class=\"wp-caption-text\">La bella adolescente Tatiana Gutsu, quien adem\u00e1s gan\u00f3 un Oro en Barcelona, me ten\u00eda enamorado.<\/p><\/div>\n<p align=\"JUSTIFY\"><span style=\"color: #000080; font-size: medium;\">Hoy, 20 a\u00f1os despu\u00e9s, las ganas y la ilusi\u00f3n no son ni por asomo las mismas, ni la situaci\u00f3n, ni el momento, ni siquiera la oportunidad. Echar\u00e9 un vistazo desde el trabajo si los clientes me lo permiten, pero no creo que vuelva a emocionarme como con aquel emocionante &#8220;HOLA&#8221; , el n\u00famero del Mediterr\u00e1neo o el fascinante encendido con flecha de la antorcha ol\u00edmpica. No creo que sea solo cuesti\u00f3n de falta de tiempo la que me impida tumbarme a mis anchas en el sof\u00e1 como anta\u00f1o y disfrutar a diario de cada prueba. Salvo contadas excepciones como el baloncesto, apenas estoy al tanto de los deportistas (espa\u00f1oles y de los dem\u00e1s pa\u00edses) que acuden a los Juegos, y ni mucho menos espero poder encontrarme con las gimnastas Tatiana Gutsu y Kim Zmeskal que me ten\u00edan enamorado como a un quincea\u00f1ero en el que aun no me hab\u00eda convertido.<\/span><\/p>\n<a href=\"\/loch-lomond\/wp-content\/uploads\/sites\/10\/2012\/07\/Inauguraciones-4-Barcelona.jpg\"><img loading=\"lazy\" class=\"size-medium wp-image-1102\" title=\"Inauguraciones-4-Barcelona\" src=\"\/loch-lomond\/wp-content\/uploads\/sites\/10\/2012\/07\/Inauguraciones-4-Barcelona.jpg\" alt=\"El n\u00famero inaugural del \"Mediterraneo\", con esa escena mitol\u00f3gica de H\u00e9rcules separando los continentes, no ha sido superado.\" width=\"300\" height=\"224\" srcset=\"https:\/\/static-blogs.hoy.es\/wp-content\/uploads\/sites\/10\/2012\/07\/Inauguraciones-4-Barcelona.jpg 619w, https:\/\/static-blogs.hoy.es\/wp-content\/uploads\/sites\/10\/2012\/07\/Inauguraciones-4-Barcelona-300x225.jpg 300w\" sizes=\"(max-width: 300px) 100vw, 300px\" \/><\/a>\n<p><span style=\"color: #000080; font-size: medium;\">A\u00fan as\u00ed no puedo negar una especie de hormigueo. Una peque\u00f1a brizna de ilusi\u00f3n que me impulsa a sentir que despu\u00e9s de todo, una Olimpiada m\u00e1s, es algo digno de vivir sintiendo cada momento como el \u00faltimo, y que seguramente dejar\u00e1 grandes momentos para la historia que merecer\u00e1n ser evocados. De lo que estoy m\u00e1s que seguro, es que esas especies de hormigas que corretean por mi est\u00f3mago no son m\u00e1s que los restos del ni\u00f1o de ayer, que se resiste a abandonar definitivamente, cual inquilino moroso, lo m\u00e1s profundo del coraz\u00f3n del hombre de hoy.<\/span><\/p>\n<!-- AddThis Advanced Settings generic via filter on the_content --><!-- AddThis Share Buttons generic via filter on the_content -->","protected":false},"excerpt":{"rendered":"<p>25 de Julio de 2012, \u00a1Por fin arranca la Olimpiada\u00a0de Londres 2012! Se recuerda mucho en los \u00faltimos d\u00edas que son 20 los a\u00f1os que han pasado ya desde aquellos memorables Juegos Ol\u00edmpicos de Barcelona 92. No s\u00e9 donde estar\u00edan\u00a0ustedes o si se acuerdan o no, pero yo aun los\u00a0rememoro como si fuera ayer. Tal [&hellip;]<!-- AddThis Advanced Settings generic via filter on get_the_excerpt --><!-- AddThis Share Buttons generic via filter on get_the_excerpt --><\/p>\n","protected":false},"author":14,"featured_media":0,"comment_status":"open","ping_status":"closed","sticky":false,"template":"","format":"standard","meta":[],"categories":[2],"tags":[41,485,901,1187,1211,1363,1515,1651,1683,1792,1806,2236,2397,2456,2480,2537,2720,2797,2799,2836,2898,3103,3120,3414,3528,4391,4879,5201,5380],"_links":{"self":[{"href":"https:\/\/blogs.hoy.es\/loch-lomond\/wp-json\/wp\/v2\/posts\/1099"}],"collection":[{"href":"https:\/\/blogs.hoy.es\/loch-lomond\/wp-json\/wp\/v2\/posts"}],"about":[{"href":"https:\/\/blogs.hoy.es\/loch-lomond\/wp-json\/wp\/v2\/types\/post"}],"author":[{"embeddable":true,"href":"https:\/\/blogs.hoy.es\/loch-lomond\/wp-json\/wp\/v2\/users\/14"}],"replies":[{"embeddable":true,"href":"https:\/\/blogs.hoy.es\/loch-lomond\/wp-json\/wp\/v2\/comments?post=1099"}],"version-history":[{"count":0,"href":"https:\/\/blogs.hoy.es\/loch-lomond\/wp-json\/wp\/v2\/posts\/1099\/revisions"}],"wp:attachment":[{"href":"https:\/\/blogs.hoy.es\/loch-lomond\/wp-json\/wp\/v2\/media?parent=1099"}],"wp:term":[{"taxonomy":"category","embeddable":true,"href":"https:\/\/blogs.hoy.es\/loch-lomond\/wp-json\/wp\/v2\/categories?post=1099"},{"taxonomy":"post_tag","embeddable":true,"href":"https:\/\/blogs.hoy.es\/loch-lomond\/wp-json\/wp\/v2\/tags?post=1099"}],"curies":[{"name":"wp","href":"https:\/\/api.w.org\/{rel}","templated":true}]}}