{"id":1111,"date":"2012-07-31T23:12:52","date_gmt":"2012-07-31T22:12:52","guid":{"rendered":"http:\/\/blogs.hoy.es\/loch-lomond\/?p=1111"},"modified":"2012-07-31T23:12:52","modified_gmt":"2012-07-31T22:12:52","slug":"por-favor-tengo-hambre","status":"publish","type":"post","link":"https:\/\/blogs.hoy.es\/loch-lomond\/2012\/07\/31\/por-favor-tengo-hambre\/","title":{"rendered":"\u00a1Por favor&#8230; tengo hambre!"},"content":{"rendered":"<p>&nbsp;<\/p>\n<div id=\"attachment_1113\" style=\"width: 437px\" class=\"wp-caption aligncenter\"><a href=\"\/loch-lomond\/wp-content\/uploads\/sites\/10\/2012\/07\/mafalda-me-duele-el-alma.jpg\"><img aria-describedby=\"caption-attachment-1113\" loading=\"lazy\" class=\"size-full wp-image-1113\" title=\"mafalda-me-duele-el-alma\" src=\"\/loch-lomond\/wp-content\/uploads\/sites\/10\/2012\/07\/mafalda-me-duele-el-alma.jpg\" alt=\"Hoy me he acordado de esta vi\u00f1eta de Mafalda\" width=\"427\" height=\"500\" srcset=\"https:\/\/static-blogs.hoy.es\/wp-content\/uploads\/sites\/10\/2012\/07\/mafalda-me-duele-el-alma.jpg 427w, https:\/\/static-blogs.hoy.es\/wp-content\/uploads\/sites\/10\/2012\/07\/mafalda-me-duele-el-alma-256x300.jpg 256w\" sizes=\"(max-width: 427px) 100vw, 427px\" \/><\/a><p id=\"caption-attachment-1113\" class=\"wp-caption-text\">Hoy me he acordado de esta vi\u00f1eta de Mafalda<\/p><\/div>\n<p align=\"JUSTIFY\"><span style=\"color: #000000; font-size: medium;\"><strong>Ayer estaba muy contento<\/strong>. Tampoco como unas casta\u00f1uelas pero s\u00ed de buen humor. Quien suscribe tiene sus problemas como todos, y m\u00e1s a \u00faltimo de mes, pero <strong>uno siempre trata de burlar el pesimismo<\/strong> que nos invade \u00faltimamente <strong>disfraz\u00e1ndolo de optimismo<\/strong> y <strong>poniendo al mal tiempo buena cara<\/strong>. <\/span><\/p>\n<p align=\"JUSTIFY\">\n<p align=\"JUSTIFY\"><span style=\"color: #000000; font-size: medium;\">Adem\u00e1s <strong>acababa de estrenarme como tertuliano en la radio por la ma\u00f1ana<\/strong>, en el programa de <strong>Canal Extremadura<\/strong> &#8220;<strong><a title=\"El sol sale por el oeste\" href=\"http:\/\/www.canalextremadura.es\/alacarta\/radio\/audios\/el-sol-sale-por-el-oeste-1h-310712\" target=\"_blank\"><span style=\"color: #000000;\">El sol sale por el oeste<\/span><\/a>&#8221; <\/strong>y la verdad es que sent\u00eda buenas vibraciones.<\/span><\/p>\n<p>&nbsp;<\/p>\n<p align=\"JUSTIFY\"><span style=\"color: #000000;\">\u00a0<\/span><\/p>\n<div id=\"attachment_1114\" style=\"width: 390px\" class=\"wp-caption alignleft\"><a href=\"\/loch-lomond\/wp-content\/uploads\/sites\/10\/2012\/07\/mafalda2.jpg\"><img aria-describedby=\"caption-attachment-1114\" loading=\"lazy\" class=\"size-full wp-image-1114\" title=\"mafalda2\" src=\"\/loch-lomond\/wp-content\/uploads\/sites\/10\/2012\/07\/mafalda2.jpg\" alt=\"\u00a1Que paren el Planeta de los Simios que yo me apeo!\" width=\"380\" height=\"250\" srcset=\"https:\/\/static-blogs.hoy.es\/wp-content\/uploads\/sites\/10\/2012\/07\/mafalda2.jpg 380w, https:\/\/static-blogs.hoy.es\/wp-content\/uploads\/sites\/10\/2012\/07\/mafalda2-300x197.jpg 300w\" sizes=\"(max-width: 380px) 100vw, 380px\" \/><\/a><p id=\"caption-attachment-1114\" class=\"wp-caption-text\">\u00a1Que paren el Planeta de los Simios que yo me apeo!<\/p><\/div>\n<p>&nbsp;<\/p>\n<p align=\"JUSTIFY\"><span style=\"color: #000000; font-size: medium;\"><strong>Todo result\u00f3 muy divertido y el momento fue de lo m\u00e1s agradable<\/strong>. Ostento una experiencia m\u00e1s que discreta en <strong>radio<\/strong>, pero siempre en formato de <strong>entrevista<\/strong>, nunca colaborando en una <strong>tertulia<\/strong>. <\/span><\/p>\n<p align=\"JUSTIFY\">\n<p align=\"JUSTIFY\"><span style=\"color: #000000; font-size: medium;\">Lo pas\u00e9 realmente bien y me encontr\u00e9 muy c\u00f3modo, como si huera estado realizando labores de tertuliano toda mi vida por lo que repetir\u00e9 lo m\u00e1s seguro el martes que viene. <\/span><\/p>\n<p align=\"JUSTIFY\">\n<p align=\"JUSTIFY\"><span style=\"color: #000000; font-size: medium;\">Al llegar a casa me regal\u00e9 los sentidos con un <strong>arroz amarillo con pescado<\/strong> que me queda la mar de bien, con ese toquecito entre caldoso y seco que al menda tanto le gusta. <strong>La siesta reparadora y reconfortante<\/strong>, y antes de acudir al tajo una llamada del siempre <strong>excelente servicio de atenci\u00f3n al cliente de Citroen<\/strong>. Por lo visto la aver\u00eda no era para tanto, y me har\u00edan un buen descuento.<\/span><\/p>\n<p>&nbsp;<\/p>\n<div id=\"attachment_1115\" style=\"width: 510px\" class=\"wp-caption alignright\"><a href=\"\/loch-lomond\/wp-content\/uploads\/sites\/10\/2012\/07\/mafalda-mundo-enfermo.jpg\"><img aria-describedby=\"caption-attachment-1115\" loading=\"lazy\" class=\"size-full wp-image-1115\" title=\"mafalda mundo enfermo\" src=\"\/loch-lomond\/wp-content\/uploads\/sites\/10\/2012\/07\/mafalda-mundo-enfermo.jpg\" alt=\"Mafalda tiene raz\u00f3n... el mundo est\u00e1 enfermo\" width=\"500\" height=\"370\" srcset=\"https:\/\/static-blogs.hoy.es\/wp-content\/uploads\/sites\/10\/2012\/07\/mafalda-mundo-enfermo.jpg 500w, https:\/\/static-blogs.hoy.es\/wp-content\/uploads\/sites\/10\/2012\/07\/mafalda-mundo-enfermo-300x222.jpg 300w\" sizes=\"(max-width: 500px) 100vw, 500px\" \/><\/a><p id=\"caption-attachment-1115\" class=\"wp-caption-text\">Mafalda tiene raz\u00f3n... el mundo est\u00e1 enfermo<\/p><\/div>\n<p class=\"wp-caption-dd\">\n<p align=\"JUSTIFY\"><span style=\"color: #000000; font-size: medium;\">Fue <strong>en los aleda\u00f1os de mi trabajo<\/strong>, en el <strong>Gran Hotel Casino de Extremadura<\/strong> donde me top\u00e9 con \u00e9l. Ya lo conoc\u00eda de vista. <\/span><\/p>\n<p align=\"JUSTIFY\">\n<p align=\"JUSTIFY\"><span style=\"color: #000000; font-size: medium;\">Desde hace unos cuantos a\u00f1os aparece y desaparece por temporadas, y aparca coches, o ayuda a aparcarlos, o cualquier cosa a la que se dediquen estos denominados &#8220;<strong>gorrillas<\/strong>&#8220;.<\/span><\/p>\n<p align=\"JUSTIFY\">\n<p align=\"JUSTIFY\"><span style=\"color: #000000; font-size: medium;\">Este particularmente <strong>no tiene mala sangre<\/strong>. A mi personalmente me cae bien. Incluso <strong>nos saluda con un &#8220;buenas tardes&#8221;<\/strong> o un gesto amigable con la mano a los trabajadores del complejo. <\/span><\/p>\n<p align=\"JUSTIFY\">\n<p align=\"JUSTIFY\"><span style=\"color: #000000; font-size: medium;\"><strong>Es el tipo de hombre que sabes que no te dar\u00e1 problemas<\/strong> nada m\u00e1s mirarlo de frente a los ojos. <strong>Pero ayer se me acerc\u00f3<\/strong>. <strong>Nunca me hab\u00eda pedido dinero y tampoco lo hizo en esta ocasi\u00f3n<\/strong>. Me mir\u00f3 a los ojos, con la m\u00e1s triste de las miradas y m\u00e1s que hablarme me implor\u00f3:<\/span><\/p>\n<p align=\"JUSTIFY\">\n<p align=\"JUSTIFY\"><span style=\"color: #000000; font-size: medium;\">\u00a0&#8220;<strong>Por favor<\/strong>&#8221; \u2013 suplicaba \u2013 &#8220;\u00a1<strong>Tengo hambre<\/strong>! \u00a1<strong>C\u00f3mprame un bocadillo<\/strong>! \u00a1<strong>Tengo 43 a\u00f1os, no voy a volver a ped\u00edrtelo en la vida, pero por favor\u2026 tengo mucha hambre<\/strong>!&#8221;. <\/span><\/p>\n<p align=\"JUSTIFY\">\n<p align=\"JUSTIFY\"><span style=\"color: #000000; font-size: medium;\">S\u00e9 que <strong>cualquiera pensar\u00e1 que es una burda excusa para sacar dinero<\/strong>, que es un truco muy viejo ese de dar pena aludiendo al <strong>hambre<\/strong> para procurarse <strong>alcohol, tabaco u otro tipo de drogas<\/strong>, pero <strong>les aseguro que hab\u00eda algo en aquella mirada y esa voz que me parti\u00f3 el alma y me maldije a m\u00ed mismo por no llevar dinero y no poder comprarle ese bocadillo<\/strong>, que <strong>si bien no hubiera limpiado mi conciencia, al menos me habr\u00eda permitido pasar una noche tranquila<\/strong>, sin darles vueltas a la cabeza a esas frases que no se evaporar\u00e1n f\u00e1cilmente de mis peores pesadillas: &#8220;\u00a1<strong>Por favor\u2026 tengo hambre<\/strong>!&#8221;<\/span><\/p>\n<p>&nbsp;<\/p>\n<p>&nbsp;<\/p>\n<!-- AddThis Advanced Settings generic via filter on the_content --><!-- AddThis Share Buttons generic via filter on the_content -->","protected":false},"excerpt":{"rendered":"<p>&nbsp; Ayer estaba muy contento. Tampoco como unas casta\u00f1uelas pero s\u00ed de buen humor. Quien suscribe tiene sus problemas como todos, y m\u00e1s a \u00faltimo de mes, pero uno siempre trata de burlar el pesimismo que nos invade \u00faltimamente disfraz\u00e1ndolo de optimismo y poniendo al mal tiempo buena cara. Adem\u00e1s acababa de estrenarme como tertuliano [&hellip;]<!-- AddThis Advanced Settings generic via filter on get_the_excerpt --><!-- AddThis Share Buttons generic via filter on get_the_excerpt --><\/p>\n","protected":false},"author":14,"featured_media":0,"comment_status":"open","ping_status":"closed","sticky":false,"template":"","format":"standard","meta":[],"categories":[2],"tags":[181,312,588,758,1006,1458,1550,1714,1806,2308,2324,2382,4030,4150,4226,4670,4846,4935],"_links":{"self":[{"href":"https:\/\/blogs.hoy.es\/loch-lomond\/wp-json\/wp\/v2\/posts\/1111"}],"collection":[{"href":"https:\/\/blogs.hoy.es\/loch-lomond\/wp-json\/wp\/v2\/posts"}],"about":[{"href":"https:\/\/blogs.hoy.es\/loch-lomond\/wp-json\/wp\/v2\/types\/post"}],"author":[{"embeddable":true,"href":"https:\/\/blogs.hoy.es\/loch-lomond\/wp-json\/wp\/v2\/users\/14"}],"replies":[{"embeddable":true,"href":"https:\/\/blogs.hoy.es\/loch-lomond\/wp-json\/wp\/v2\/comments?post=1111"}],"version-history":[{"count":0,"href":"https:\/\/blogs.hoy.es\/loch-lomond\/wp-json\/wp\/v2\/posts\/1111\/revisions"}],"wp:attachment":[{"href":"https:\/\/blogs.hoy.es\/loch-lomond\/wp-json\/wp\/v2\/media?parent=1111"}],"wp:term":[{"taxonomy":"category","embeddable":true,"href":"https:\/\/blogs.hoy.es\/loch-lomond\/wp-json\/wp\/v2\/categories?post=1111"},{"taxonomy":"post_tag","embeddable":true,"href":"https:\/\/blogs.hoy.es\/loch-lomond\/wp-json\/wp\/v2\/tags?post=1111"}],"curies":[{"name":"wp","href":"https:\/\/api.w.org\/{rel}","templated":true}]}}